{"id":23016,"date":"2015-01-21T09:17:12","date_gmt":"2015-01-21T12:17:12","guid":{"rendered":"http:\/\/argentinamunicipal.com.ar\/argentina\/?p=23016"},"modified":"2015-01-21T09:17:12","modified_gmt":"2015-01-21T12:17:12","slug":"declararan-emergencia-agropecuaria-en-varios-departamentos-santafesinos","status":"publish","type":"post","link":"http:\/\/argentinamunicipal.com.ar\/argentina\/declararan-emergencia-agropecuaria-en-varios-departamentos-santafesinos\/","title":{"rendered":"Declarar\u00e1n emergencia agropecuaria en varios departamentos santafesinos"},"content":{"rendered":"<p><a href=\"http:\/\/argentinamunicipal.com.ar\/argentina\/wp-content\/uploads\/2015\/01\/159562_santafe.jpg\"><img loading=\"lazy\" decoding=\"async\" class=\"aligncenter size-full wp-image-23017\" src=\"http:\/\/argentinamunicipal.com.ar\/argentina\/wp-content\/uploads\/2015\/01\/159562_santafe.jpg\" alt=\"159562_santafe\" width=\"624\" height=\"363\" srcset=\"http:\/\/argentinamunicipal.com.ar\/argentina\/wp-content\/uploads\/2015\/01\/159562_santafe.jpg 624w, http:\/\/argentinamunicipal.com.ar\/argentina\/wp-content\/uploads\/2015\/01\/159562_santafe-300x174.jpg 300w\" sizes=\"auto, (max-width: 624px) 100vw, 624px\" \/><\/a><br \/>\nLa Comisi\u00f3n de Emergencia lo solicit\u00f3 al gobernador. La medida alcanza a Vera, General Obligado, San Javier, Garay y, parcialmente, a San Justo, San Crist\u00f3bal, 9 de Julio y Castellanos.<\/p>\n<p>Tras la reuni\u00f3n de la Comisi\u00f3n de Emergencia Agropecuaria realizada ayer se determin\u00f3 solicitarle al gobernador de la provincia, Antonio Bonfatti, la declaraci\u00f3n de emergencia y desastre en varios departamentos.<\/p>\n<p>La medida alcanza en su totalidad a Vera, General Obligado, San Javier y Garay y, parcialmente, a San Justo, San Crist\u00f3bal, 9 de Julio y Castellanos.<\/p>\n<p>Luego de la confirmaci\u00f3n de la noticia, el ministro de la Producci\u00f3n de la provincia, Carlos Fascendini, indic\u00f3 al diario Uno que aproximadamente \u00aben un t\u00e9rmino de 10 d\u00edas deber\u00eda estar firmada la solicitud\u00bb, siempre y cuando \u00abse cumplan todos los pasos y presentaci\u00f3n de informes que se necesitan de los organismos del Estado\u00bb.<\/p>\n<p>De esta manera el ministro adelant\u00f3 que tras la firma del gobernador, \u00abse pondr\u00e1 en marcha el mecanismo, a lo cual pueden agregarse los otros distritos en la medida que las condiciones clim\u00e1ticas no mejoren\u00bb.<\/p>\n<p>El per\u00edodo comprendido para la declaraci\u00f3n de emergencia es desde el 1\u00ba de enero al 30 de junio de 2015.<\/p>\n<p>Medidas que habilita.\u00a0En este sentido Fascendini precis\u00f3 que la declaraci\u00f3n \u00abhabilita la postergaci\u00f3n de los pagos de impuesto inmobiliario a nivel provincial y tambi\u00e9n la condonaci\u00f3n si se trata de desastre\u00bb. Y resalt\u00f3: \u00abPero fundamentalmente nos permite solicitar la condonaci\u00f3n en la Naci\u00f3n, una vez homologado esto, significa que hay los mismos beneficios en el plano impositivo nacional y eso es muy importante porque estos son mucho m\u00e1s gravosos y afectan muy fuerte a la producci\u00f3n\u00bb.<\/p>\n<p>Asimismo explic\u00f3 que \u00abtambi\u00e9n habilita a gestionar en la Naci\u00f3n los fondos de emergencias que est\u00e1n en el presupuesto y tramitar todo lo que tenga que ver con las situaciones crediticias que los productores van a licitar, como sus pr\u00f3rrogas en los cr\u00e9ditos, y tambi\u00e9n la asignaci\u00f3n de nuevas partidas\u00bb.<\/p>\n<p>Distritos afectados. La declaraci\u00f3n de emergencia alcanza a algunos distritos de los departamentos afectados en forma parcial. En el caso del departamento 9 de Julio, los distritos afectados a la emergencia son Esteban Rams y Villa Minetti; del departamento San Justo: Vera y Pintado, G\u00f3mez Cello, La Camila, La Criolla y Crespo; del departamento Castellanos: San Vicente, Ang\u00e9lica, Frontera, Josefina, Colonia Cello, Santa Clara de Saguier, Estaci\u00f3n Clucellas, Bauer y Sigel, Coronel Fraga, Pueblo Marini, Ramona, Vila, San Antonio, Castellanos, Presidente Roca, Zen\u00f3n Pereyra, Esmeralda, Eustolia, San Vicente y Mar\u00eda Juana, y del departamento San Crist\u00f3bal: Las Avispas, Ambrosetti, Aguar\u00e1 Grande, San Crist\u00f3bal, Villa Saralegui, Capivara, Huanqueros, La Clara, Curupait\u00ed y Monigotes.<\/p>\n<p>Preocupa la infraestructura. Fascendini detall\u00f3 que durante la reuni\u00f3n de la Comisi\u00f3n de Emergencia se hicieron pedidos en materia de infraestructura. \u00abSe manifest\u00f3 la necesidad de apoyo para recuperar caminos, como as\u00ed el pedido de trabajar en forma coordinada con los equipos del Ministerio de Aguas sobre todo lo que tiene que ver con la Secretar\u00eda de Asuntos H\u00eddricos. Tambi\u00e9n hubo algunos reclamos sobre mantenimiento de l\u00edneas el\u00e9ctricas a la Empresa Provincial de Energ\u00eda\u00bb.<\/p>\n<p>Al respecto el funcionario indic\u00f3 que \u00abtodo va a ser relevado, para comenzar a trabajar sobre prioridades y as\u00ed ir recomponiendo por cada uno de los ministerios que tienen a cargo esta tarea\u00bb. Y record\u00f3 la importancia de \u00abla transitabilidad y la comunicaci\u00f3n, para poder recuperar la producci\u00f3n en aquellos lugares donde hoy se podr\u00eda haber realizado el trabajo y no se puede llegar porque hay alg\u00fan camino que lo impide\u00bb.<\/p>\n<p>La comisi\u00f3n sesion\u00f3 en la cartera productiva y asistieron tambi\u00e9n el secretario del Sistema H\u00eddrico, Forestal y Minero, Roberto Ti\u00f3n; del director Provincial de Desarrollo Territorial, Sergio Casado; y de representantes de distintas \u00e1reas de Gobierno, integrantes de las comisiones de Agricultura y Ganader\u00eda de ambas C\u00e1maras, los senadores de los departamentos involucrados y delegados de cada una de las entidades vinculadas a la actividad agropecuaria de la provincia, Inta y Senasa.<\/p>\n<p><strong>La ruta 34, cortada por las aguas<\/strong><\/p>\n<p>Al cierre de la edici\u00f3n la ruta 34 segu\u00eda totalmente cortada a la circulaci\u00f3n por acumulaci\u00f3n de agua sobre la calzada entre los kil\u00f3metros 84 y 85, es decir en inmediaciones del acceso a San Genaro y en el tramo a Totoras.<\/p>\n<p>Por ello, inform\u00f3 la Agencia Provincial de Seguridad Vial que se implement\u00f3 un desv\u00edo de tr\u00e1nsito en sentido norte-sur, a trav\u00e9s de ruta provincial 64 y las rutas 10 y 80 para tomar la autopista Rosario-Santa Fe a la altura de Arocena. En sentido inverso se puede bifurcar en la ruta 91, o tomar el desv\u00edo en sentido inverso.<\/p>\n<p>Las aguas son producto de las lluvias que han ocurrido en el este de la provincia de C\u00f3rdoba y que han derivado hacia Santa Fe y que luego suelen desembocar en el r\u00edo Paran\u00e1. Desde Vialidad provincial pidieron circular con precauci\u00f3n y respetar las indicaciones del personal policial.<\/p>\n<p>Adem\u00e1s de los inconvenientes de las aguas, la ruta 34 ayer estuvo cortada por varias horas en el kil\u00f3metro 326, a la altura de Arruf\u00f3, por el vuelco de un cami\u00f3n de lacteos que mordi\u00f3 la banquina.<\/p>\n<h6>Fuente: La Capital, Rosario<\/h6>\n","protected":false},"excerpt":{"rendered":"<p>La Comisi\u00f3n de Emergencia lo solicit\u00f3 al gobernador. La medida alcanza a Vera, General Obligado, San Javier, Garay y, parcialmente, a San Justo, San Crist\u00f3bal, 9 de Julio y Castellanos. Tras la reuni\u00f3n de la Comisi\u00f3n de Emergencia Agropecuaria realizada ayer se determin\u00f3 solicitarle al gobernador de la provincia, Antonio Bonfatti, la declaraci\u00f3n de emergencia<\/p>\n","protected":false},"author":2,"featured_media":23017,"comment_status":"closed","ping_status":"closed","sticky":false,"template":"","format":"standard","meta":{"footnotes":""},"categories":[48],"tags":[10],"class_list":["post-23016","post","type-post","status-publish","format-standard","has-post-thumbnail","hentry","category-contingencias","tag-santa-fe"],"_links":{"self":[{"href":"http:\/\/argentinamunicipal.com.ar\/argentina\/wp-json\/wp\/v2\/posts\/23016","targetHints":{"allow":["GET"]}}],"collection":[{"href":"http:\/\/argentinamunicipal.com.ar\/argentina\/wp-json\/wp\/v2\/posts"}],"about":[{"href":"http:\/\/argentinamunicipal.com.ar\/argentina\/wp-json\/wp\/v2\/types\/post"}],"author":[{"embeddable":true,"href":"http:\/\/argentinamunicipal.com.ar\/argentina\/wp-json\/wp\/v2\/users\/2"}],"replies":[{"embeddable":true,"href":"http:\/\/argentinamunicipal.com.ar\/argentina\/wp-json\/wp\/v2\/comments?post=23016"}],"version-history":[{"count":0,"href":"http:\/\/argentinamunicipal.com.ar\/argentina\/wp-json\/wp\/v2\/posts\/23016\/revisions"}],"wp:featuredmedia":[{"embeddable":true,"href":"http:\/\/argentinamunicipal.com.ar\/argentina\/wp-json\/wp\/v2\/media\/23017"}],"wp:attachment":[{"href":"http:\/\/argentinamunicipal.com.ar\/argentina\/wp-json\/wp\/v2\/media?parent=23016"}],"wp:term":[{"taxonomy":"category","embeddable":true,"href":"http:\/\/argentinamunicipal.com.ar\/argentina\/wp-json\/wp\/v2\/categories?post=23016"},{"taxonomy":"post_tag","embeddable":true,"href":"http:\/\/argentinamunicipal.com.ar\/argentina\/wp-json\/wp\/v2\/tags?post=23016"}],"curies":[{"name":"wp","href":"https:\/\/api.w.org\/{rel}","templated":true}]}}