{"id":23022,"date":"2015-01-21T09:25:33","date_gmt":"2015-01-21T12:25:33","guid":{"rendered":"http:\/\/argentinamunicipal.com.ar\/argentina\/?p=23022"},"modified":"2015-01-21T09:25:33","modified_gmt":"2015-01-21T12:25:33","slug":"reunion-de-trabajo-entre-funcionarios-y-santa-fe-en-bici","status":"publish","type":"post","link":"http:\/\/argentinamunicipal.com.ar\/argentina\/reunion-de-trabajo-entre-funcionarios-y-santa-fe-en-bici\/","title":{"rendered":"Reuni\u00f3n de trabajo entre funcionarios y \u00abSanta Fe en Bici\u00bb"},"content":{"rendered":"<p><a href=\"http:\/\/argentinamunicipal.com.ar\/argentina\/wp-content\/uploads\/2015\/01\/BICISENDAS.jpg\"><img loading=\"lazy\" decoding=\"async\" class=\"aligncenter  wp-image-23023\" src=\"http:\/\/argentinamunicipal.com.ar\/argentina\/wp-content\/uploads\/2015\/01\/BICISENDAS.jpg\" alt=\"BICISENDAS\" width=\"613\" height=\"460\" srcset=\"http:\/\/argentinamunicipal.com.ar\/argentina\/wp-content\/uploads\/2015\/01\/BICISENDAS.jpg 960w, http:\/\/argentinamunicipal.com.ar\/argentina\/wp-content\/uploads\/2015\/01\/BICISENDAS-300x225.jpg 300w\" sizes=\"auto, (max-width: 613px) 100vw, 613px\" \/><\/a><\/p>\n<p>El encuentro se desarroll\u00f3 esta tarde en las oficinas de la Secretar\u00eda de Planeamiento Urbano, y sirvi\u00f3 para informar sobre las obras que se van a llevar adelante en el proyecto de la bicisenda que atraviesa diferentes calles de barrio Candioti.<\/p>\n<p>Esta tarde, las oficinas de la Secretar\u00eda de Planeamiento Urbano del Gobierno de la Ciudad, se llev\u00f3 a cabo una reuni\u00f3n entre funcionarios locales e integrantes del grupo \u00abSanta Fe en Bici\u00bb. En el encuentro se brindaron detalles de la ejecuci\u00f3n del proyecto de ciclov\u00edas en barrio Candioti Sur, de acuerdo a la ordenanza 12128.<\/p>\n<p>Cabe destacar que con esta nueva etapa de bicisendas, a la red existente se le anexan aproximadamente 3,5 kil\u00f3metros de recorrido. Como se recordar\u00e1, a ra\u00edz de un proyecto elevado por el Ejecutivo, los concejales aprobaron la demarcaci\u00f3n de bicisendas en la calzada de las siguientes calles y tramos: Ituzaing\u00f3 entre San Luis y V\u00e9lez Sarsfield, sobre la margen izquierda; Gobernador Candioti entre V\u00e9lez Sarsfield y Marcial Candioti, sobre la margen izquierda; cantero central de calle V\u00e9lez Sarsfield entre Gobernador Candioti y Bulevar G\u00e1lvez, y Marcial Candioti entre Ituzaing\u00f3 y Avenida Alem.<\/p>\n<p>Adem\u00e1s, en la ordenanza mencionada qued\u00f3 autorizado el estacionamiento vehicular en paralelo junto al cord\u00f3n izquierdo de varias calles que componen el barrio Candioti Sur.<\/p>\n<p>Adem\u00e1s de repasar los puntos que fueron sancionadas a trav\u00e9s de la ordenanza 12128, la reuni\u00f3n abord\u00f3 otras cuestiones importantes que mejoran la ejecuci\u00f3n de las bicisendas.<\/p>\n<p>Del encuentro participaron los secretarios de Planeamiento Urbano, Eduardo Navarro; y de Obras P\u00fablicas, Roberto Porta. \u00abLa reuni\u00f3n fue productiva porque hubo intercambio de pareceres, porque se les pudo dar respuesta a sus preguntas y adem\u00e1s se aclar\u00f3 que la obra est\u00e1 detenida, m\u00e1s all\u00e1 que fueron pintadas las bicisendas: todav\u00eda hay que hacer un trabajo de bacheo para que queden bien niveladas las trazas que ser\u00e1n usadas por los ciclistas\u00bb.<\/p>\n<p>El funcionario se\u00f1al\u00f3 que el equipo de trabajo del Municipio \u00abse nutre\u00bb tambi\u00e9n de la experiencia del grupo \u00abSanta Fe en Bici\u00bb: \u00abEllos est\u00e1n involucrados con la realidad del ciclista de una manera muy importante, y es por eso que podemos ir construyendo un di\u00e1logo que nos hace progresar en el tema de las obras\u00bb.<\/p>\n<h3>Ciclov\u00eda en Blas Parera<\/h3>\n<p>Por otra parte, la reuni\u00f3n tambi\u00e9n sirvi\u00f3 para que los funcionarios del Gobierno de la Ciudad expongan en detalles la construcci\u00f3n de la bicisenda que tendr\u00e1 la renovada avenida Blas Parera. \u00abSobre ese tema le hemos mostrado im\u00e1genes del proyecto, y una vez m\u00e1s destacamos que el rol del ciclista en la movilidad urbana para nosotros es fundamental, junto al transporte p\u00fablico forman parte de la espina dorsal de la movilidad p\u00fablica, y es una movilidad saludable, sana y silenciosa\u00bb.<\/p>\n<p>Las tareas en el denominado \u00abCorredor Metropolitano Norte &#8211; Refuncionalizaci\u00f3n de la Avda. Blas Parera\u00bb -que ser\u00e1n licitadas el pr\u00f3ximo 23 de febrero- consisten en la reformulaci\u00f3n total de los 5,7 kil\u00f3metros de avenida Blas Parera, que van entre Teniente Loza y Fray Cayetano Rodr\u00edguez. Los trabajos permitir\u00e1n la concreci\u00f3n de un carril exclusivo para pasajeros del transporte urbano y metropolitano, en ambos sentidos de circulaci\u00f3n. Simult\u00e1neamente, el proyecto involucra el desarrollo de una ciclov\u00eda de doble sentido de circulaci\u00f3n a ubicarse sobre la vereda oeste.<\/p>\n<h3>Conformes<\/h3>\n<p>Mariana Salvador, en representaci\u00f3n del grupo \u00abSanta Fe en Bici\u00bb, remarc\u00f3 que funcionan asistieron con inquietud por las marcas que se efectuaron en el trazado, \u00abpero ahora nos llevamos una respuesta al respecto que nos satisface\u00bb. Y agreg\u00f3: \u00abEstamos conformes porque los trabajos que van a realizar responder\u00edan a lo que nosotros hab\u00edamos conversado y que luego sali\u00f3 por ordenanza\u00bb. Entre los trabajos a realizar y pedidos especiales que hicieron los representantes de los ciclistas, sugirieron poner \u00abmenos tachas refractarias para que no se transforme en un obst\u00e1culo para el ciclista\u00bb.<\/p>\n<p>\u00abLa idea es que nos podamos seguir nutriendo rec\u00edprocamente de todos estos conocimientos que le planteamos al Municipio\u00bb, se\u00f1al\u00f3 Mariana Salvador.<\/p>\n<h6>Fuente: Sin Mordaza<\/h6>\n","protected":false},"excerpt":{"rendered":"<p>El encuentro se desarroll\u00f3 esta tarde en las oficinas de la Secretar\u00eda de Planeamiento Urbano, y sirvi\u00f3 para informar sobre las obras que se van a llevar adelante en el proyecto de la bicisenda que atraviesa diferentes calles de barrio Candioti. Esta tarde, las oficinas de la Secretar\u00eda de Planeamiento Urbano del Gobierno de la<\/p>\n","protected":false},"author":2,"featured_media":23023,"comment_status":"closed","ping_status":"closed","sticky":false,"template":"","format":"standard","meta":{"footnotes":""},"categories":[2],"tags":[10],"class_list":["post-23022","post","type-post","status-publish","format-standard","has-post-thumbnail","hentry","category-informe-municipal","tag-santa-fe"],"_links":{"self":[{"href":"http:\/\/argentinamunicipal.com.ar\/argentina\/wp-json\/wp\/v2\/posts\/23022","targetHints":{"allow":["GET"]}}],"collection":[{"href":"http:\/\/argentinamunicipal.com.ar\/argentina\/wp-json\/wp\/v2\/posts"}],"about":[{"href":"http:\/\/argentinamunicipal.com.ar\/argentina\/wp-json\/wp\/v2\/types\/post"}],"author":[{"embeddable":true,"href":"http:\/\/argentinamunicipal.com.ar\/argentina\/wp-json\/wp\/v2\/users\/2"}],"replies":[{"embeddable":true,"href":"http:\/\/argentinamunicipal.com.ar\/argentina\/wp-json\/wp\/v2\/comments?post=23022"}],"version-history":[{"count":0,"href":"http:\/\/argentinamunicipal.com.ar\/argentina\/wp-json\/wp\/v2\/posts\/23022\/revisions"}],"wp:featuredmedia":[{"embeddable":true,"href":"http:\/\/argentinamunicipal.com.ar\/argentina\/wp-json\/wp\/v2\/media\/23023"}],"wp:attachment":[{"href":"http:\/\/argentinamunicipal.com.ar\/argentina\/wp-json\/wp\/v2\/media?parent=23022"}],"wp:term":[{"taxonomy":"category","embeddable":true,"href":"http:\/\/argentinamunicipal.com.ar\/argentina\/wp-json\/wp\/v2\/categories?post=23022"},{"taxonomy":"post_tag","embeddable":true,"href":"http:\/\/argentinamunicipal.com.ar\/argentina\/wp-json\/wp\/v2\/tags?post=23022"}],"curies":[{"name":"wp","href":"https:\/\/api.w.org\/{rel}","templated":true}]}}