{"id":23040,"date":"2015-01-21T09:58:57","date_gmt":"2015-01-21T12:58:57","guid":{"rendered":"http:\/\/argentinamunicipal.com.ar\/argentina\/?p=23040"},"modified":"2015-01-21T09:58:57","modified_gmt":"2015-01-21T12:58:57","slug":"evo-morales-sera-investido-como-lider-de-los-pueblos-indigenas","status":"publish","type":"post","link":"http:\/\/argentinamunicipal.com.ar\/argentina\/evo-morales-sera-investido-como-lider-de-los-pueblos-indigenas\/","title":{"rendered":"Evo Morales ser\u00e1 investido como l\u00edder de los pueblos ind\u00edgenas"},"content":{"rendered":"<p><a href=\"http:\/\/argentinamunicipal.com.ar\/argentina\/wp-content\/uploads\/2015\/01\/evo_morales_ungido_como_lder_indgena.jpg\"><img loading=\"lazy\" decoding=\"async\" class=\"aligncenter  wp-image-23041\" src=\"http:\/\/argentinamunicipal.com.ar\/argentina\/wp-content\/uploads\/2015\/01\/evo_morales_ungido_como_lder_indgena.jpg\" alt=\"evo_morales_ungido_como_lder_indgena\" width=\"622\" height=\"440\" srcset=\"http:\/\/argentinamunicipal.com.ar\/argentina\/wp-content\/uploads\/2015\/01\/evo_morales_ungido_como_lder_indgena.jpg 800w, http:\/\/argentinamunicipal.com.ar\/argentina\/wp-content\/uploads\/2015\/01\/evo_morales_ungido_como_lder_indgena-300x212.jpg 300w\" sizes=\"auto, (max-width: 622px) 100vw, 622px\" \/><\/a><br \/>\nEl presidente de Bolivia, que el pr\u00f3ximo jueves iniciar\u00e1 su tercer mandato consecutivo, ser\u00e1 investido ma\u00f1ana como l\u00edder de los pueblos ind\u00edgenas, tras ser sometido a un \u00abritual de limpieza\u00bb de todo aquello que le puede estar afectando emocionalmente, incluso en su trabajo.<\/p>\n<p>Los rituales se celebrar\u00e1n en la ciudadela prehisp\u00e1nica de Tiahuanaco, en v\u00edsperas del juramento de Morales en la Asamblea Legislativa para su tercer mandato consecutivo, hasta 2020.<\/p>\n<p>Ceremonias parecidas fueron realizadas en enero de 2006 y de 2010 en ese centro arqueol\u00f3gico, situado a 71 kil\u00f3metros de La Paz, para los primeros dos mandatos de Morales, aunque esta vez el traje tendr\u00e1 muchos m\u00e1s detalles de esa antigua cultura.<\/p>\n<p>Las explicaciones fueron dadas en una rueda de prensa por el diplom\u00e1tico Jorge Miranda; el dise\u00f1ador del traje, el artista aimara Dennys Ramos, y los funcionarios Cancio Mamani y Marcelo Zaiduni.<\/p>\n<p>Los materiales y la confecci\u00f3n del atuendo, con una iconograf\u00eda repujada en oro, tiene un valor de m\u00e1s de 4.000 d\u00f3lares, en tanto que el costo del dise\u00f1o fue gratuito, seg\u00fan la explicaci\u00f3n oficial reproducida por la agencia EFE.<\/p>\n<p>A su llegada a Tiahuanaco, Morales ser\u00e1 objeto \u00abde una limpieza de todas las cosas que pueden estar afectando la salud, la parte emocional y la parte de trabajo del hermano Evo y de todo el Gobierno\u00bb, dijo Zaiduni.<\/p>\n<p>El gobernante despu\u00e9s ser\u00e1 vestido con un gorro ceremonial que llevar\u00e1 una figura del sol ba\u00f1ada en oro, copiada de la Puerta del Sol de Tiahuanaco, adem\u00e1s de un cetro y abarcas.<\/p>\n<p>La vestimenta est\u00e1 cargada de s\u00edmbolos que, seg\u00fan las fuentes, tienen como objetivo asegurar una buena gesti\u00f3n para Morales, que el jueves comienza su tercer mandato.<\/p>\n<p>Por ejemplo, las cuatro puntas del gorro atraer\u00e1n las energ\u00edas c\u00f3smicas y las figuras de la cabeza de un c\u00f3ndor con un cuerpo de puma representar\u00e1n la proyecci\u00f3n racional y su complementaci\u00f3n con lo emocional y el amor, seg\u00fan Miranda.<\/p>\n<p>A la investidura formal de Morales del jueves confirmaron su asistencia los presidentes de Ecuador, Rafael Correa; Paraguay, Horacio Cartes; Venezuela, Nicol\u00e1s Maduro; Brasil, Dilma Rousseff; y de Costa Rica, Luis Guillermo Sol\u00eds; mientras que el mandatario de Trinidad y Tobago, Anthony Carmona, ya est\u00e1 en La Paz.<\/p>\n<p>Por otro lado, el nuevo presidente del Senado boliviano, el periodista Jos\u00e9 Alberto \u00abGringo\u00bb Gonzales, y la titular de la C\u00e1mara baja, Gabriela Monta\u00f1o, ambos oficialistas, asumieron sus cargos en las reuniones previas a la sesi\u00f3n inaugural de la nueva legislatura, que ser\u00e1 el jueves.<\/p>\n<p>Por segundo d\u00eda consecutivo, los diputados y senadores tuvieron reuniones separadas en la ciudad sure\u00f1a de Sucre, la capital constitucional de Bolivia, en las que se tom\u00f3 juramento a las nuevas directivas de ambas c\u00e1maras.<\/p>\n<p>Gonzales convoc\u00f3 a los senadores a trabajar juntos \u00aben esta enorme responsabilidad de construcci\u00f3n de pa\u00eds donde la gente viva bien\u00bb, mientras que Monta\u00f1o expres\u00f3 su deseo de que la Asamblea Legislativa sea un espacio para el debate con altura, respeto y capacidad democr\u00e1tica.<\/p>\n<p>En las elecciones generales de octubre pasado, Morales fue reelegido con el 61,3% de los votos para un tercer mandato consecutivo hasta 2020 y su partido logr\u00f3 la mayor\u00eda en el Parlamento, con 25 de 36 esca\u00f1os en el Senado y 88 de 130 en la C\u00e1mara de Diputados.<\/p>\n<h6>Fuente: Tucum\u00e1n Hoy<\/h6>\n","protected":false},"excerpt":{"rendered":"<p>El presidente de Bolivia, que el pr\u00f3ximo jueves iniciar\u00e1 su tercer mandato consecutivo, ser\u00e1 investido ma\u00f1ana como l\u00edder de los pueblos ind\u00edgenas, tras ser sometido a un \u00abritual de limpieza\u00bb de todo aquello que le puede estar afectando emocionalmente, incluso en su trabajo. Los rituales se celebrar\u00e1n en la ciudadela prehisp\u00e1nica de Tiahuanaco, en v\u00edsperas<\/p>\n","protected":false},"author":2,"featured_media":23041,"comment_status":"closed","ping_status":"closed","sticky":false,"template":"","format":"standard","meta":{"footnotes":""},"categories":[22],"tags":[57],"class_list":["post-23040","post","type-post","status-publish","format-standard","has-post-thumbnail","hentry","category-el-mundo","tag-el-mundo"],"_links":{"self":[{"href":"http:\/\/argentinamunicipal.com.ar\/argentina\/wp-json\/wp\/v2\/posts\/23040","targetHints":{"allow":["GET"]}}],"collection":[{"href":"http:\/\/argentinamunicipal.com.ar\/argentina\/wp-json\/wp\/v2\/posts"}],"about":[{"href":"http:\/\/argentinamunicipal.com.ar\/argentina\/wp-json\/wp\/v2\/types\/post"}],"author":[{"embeddable":true,"href":"http:\/\/argentinamunicipal.com.ar\/argentina\/wp-json\/wp\/v2\/users\/2"}],"replies":[{"embeddable":true,"href":"http:\/\/argentinamunicipal.com.ar\/argentina\/wp-json\/wp\/v2\/comments?post=23040"}],"version-history":[{"count":0,"href":"http:\/\/argentinamunicipal.com.ar\/argentina\/wp-json\/wp\/v2\/posts\/23040\/revisions"}],"wp:featuredmedia":[{"embeddable":true,"href":"http:\/\/argentinamunicipal.com.ar\/argentina\/wp-json\/wp\/v2\/media\/23041"}],"wp:attachment":[{"href":"http:\/\/argentinamunicipal.com.ar\/argentina\/wp-json\/wp\/v2\/media?parent=23040"}],"wp:term":[{"taxonomy":"category","embeddable":true,"href":"http:\/\/argentinamunicipal.com.ar\/argentina\/wp-json\/wp\/v2\/categories?post=23040"},{"taxonomy":"post_tag","embeddable":true,"href":"http:\/\/argentinamunicipal.com.ar\/argentina\/wp-json\/wp\/v2\/tags?post=23040"}],"curies":[{"name":"wp","href":"https:\/\/api.w.org\/{rel}","templated":true}]}}