{"id":23116,"date":"2015-01-22T08:47:02","date_gmt":"2015-01-22T11:47:02","guid":{"rendered":"http:\/\/argentinamunicipal.com.ar\/argentina\/?p=23116"},"modified":"2015-01-22T08:47:02","modified_gmt":"2015-01-22T11:47:02","slug":"cuba-y-ee-uu-tuvieron-su-primera-cita","status":"publish","type":"post","link":"http:\/\/argentinamunicipal.com.ar\/argentina\/cuba-y-ee-uu-tuvieron-su-primera-cita\/","title":{"rendered":"Cuba y EE.UU. tuvieron su primera cita"},"content":{"rendered":"<p><a href=\"http:\/\/argentinamunicipal.com.ar\/argentina\/wp-content\/uploads\/2015\/01\/150121131042_boletin_cuba_banderas_640x360_ap_nocredit.jpg\"><img loading=\"lazy\" decoding=\"async\" class=\"aligncenter size-full wp-image-23117\" src=\"http:\/\/argentinamunicipal.com.ar\/argentina\/wp-content\/uploads\/2015\/01\/150121131042_boletin_cuba_banderas_640x360_ap_nocredit.jpg\" alt=\"150121131042_boletin_cuba_banderas_640x360_ap_nocredit\" width=\"640\" height=\"360\" srcset=\"http:\/\/argentinamunicipal.com.ar\/argentina\/wp-content\/uploads\/2015\/01\/150121131042_boletin_cuba_banderas_640x360_ap_nocredit.jpg 640w, http:\/\/argentinamunicipal.com.ar\/argentina\/wp-content\/uploads\/2015\/01\/150121131042_boletin_cuba_banderas_640x360_ap_nocredit-300x168.jpg 300w\" sizes=\"auto, (max-width: 640px) 100vw, 640px\" \/><\/a><br \/>\nEn su encuentro inaugural tras el deshielo diplom\u00e1tico, delegaciones de ambas partes resaltaron el clima constructivo y el respeto. Pero mantuvieron posturas dis\u00edmiles sobre temas migratorios. Hoy discutir\u00e1n la hoja de ruta de la normalizaci\u00f3n de las relaciones.<\/p>\n<p>Cuba y Estados Unidos iniciaron ayer sus primeras conversaciones oficiales en La Habana, tras el anuncio de su deshielo diplom\u00e1tico, con una reuni\u00f3n centrada en temas migratorios y que transcurri\u00f3, pese a discrepancias, bajo un clima \u201cconstructivo y de respeto\u201d, afirmaron ambas partes.<\/p>\n<p>\u201cLa naturaleza productiva y de colaboraci\u00f3n de las conversaciones de hoy (por ayer) prueba que, pese a que persisten claras diferencias, se pueden encontrar oportunidades para avanzar en intereses mutuos\u201d, se\u00f1al\u00f3 en rueda de prensa el subsecretario adjunto para Latinoam\u00e9rica, Alex Lee, quien encabez\u00f3 la delegaci\u00f3n estadounidense.<\/p>\n<p>Su contraparte cubana, la directora para Estados Unidos del Ministerio de Relaciones Exteriores (Minrex) de la isla, Josefina Vidal, tambi\u00e9n destac\u00f3 el \u201cdi\u00e1logo fluido y el esp\u00edritu constructivo\u201d de los contactos, aunque salieron a relucir viejas diferencias entre las partes en materia migratoria.<\/p>\n<p>\u201cCuba aspira a una relaci\u00f3n normal con Estados Unidos, en sentido amplio\u201d, reiter\u00f3 Vidal, quien volver\u00e1 a liderar hoy la delegaci\u00f3n cubana que debatir\u00e1 con negociadores estadounidenses la hoja de ruta de la normalizaci\u00f3n de lazos diplom\u00e1ticos.<\/p>\n<p>Del lado estadounidense ser\u00e1 la secretaria de Estado para Latinoam\u00e9rica, Roberta Jacobson, quien encabezar\u00e1 ese encuentro, en el que abordar\u00e1n la reapertura de sus respectivas embajadas en Washington y La Habana, cerradas en 1961 cuando rompieron relaciones.<\/p>\n<p>Jacobson, quien lleg\u00f3 ayer a La Habana en un vuelo comercial haciendo escala en Miami, es la funcionaria estadounidense de mayor rango que visita la Cuba castrista.<\/p>\n<h3>Divergencias persistentes<\/h3>\n<p>La primera reuni\u00f3n celebrada ayer se enmarca dentro de las rondas de di\u00e1logo migratorio que ambos pa\u00edses mantienen desde hace a\u00f1os y que hasta ahora era su principal foro bilateral de intercambios. All\u00ed brotaron de nuevo las ya conocidas diferencias sobre la pol\u00edtica migratoria de Estados Unidos hacia la isla.<\/p>\n<p>Cuba reiter\u00f3 su demanda para derogar la Ley de Ajuste, vigente desde 1966, que privilegia a los cubanos que llegan a Estados Unidos al otorgarles la residencia un a\u00f1o despu\u00e9s.<\/p>\n<p>Tambi\u00e9n critic\u00f3 su pol\u00edtica de \u201cpies secos, pies mojados\u201d, que permite quedarse legalmente en el pa\u00eds a los que llegan a tierra, mientras que los cubanos interceptados en el mar son devueltos a la isla.<\/p>\n<p>La representante cubana explic\u00f3 que esa ley confiere a los cubanos un \u201ctrato preferencial, exclusivo y \u00fanico\u201d a la hora de regular su situaci\u00f3n en Estados Unidos y es el \u201cprincipal incentivo para la emigraci\u00f3n ilegal, el tr\u00e1fico de personas y el fraude de documentos\u201d.<\/p>\n<p>Sin embargo, el funcionario estadounidense subray\u00f3 el \u201ctotal compromiso\u201d de su pa\u00eds con el respeto a la Ley de Ajuste y se\u00f1al\u00f3 que mantendr\u00e1n la pol\u00edtica de \u201cpies secos, pies mojados\u201d, algo que, seg\u00fan Vidal, \u201ccontradice el esp\u00edritu y la letra de los acuerdos migratorios\u201d, firmados en 1994, tras la \u201ccrisis de los balseros\u201d.<\/p>\n<p>Las dos partes destacaron su compromiso con el objetivo original de estos acuerdos, es decir, frenar las salidas clandestinas y lograr una emigraci\u00f3n \u201clegal, segura y ordenada\u201d.<\/p>\n<p>Cuba reconoci\u00f3 que Estados Unidos \u201cest\u00e1 cumpliendo con los acuerdos migratorios en lo referente al otorgamiento de no menos de 20 mil visas al a\u00f1o a emigrantes cubanos\u201d y que ha habido un incremento de las visas a cubanos para visitas temporales.<\/p>\n<p>A pesar de las diferencias, ambos pa\u00edses acordaron ampliar la cooperaci\u00f3n contra la emigraci\u00f3n ilegal y seguir manteniendo peri\u00f3dicamente reuniones t\u00e9cnicas como las que ya se han producido entre los servicios guardacostas de Estados Unidos y las tropas guardafronteras de Cuba.<\/p>\n<h3>Denuncian represi\u00f3n<\/h3>\n<p>Varios grupos del exilio cubano en Miami denunciaron ayer un aumento de la represi\u00f3n contra disidentes en la isla desde el acercamiento con Estados Unidos.<\/p>\n<h6>Fuente: La Voz del Interior<\/h6>\n","protected":false},"excerpt":{"rendered":"<p>En su encuentro inaugural tras el deshielo diplom\u00e1tico, delegaciones de ambas partes resaltaron el clima constructivo y el respeto. Pero mantuvieron posturas dis\u00edmiles sobre temas migratorios. Hoy discutir\u00e1n la hoja de ruta de la normalizaci\u00f3n de las relaciones. Cuba y Estados Unidos iniciaron ayer sus primeras conversaciones oficiales en La Habana, tras el anuncio de<\/p>\n","protected":false},"author":2,"featured_media":23117,"comment_status":"closed","ping_status":"closed","sticky":false,"template":"","format":"standard","meta":{"footnotes":""},"categories":[22],"tags":[57],"class_list":["post-23116","post","type-post","status-publish","format-standard","has-post-thumbnail","hentry","category-el-mundo","tag-el-mundo"],"_links":{"self":[{"href":"http:\/\/argentinamunicipal.com.ar\/argentina\/wp-json\/wp\/v2\/posts\/23116","targetHints":{"allow":["GET"]}}],"collection":[{"href":"http:\/\/argentinamunicipal.com.ar\/argentina\/wp-json\/wp\/v2\/posts"}],"about":[{"href":"http:\/\/argentinamunicipal.com.ar\/argentina\/wp-json\/wp\/v2\/types\/post"}],"author":[{"embeddable":true,"href":"http:\/\/argentinamunicipal.com.ar\/argentina\/wp-json\/wp\/v2\/users\/2"}],"replies":[{"embeddable":true,"href":"http:\/\/argentinamunicipal.com.ar\/argentina\/wp-json\/wp\/v2\/comments?post=23116"}],"version-history":[{"count":0,"href":"http:\/\/argentinamunicipal.com.ar\/argentina\/wp-json\/wp\/v2\/posts\/23116\/revisions"}],"wp:featuredmedia":[{"embeddable":true,"href":"http:\/\/argentinamunicipal.com.ar\/argentina\/wp-json\/wp\/v2\/media\/23117"}],"wp:attachment":[{"href":"http:\/\/argentinamunicipal.com.ar\/argentina\/wp-json\/wp\/v2\/media?parent=23116"}],"wp:term":[{"taxonomy":"category","embeddable":true,"href":"http:\/\/argentinamunicipal.com.ar\/argentina\/wp-json\/wp\/v2\/categories?post=23116"},{"taxonomy":"post_tag","embeddable":true,"href":"http:\/\/argentinamunicipal.com.ar\/argentina\/wp-json\/wp\/v2\/tags?post=23116"}],"curies":[{"name":"wp","href":"https:\/\/api.w.org\/{rel}","templated":true}]}}