{"id":23125,"date":"2015-01-22T09:00:27","date_gmt":"2015-01-22T12:00:27","guid":{"rendered":"http:\/\/argentinamunicipal.com.ar\/argentina\/?p=23125"},"modified":"2015-01-22T09:00:27","modified_gmt":"2015-01-22T12:00:27","slug":"inversion-millonaria-para-realizar-obras-energeticas-en-casilda","status":"publish","type":"post","link":"http:\/\/argentinamunicipal.com.ar\/argentina\/inversion-millonaria-para-realizar-obras-energeticas-en-casilda\/","title":{"rendered":"Inversi\u00f3n millonaria para realizar obras energ\u00e9ticas en Casilda"},"content":{"rendered":"<p><a href=\"http:\/\/argentinamunicipal.com.ar\/argentina\/wp-content\/uploads\/2015\/01\/casilda-y-sus-lapachos_527265.jpg\"><img loading=\"lazy\" decoding=\"async\" class=\"aligncenter  wp-image-23126\" src=\"http:\/\/argentinamunicipal.com.ar\/argentina\/wp-content\/uploads\/2015\/01\/casilda-y-sus-lapachos_527265.jpg\" alt=\"casilda-y-sus-lapachos_527265\" width=\"592\" height=\"444\" srcset=\"http:\/\/argentinamunicipal.com.ar\/argentina\/wp-content\/uploads\/2015\/01\/casilda-y-sus-lapachos_527265.jpg 980w, http:\/\/argentinamunicipal.com.ar\/argentina\/wp-content\/uploads\/2015\/01\/casilda-y-sus-lapachos_527265-300x225.jpg 300w\" sizes=\"auto, (max-width: 592px) 100vw, 592px\" \/><\/a><br \/>\nAdem\u00e1s se har\u00e1 la pavimentaci\u00f3n de 30 cuadras por un monto de otros 23 millones de pesos tambi\u00e9n con aportes de la Naci\u00f3n. El municipio firm\u00f3 un convenio con el Ministerio de Planificaci\u00f3n.<\/p>\n<p>El municipio de Casilda llevar\u00e1 adelante con fondos nacionales una fuerte inversi\u00f3n de 36,5 millones de pesos en materia de infraestructura el\u00e9ctrica que permitir\u00e1 mejorar la iluminaci\u00f3n de la ciudad y favorecer su desarrollo industrial y productivo. A ello se suma que la Intendencia habilit\u00f3 el proceso licitatorio para la ejecuci\u00f3n de 30 cuadras de pavimento por otros 23 millones de pesos que tambi\u00e9n aportar\u00e1 la Naci\u00f3n, lo que sumado supera los 59 millones de pesos.<\/p>\n<p>Las obras de provisi\u00f3n de energ\u00eda por 36,5 millones de pesos, para lo cual el municipio ya suscribi\u00f3 con el Ministerio de Planificaci\u00f3n Federal de la Naci\u00f3n un convenio marco, fueron detalladas ayer en un acto encabezado por el intendente Juan Carlos Bacalini y el secretario de Transporte de la Naci\u00f3n y precandidato a gobernador, Alejandro Ramos, quien estuvo acompa\u00f1ado por la senadora nacional, Roxana Latorre, y la diputada provincial, Erika Gonnet.<\/p>\n<p>Del monto total se destinar\u00e1 24 millones de pesos para la instalaci\u00f3n el\u00e9ctrica de una l\u00ednea de media tensi\u00f3n en los sectores C y D del populoso barrio Nueva Roma adem\u00e1s de la colocaci\u00f3n de 17 nuevos transformadores que permitir\u00e1n, en una segunda etapa, realizar un tendido de baja tensi\u00f3n con cable preensamblado.<\/p>\n<p>Lo planificado inicialmente no s\u00f3lo redundar\u00e1 en m\u00e1s potencia energ\u00e9tica en la zona urbana para aliviar l\u00edneas existentes, sino que allanar\u00e1 el camino para dotar de un mejor servicio de electricidad al \u00e1rea industrial local, ubicada a la vera de la ruta provincial 92.<\/p>\n<p>Y con los poco m\u00e1s de 12 millones de pesos restantes se har\u00e1 el recambio y la instalaci\u00f3n de nuevas luminarias en distintos bulevares de esta ciudad cabecera del departamento Caseros donde viven cerca de 40 mil habitantes. El municipio llamar\u00e1 en breve a licitaci\u00f3n para la adjudicaci\u00f3n de los trabajos que cuentan con el consentimiento de la Empresa Provincial de la Energ\u00eda (EPE) y, de no surgir inconvenientes, se pondr\u00edan en marcha entre marzo y abril para ser culminados antes de fin de a\u00f1o.<\/p>\n<p><strong>Pavimento.<\/strong> A ello se suma que la administraci\u00f3n local habilit\u00f3 el proceso licitatorio para ejecutar unas 30 cuadras de pavimento por un monto de 23 millones de pesos que tambi\u00e9n aportar\u00e1 la Naci\u00f3n, lo que sumado a lo ya descripto supera los 59 millones de pesos.<\/p>\n<p>\u00abLa concreci\u00f3n de estos proyectos redundar\u00e1n en una mejor calidad de vida\u00bb, dijo Bacalini tras agradecer y valorar la ayuda de la Naci\u00f3n y, en ese sentido, ponderar el papel que jug\u00f3 Ramos al \u00abatender nuestras necesidades y permitir traer recursos a Casilda para volcarlos en obras\u00bb, dijo.<\/p>\n<p>El mandatario local adem\u00e1s defini\u00f3 al ex intendente de Granadero Baigorria, devenido en funcionario nacional, como \u00abel hombre que abri\u00f3 las puertas para que el gobierno nacional contuviese a intendentes y jefes comunales que estaban alejados\u00bb.<\/p>\n<p>Y en ese marco resalt\u00f3 que gracias a su gesti\u00f3n \u00abhoy los casildenses tenemos la posibilidad de acceder a una inversi\u00f3n nunca vista en la ciudad para resolver problemas energ\u00e9ticos adem\u00e1s de hacer posibles otras iniciativas como, por ejemplo, la obra de refuerzo de gas para que m\u00e1s de 400 familias que antes no pod\u00edan hacerlo por falta de suministro ahora tengan la posibilidad de conectarse al servicio\u00bb. Adem\u00e1s puntualizo el rol protag\u00f3nico que tuvo el funcionario para la firma de un acuerdo suscripto el a\u00f1o pasado entre la Naci\u00f3n y un grupo de gobiernos locales para la ampliaci\u00f3n del gasoducto Regional Sur.<\/p>\n<p><strong>Invertir en obras<\/strong>. A su turno Ramos, quien fue declarado hu\u00e9sped de honor, reivindic\u00f3 la importancia que tiene para la Naci\u00f3n invertir en obras p\u00fablica en el interior del pa\u00eds porque \u00abse traduce en producci\u00f3n, trabajo y calidad de vida para las comunidades que contribuyen al crecimiento de la Argentina y merecen del acompa\u00f1amiento y apoyo del Estado nacional para mejorar las condiciones y sus potencialidades\u00bb.<\/p>\n<p>Y en marco fustig\u00f3 al gobierno provincial al sostener que \u00abes el que menos invierte en infraestructura, lo que limita el desarrollo y hasta afecta los altos niveles de inseguridad que sufre nuestro territorio santafesino\u00bb.<\/p>\n<p>Y ya con el traje puesto de precandidato a gobernador dijo que su proyecto pol\u00edtico \u00abgarantiza a los santafesinos una alternativa de trabajo y gesti\u00f3n para superar los graves problemas que tiene la provincia y que necesita adem\u00e1s de un coraje que seguramente no lo van a hallar en Miguel Lifschitz \u2014postulante socialista\u2014 ni en un artista (como el referente del PRO, Miguel Del Sel) que ha tomado la pol\u00edtica como un hobby\u00bb.<\/p>\n<p>Tras el acto desarrollado en la Intendencia y donde tambi\u00e9n estuvieron presentes integrantes del gabinete municipal y representantes de la agencia casildense de la EPE, entre otros, Ramos visit\u00f3 junto a Bacalini y otras autoridades locales las instalaciones del \u00e1rea industrial adem\u00e1s de tener un encuentro con empresarios.<\/p>\n<p><strong>Renovaci\u00f3n e instalaci\u00f3n de luminarias en bulevares<\/strong><\/p>\n<p>Se detall\u00f3 ayer en la reuni\u00f3n que\u00a0 el alumbrado que va a ser remodelado sobre los bulevares Ovidio Lagos, Lisandro de la Torre y Spangenberg incluye la colocaci\u00f3n de 420 luminarios tipo led que reemplazaran a las existentes de sodio que ya cumplieron su ciclo de vida \u00fatil<br \/>\nAsimismo se instalar\u00e1n 170 nuevas columnas y luces en el tramo del bulevar Villada, que va desde Ovidio Lagos a 9 de Julio, similar a lo realizado hace un tiempo en el otro trayecto hasta 25 de Mayo.<\/p>\n<h6>Fuente: La Capital, Rosario<\/h6>\n","protected":false},"excerpt":{"rendered":"<p>Adem\u00e1s se har\u00e1 la pavimentaci\u00f3n de 30 cuadras por un monto de otros 23 millones de pesos tambi\u00e9n con aportes de la Naci\u00f3n. El municipio firm\u00f3 un convenio con el Ministerio de Planificaci\u00f3n. El municipio de Casilda llevar\u00e1 adelante con fondos nacionales una fuerte inversi\u00f3n de 36,5 millones de pesos en materia de infraestructura el\u00e9ctrica<\/p>\n","protected":false},"author":2,"featured_media":23126,"comment_status":"closed","ping_status":"closed","sticky":false,"template":"","format":"standard","meta":{"footnotes":""},"categories":[2],"tags":[10],"class_list":["post-23125","post","type-post","status-publish","format-standard","has-post-thumbnail","hentry","category-informe-municipal","tag-santa-fe"],"_links":{"self":[{"href":"http:\/\/argentinamunicipal.com.ar\/argentina\/wp-json\/wp\/v2\/posts\/23125","targetHints":{"allow":["GET"]}}],"collection":[{"href":"http:\/\/argentinamunicipal.com.ar\/argentina\/wp-json\/wp\/v2\/posts"}],"about":[{"href":"http:\/\/argentinamunicipal.com.ar\/argentina\/wp-json\/wp\/v2\/types\/post"}],"author":[{"embeddable":true,"href":"http:\/\/argentinamunicipal.com.ar\/argentina\/wp-json\/wp\/v2\/users\/2"}],"replies":[{"embeddable":true,"href":"http:\/\/argentinamunicipal.com.ar\/argentina\/wp-json\/wp\/v2\/comments?post=23125"}],"version-history":[{"count":0,"href":"http:\/\/argentinamunicipal.com.ar\/argentina\/wp-json\/wp\/v2\/posts\/23125\/revisions"}],"wp:featuredmedia":[{"embeddable":true,"href":"http:\/\/argentinamunicipal.com.ar\/argentina\/wp-json\/wp\/v2\/media\/23126"}],"wp:attachment":[{"href":"http:\/\/argentinamunicipal.com.ar\/argentina\/wp-json\/wp\/v2\/media?parent=23125"}],"wp:term":[{"taxonomy":"category","embeddable":true,"href":"http:\/\/argentinamunicipal.com.ar\/argentina\/wp-json\/wp\/v2\/categories?post=23125"},{"taxonomy":"post_tag","embeddable":true,"href":"http:\/\/argentinamunicipal.com.ar\/argentina\/wp-json\/wp\/v2\/tags?post=23125"}],"curies":[{"name":"wp","href":"https:\/\/api.w.org\/{rel}","templated":true}]}}