{"id":23166,"date":"2015-01-23T09:07:11","date_gmt":"2015-01-23T12:07:11","guid":{"rendered":"http:\/\/argentinamunicipal.com.ar\/argentina\/?p=23166"},"modified":"2015-01-23T09:07:11","modified_gmt":"2015-01-23T12:07:11","slug":"la-red-4g-llega-santa-fe-y-otras-ciudades-del-interior-del-pais","status":"publish","type":"post","link":"http:\/\/argentinamunicipal.com.ar\/argentina\/la-red-4g-llega-santa-fe-y-otras-ciudades-del-interior-del-pais\/","title":{"rendered":"La red 4G llega a Santa Fe y a otras ciudades del interior del pa\u00eds"},"content":{"rendered":"<p><a href=\"http:\/\/argentinamunicipal.com.ar\/argentina\/wp-content\/uploads\/2015\/01\/4G.jpg\"><img loading=\"lazy\" decoding=\"async\" class=\"aligncenter  wp-image-23168\" src=\"http:\/\/argentinamunicipal.com.ar\/argentina\/wp-content\/uploads\/2015\/01\/4G.jpg\" alt=\"4G\" width=\"508\" height=\"445\" srcset=\"http:\/\/argentinamunicipal.com.ar\/argentina\/wp-content\/uploads\/2015\/01\/4G.jpg 901w, http:\/\/argentinamunicipal.com.ar\/argentina\/wp-content\/uploads\/2015\/01\/4G-300x263.jpg 300w\" sizes=\"auto, (max-width: 508px) 100vw, 508px\" \/><\/a><br \/>\nPersonal anunci\u00f3 este jueves el inicio del despliegue de la red de cuarta generaci\u00f3n (4G) en zonas estrat\u00e9gicas de las ciudades de Salta y Santa Fe.<\/p>\n<p>Personal anunci\u00f3 este jueves el inicio del despliegue de la red de cuarta generaci\u00f3n (4G) en zonas estrat\u00e9gicas de las ciudades de Salta y Santa Fe, donde sus clientes con terminales aptas ya pueden utilizar el servicio, sin necesidad de cambiar su chip.<\/p>\n<p>\u00abEstamos orgullosos de anunciar hoy que llegamos a m\u00e1s clientes del interior del pa\u00eds con la posibilidad de experimentar nuestro servicio 4G\u00bb, destac\u00f3 An\u00edbal G\u00f3mez, director general de Operaciones (DGO) del Grupo Telecom.<\/p>\n<p>\u00abMientras continuamos implementando mejoras de calidad, capacidad y cobertura en la red 3G con nuevo espectro y m\u00e1s inversiones, con la tecnolog\u00eda 4G\/LTE se abre un universo de innovadores servicios asociados que contribuir\u00e1n a seguir mejorando la calidad de vida de todos los argentinos\u00bb, concluy\u00f3.<\/p>\n<p>La red 4G de Personal ya est\u00e1 operativa en las ciudades de Buenos Aires, C\u00f3rdoba, Rosario, Mar del Plata, Pinamar, Salta y Santa Fe.<\/p>\n<p>La compa\u00f1\u00eda inform\u00f3, adem\u00e1s, que \u00abdesde el inicio de la primera etapa de despliegue, en diciembre, la cantidad de sitios en la ciudad de C\u00f3rdoba se ha incrementado en un 35% y en Rosario un 20%\u00bb.<br \/>\nEn tal sentido, se indic\u00f3 que el \u00abGrupo Telecom invertir\u00e1 13.000 millones en la ampliaci\u00f3n de los servicios 3G y en el despliegue de la red 4G m\u00e1s potente de Argentina en los pr\u00f3ximos tres a\u00f1os, que se suman al pago de U$S 410,7 millones por el espectro 3G y 4G hasta ahora adjudicado\u00bb.<\/p>\n<p>La Secretar\u00eda de Comunicaciones, a cargo de Norberto Berner, licit\u00f3 el espectro 3G y 4G en octubre del a\u00f1o pasado, y a fines de noviembre fueron asignadas las frecuencia a Personal. \u00abEst\u00e1 previsto en 18 meses alcanzar las principales ciudades del pa\u00eds y en cinco a\u00f1os, llegar a todas las localidades, en l\u00ednea con lo establecido en el pliego de la licitaci\u00f3n de espectro realizada por las autoridades nacionales\u00bb, concluye el comunicado<\/p>\n<h6>Fuente: Uno, Santa Fe<\/h6>\n","protected":false},"excerpt":{"rendered":"<p>Personal anunci\u00f3 este jueves el inicio del despliegue de la red de cuarta generaci\u00f3n (4G) en zonas estrat\u00e9gicas de las ciudades de Salta y Santa Fe. Personal anunci\u00f3 este jueves el inicio del despliegue de la red de cuarta generaci\u00f3n (4G) en zonas estrat\u00e9gicas de las ciudades de Salta y Santa Fe, donde sus clientes<\/p>\n","protected":false},"author":2,"featured_media":23168,"comment_status":"closed","ping_status":"closed","sticky":false,"template":"","format":"standard","meta":{"footnotes":""},"categories":[2],"tags":[10],"class_list":["post-23166","post","type-post","status-publish","format-standard","has-post-thumbnail","hentry","category-informe-municipal","tag-santa-fe"],"_links":{"self":[{"href":"http:\/\/argentinamunicipal.com.ar\/argentina\/wp-json\/wp\/v2\/posts\/23166","targetHints":{"allow":["GET"]}}],"collection":[{"href":"http:\/\/argentinamunicipal.com.ar\/argentina\/wp-json\/wp\/v2\/posts"}],"about":[{"href":"http:\/\/argentinamunicipal.com.ar\/argentina\/wp-json\/wp\/v2\/types\/post"}],"author":[{"embeddable":true,"href":"http:\/\/argentinamunicipal.com.ar\/argentina\/wp-json\/wp\/v2\/users\/2"}],"replies":[{"embeddable":true,"href":"http:\/\/argentinamunicipal.com.ar\/argentina\/wp-json\/wp\/v2\/comments?post=23166"}],"version-history":[{"count":0,"href":"http:\/\/argentinamunicipal.com.ar\/argentina\/wp-json\/wp\/v2\/posts\/23166\/revisions"}],"wp:featuredmedia":[{"embeddable":true,"href":"http:\/\/argentinamunicipal.com.ar\/argentina\/wp-json\/wp\/v2\/media\/23168"}],"wp:attachment":[{"href":"http:\/\/argentinamunicipal.com.ar\/argentina\/wp-json\/wp\/v2\/media?parent=23166"}],"wp:term":[{"taxonomy":"category","embeddable":true,"href":"http:\/\/argentinamunicipal.com.ar\/argentina\/wp-json\/wp\/v2\/categories?post=23166"},{"taxonomy":"post_tag","embeddable":true,"href":"http:\/\/argentinamunicipal.com.ar\/argentina\/wp-json\/wp\/v2\/tags?post=23166"}],"curies":[{"name":"wp","href":"https:\/\/api.w.org\/{rel}","templated":true}]}}