{"id":23173,"date":"2015-01-23T09:14:30","date_gmt":"2015-01-23T12:14:30","guid":{"rendered":"http:\/\/argentinamunicipal.com.ar\/argentina\/?p=23173"},"modified":"2015-01-23T09:14:30","modified_gmt":"2015-01-23T12:14:30","slug":"bachelet-insto-defender-los-intereses-maritimos-del-pais-frente-la-demanda-de-bolivia","status":"publish","type":"post","link":"http:\/\/argentinamunicipal.com.ar\/argentina\/bachelet-insto-defender-los-intereses-maritimos-del-pais-frente-la-demanda-de-bolivia\/","title":{"rendered":"Bachelet inst\u00f3 a defender los intereses mar\u00edtimos del pa\u00eds frente a la demanda de Bolivia"},"content":{"rendered":"<p><a href=\"http:\/\/argentinamunicipal.com.ar\/argentina\/wp-content\/uploads\/2015\/01\/chile_bolivia_0.jpg\"><img loading=\"lazy\" decoding=\"async\" class=\"aligncenter size-full wp-image-23174\" src=\"http:\/\/argentinamunicipal.com.ar\/argentina\/wp-content\/uploads\/2015\/01\/chile_bolivia_0.jpg\" alt=\"chile_bolivia_0\" width=\"580\" height=\"420\" srcset=\"http:\/\/argentinamunicipal.com.ar\/argentina\/wp-content\/uploads\/2015\/01\/chile_bolivia_0.jpg 580w, http:\/\/argentinamunicipal.com.ar\/argentina\/wp-content\/uploads\/2015\/01\/chile_bolivia_0-300x217.jpg 300w\" sizes=\"auto, (max-width: 580px) 100vw, 580px\" \/><\/a><br \/>\nLa presidenta de Chile hizo un llamado, en un encuentro con los embajadores en Am\u00e9rica Latina y el Caribe y jefes de misi\u00f3n ante organismos internacionales, a bregar por los intereses de su pa\u00eds ante el pedido boliviano de una salida al Pac\u00edfico presentada en la Corte Internacional de Justicia (CIJ) en La Haya.<\/p>\n<p>\u00abS\u00e9 que no necesito decir ante diplom\u00e1ticos tan experimentados la importancia que tiene la defensa de los intereses permanentes del pa\u00eds y para esta fundamental tarea contamos con ustedes, que est\u00e1n a cargo de dar a conocer nuestra posici\u00f3n\u00bb, se\u00f1al\u00f3 Bachelet en su discurso sobre la agenda bilateral y multilateral de Chile en el mundo, en un encuentro realizado en la sede de la Canciller\u00eda de Santiago.<\/p>\n<p>En esta l\u00ednea, la mandataria explic\u00f3 que la pol\u00edtica exterior \u00abse despliega m\u00e1s all\u00e1 de nuestras fronteras, pero tambi\u00e9n debe reflejar nuestra pol\u00edtica interna, porque hay una defensa permanente de los intereses de Chile\u00bb.<\/p>\n<p>En este encuentro, los diplom\u00e1ticos chilenos tambi\u00e9n escucharon las exposiciones sobre la defensa de Chile en La Haya, para enfrentar la demanda mar\u00edtima de Bolivia, realizada por los agentes Felipe Bulnes y Claudio Grossman.<\/p>\n<p>La Paz demand\u00f3 en 2013 a Chile ante La Haya en busca de que el tribunal obligue al pa\u00eds austral a negociar una salida al oc\u00e9ano Pacifico, que Bolivia perdi\u00f3 en una guerra con Chile en el Siglo XIX.<\/p>\n<p>Santiago rechaza la demanda sobre la base de que todos los asuntos fronterizos con Bolivia fueros resueltos en un tratado suscrito por ambos pa\u00edses en 1904, veinticinco a\u00f1os despu\u00e9s del conflicto, y objeta adem\u00e1s la competencia de la CIJ para analizar el tema, porque s\u00f3lo puede pronunciarse sobre litigios surgidos a partir de su creaci\u00f3n, en 1948.<\/p>\n<p>Sobre la agenda bilateral y multilateral de Chile en el mundo, Bachelet explic\u00f3 que el pa\u00eds tiene \u00abuna vocaci\u00f3n de apertura que nos enorgullece\u00bb y llam\u00f3 a \u00abpriorizar una pol\u00edtica regional y vecinal en materia de relaciones internacionales, sin descuidar lo que son las tareas y misiones globales\u201d.<\/p>\n<p>La mandataria agreg\u00f3 que \u201cChile debe ser un actor fundamental de la unidad y de la cooperaci\u00f3n, en un continente que es diverso, que es cambiante, un continente del que tenemos mucho que aprender, pero al que tambi\u00e9n podemos entregar muchas de nuestras experiencias, muy constructivas y positivas\u201d.<\/p>\n<p>Dentro de los puntos que Bachelet expuso en su discurso, se destac\u00f3 el llamado que hizo a los embajadores chilenos para enfatizar el voto en el extranjero.<\/p>\n<p>\u00abUstedes son los encargados de implementarlo; \u00e9se ser\u00e1 tambi\u00e9n otra gran tarea. Una medida democratizadora que brinda a todos los ciudadanos, independiente del lugar donde se encuentren, el derecho a participar del proceso pol\u00edtico democr\u00e1tico\u00bb, manifest\u00f3.<\/p>\n<h6>Fuente: Tucum\u00e1n Hoy<\/h6>\n","protected":false},"excerpt":{"rendered":"<p>La presidenta de Chile hizo un llamado, en un encuentro con los embajadores en Am\u00e9rica Latina y el Caribe y jefes de misi\u00f3n ante organismos internacionales, a bregar por los intereses de su pa\u00eds ante el pedido boliviano de una salida al Pac\u00edfico presentada en la Corte Internacional de Justicia (CIJ) en La Haya. \u00abS\u00e9<\/p>\n","protected":false},"author":2,"featured_media":23174,"comment_status":"closed","ping_status":"closed","sticky":false,"template":"","format":"standard","meta":{"footnotes":""},"categories":[22],"tags":[57],"class_list":["post-23173","post","type-post","status-publish","format-standard","has-post-thumbnail","hentry","category-el-mundo","tag-el-mundo"],"_links":{"self":[{"href":"http:\/\/argentinamunicipal.com.ar\/argentina\/wp-json\/wp\/v2\/posts\/23173","targetHints":{"allow":["GET"]}}],"collection":[{"href":"http:\/\/argentinamunicipal.com.ar\/argentina\/wp-json\/wp\/v2\/posts"}],"about":[{"href":"http:\/\/argentinamunicipal.com.ar\/argentina\/wp-json\/wp\/v2\/types\/post"}],"author":[{"embeddable":true,"href":"http:\/\/argentinamunicipal.com.ar\/argentina\/wp-json\/wp\/v2\/users\/2"}],"replies":[{"embeddable":true,"href":"http:\/\/argentinamunicipal.com.ar\/argentina\/wp-json\/wp\/v2\/comments?post=23173"}],"version-history":[{"count":0,"href":"http:\/\/argentinamunicipal.com.ar\/argentina\/wp-json\/wp\/v2\/posts\/23173\/revisions"}],"wp:featuredmedia":[{"embeddable":true,"href":"http:\/\/argentinamunicipal.com.ar\/argentina\/wp-json\/wp\/v2\/media\/23174"}],"wp:attachment":[{"href":"http:\/\/argentinamunicipal.com.ar\/argentina\/wp-json\/wp\/v2\/media?parent=23173"}],"wp:term":[{"taxonomy":"category","embeddable":true,"href":"http:\/\/argentinamunicipal.com.ar\/argentina\/wp-json\/wp\/v2\/categories?post=23173"},{"taxonomy":"post_tag","embeddable":true,"href":"http:\/\/argentinamunicipal.com.ar\/argentina\/wp-json\/wp\/v2\/tags?post=23173"}],"curies":[{"name":"wp","href":"https:\/\/api.w.org\/{rel}","templated":true}]}}