{"id":23201,"date":"2015-01-23T09:55:12","date_gmt":"2015-01-23T12:55:12","guid":{"rendered":"http:\/\/argentinamunicipal.com.ar\/argentina\/?p=23201"},"modified":"2015-01-23T09:55:12","modified_gmt":"2015-01-23T12:55:12","slug":"estudiantes-de-comunas-rurales-de-chubut-podran-hacer-el-secundario-completo-en-sus-localidades","status":"publish","type":"post","link":"http:\/\/argentinamunicipal.com.ar\/argentina\/estudiantes-de-comunas-rurales-de-chubut-podran-hacer-el-secundario-completo-en-sus-localidades\/","title":{"rendered":"Estudiantes de comunas rurales de Chubut podr\u00e1n hacer el secundario completo en sus localidades"},"content":{"rendered":"<p><a href=\"http:\/\/argentinamunicipal.com.ar\/argentina\/wp-content\/uploads\/2015\/01\/ranquilescuela1.jpg\"><img loading=\"lazy\" decoding=\"async\" class=\"aligncenter size-full wp-image-23202\" src=\"http:\/\/argentinamunicipal.com.ar\/argentina\/wp-content\/uploads\/2015\/01\/ranquilescuela1.jpg\" alt=\"ranquilescuela\" width=\"576\" height=\"432\" srcset=\"http:\/\/argentinamunicipal.com.ar\/argentina\/wp-content\/uploads\/2015\/01\/ranquilescuela1.jpg 576w, http:\/\/argentinamunicipal.com.ar\/argentina\/wp-content\/uploads\/2015\/01\/ranquilescuela1-300x225.jpg 300w\" sizes=\"auto, (max-width: 576px) 100vw, 576px\" \/><\/a><br \/>\nEl Ministerio de Educaci\u00f3n provincial puso en marcha a partir del ciclo lectivo 2015 la nueva estructura del Secundario Rural, que beneficiar\u00e1 a todos los alumnos de las comunas ya que podr\u00e1n cursar, adem\u00e1s del ciclo b\u00e1sico, el ciclo orientado en su comunidad. El lunes comienzan las clases en 24 escuelas de per\u00edodos especiales y el 2 de febrero arranca la escuela de verano.<\/p>\n<p>La subsecretaria de Educaci\u00f3n dio a conocer los avances que permitir\u00e1n que los alumnos de las comunas rurales terminen la secundaria en sus pueblos.<\/p>\n<p>La subsecretaria de Coordinaci\u00f3n T\u00e9cnica Operativa de Instituciones Educativas y Supervisi\u00f3n -que depende del Ministerio de Educaci\u00f3n-, Gladys Harris, afirm\u00f3 que \u201cel lunes 26 de enero en la Escuela N\u00b0 10 de Carrenleuf\u00fa vamos a trabajar con la comunidad la presentaci\u00f3n de la nueva estructura del Secundario Rural, que es el lanzamiento a partir del ciclo 2015, con la incorporaci\u00f3n del cuarto a\u00f1o orientado en las comunas rurales\u201d.<\/p>\n<p>\u201cEsta nueva estructura permite brindar presencialidad, obligatoriedad y continuidad pedag\u00f3gica de profesores en los contextos rurales\u201d, indic\u00f3 la funcionaria, a\u00f1adiendo m\u00e1s adelante que \u201caquellos alumnos que han decidido hacer su escuela dentro de la comunidad y quedarse dentro de este territorio a cumplir con el secundario obligatorio van a poder hacerlo en estas escuelas, con atenci\u00f3n de profesores del nivel\u201d.<\/p>\n<p>En ese sentido, Harris record\u00f3 que \u201chasta ahora los alumnos de las comunas rurales no ten\u00edan esta oportunidad\u201d, por lo que volvi\u00f3 a destacar \u201cel concepto de presencialidad de la escuela secundaria\u201d a partir de la puesta en marcha de esta nueva estructura.<\/p>\n<p>Asimismo, remarc\u00f3 que \u201cotro punto central que tiene esta estructura es cumplir con lo que marcan la Ley Nacional de Educaci\u00f3n y la Ley Provincial de Educaci\u00f3n, que indica que la escuela secundaria debe ser obligatoria, tanto en su nivel b\u00e1sico como en su nivel orientado para todos los habitantes de Chubut\u201d.<\/p>\n<p>\u201cEsta obligatoriedad no estaba garantizada para todos, solo para aquellos que ten\u00edan la posibilidad de tener una escuela cerca o una familia que pod\u00eda sostener un viaje, o aquellos alumnos que pod\u00edan sostenerse fuera de sus familias durante tres a\u00f1os residiendo en los albergues escolares que tenemos dentro de la ruralidad\u201d, dijo la funcionaria.<\/p>\n<p>Harris enfatiz\u00f3 la importancia de \u201cinstaurar esta estructura y esta forma dar cumplimiento a muchos de los pedidos que las comunas rurales hab\u00edan realizado\u201d, oportunidad en la que record\u00f3 que \u201ca la estructura la presentamos en el Ministerio de Educaci\u00f3n en primera instancia con los presidentes comunales porque ellos son los que han llevado adelante este pedido y lucha constante porque sus comunidades tengan la escuela secundaria completa obligatoria\u201d.<\/p>\n<p><strong>EL LUNES EMPIEZAN<\/strong><\/p>\n<p>Por otra parte, la subsecretaria precis\u00f3 que \u201cel lunes 26 de enero en la Escuela N\u00b0 10 de Carrenleuf\u00fa vamos a comenzar el ciclo lectivo del per\u00edodo especial en 24 escuelas de la ruralidad de la provincia\u201d. En total, se trata de 815 alumnos que en los distintos niveles comenzar\u00e1n las clases en esta modalidad.<\/p>\n<p>Es importante se\u00f1alar que el sistema educativo provincial est\u00e1 compuesto por los per\u00edodos escolares especial y com\u00fan, cuya diferencia radica en las fechas en que los docentes y estudiantes comienzan con el dictado de clases.<\/p>\n<p>Se cuenta con dos per\u00edodos por una cuesti\u00f3n clim\u00e1tica y de contexto, teniendo en cuenta que hay zonas en Chubut en las cuales los inviernos son muy crudos, haciendo que los caminos de acceso sean arduos para transitar, por lo que se adec\u00faa la marcha del sistema educativo a todas estas necesidades.<\/p>\n<p><strong>ESCUELAS DE VERANO<\/strong><\/p>\n<p>Adem\u00e1s, la funcionaria explic\u00f3 que las escuelas de verano funcionar\u00e1n \u201ca partir del 2 de febrero\u201d, agregando que esta modalidad \u201cest\u00e1 inserta dentro del documento de evaluaci\u00f3n, acreditaci\u00f3n y promoci\u00f3n del Nivel Secundario\u201d.<\/p>\n<p>\u201cEs una instancia m\u00e1s que los chicos tienen para promocionar los espacios. Est\u00e1 abierta como escuela de verano para aquellos alumnos que adeudan entre tres y seis espacios curriculares, es decir que tienen un riesgo en su promoci\u00f3n\u201d, explic\u00f3.<\/p>\n<p>Respecto de la modalidad mencion\u00f3 que \u201clos alumnos se acercan a las escuelas, se inscriben en la materias que quieren cursar y transitan desde el 2 al 19 de febrero. All\u00ed pueden determinar su promoci\u00f3n o no promoci\u00f3n\u201d.<\/p>\n<p>Finalmente precis\u00f3 que \u201cla escuela de verano es una escuela presencial. Los chicos tienen que asistir a clase, tienen un porcentaje de asistencia, tienen trabajos para realizar, est\u00e1n a cargo de profesores que dictan las clases y que trabajan sobre los contenidos que los alumnos no han podido dar cuenta de sus aprendizajes; entonces tienen en riesgo su promoci\u00f3n\u201d.<\/p>\n<h6>Fuente: Patag\u00f3nico<\/h6>\n","protected":false},"excerpt":{"rendered":"<p>El Ministerio de Educaci\u00f3n provincial puso en marcha a partir del ciclo lectivo 2015 la nueva estructura del Secundario Rural, que beneficiar\u00e1 a todos los alumnos de las comunas ya que podr\u00e1n cursar, adem\u00e1s del ciclo b\u00e1sico, el ciclo orientado en su comunidad. El lunes comienzan las clases en 24 escuelas de per\u00edodos especiales y<\/p>\n","protected":false},"author":2,"featured_media":23202,"comment_status":"closed","ping_status":"closed","sticky":false,"template":"","format":"standard","meta":{"footnotes":""},"categories":[8],"tags":[14],"class_list":["post-23201","post","type-post","status-publish","format-standard","has-post-thumbnail","hentry","category-informe-nacional","tag-chubut"],"_links":{"self":[{"href":"http:\/\/argentinamunicipal.com.ar\/argentina\/wp-json\/wp\/v2\/posts\/23201","targetHints":{"allow":["GET"]}}],"collection":[{"href":"http:\/\/argentinamunicipal.com.ar\/argentina\/wp-json\/wp\/v2\/posts"}],"about":[{"href":"http:\/\/argentinamunicipal.com.ar\/argentina\/wp-json\/wp\/v2\/types\/post"}],"author":[{"embeddable":true,"href":"http:\/\/argentinamunicipal.com.ar\/argentina\/wp-json\/wp\/v2\/users\/2"}],"replies":[{"embeddable":true,"href":"http:\/\/argentinamunicipal.com.ar\/argentina\/wp-json\/wp\/v2\/comments?post=23201"}],"version-history":[{"count":0,"href":"http:\/\/argentinamunicipal.com.ar\/argentina\/wp-json\/wp\/v2\/posts\/23201\/revisions"}],"wp:featuredmedia":[{"embeddable":true,"href":"http:\/\/argentinamunicipal.com.ar\/argentina\/wp-json\/wp\/v2\/media\/23202"}],"wp:attachment":[{"href":"http:\/\/argentinamunicipal.com.ar\/argentina\/wp-json\/wp\/v2\/media?parent=23201"}],"wp:term":[{"taxonomy":"category","embeddable":true,"href":"http:\/\/argentinamunicipal.com.ar\/argentina\/wp-json\/wp\/v2\/categories?post=23201"},{"taxonomy":"post_tag","embeddable":true,"href":"http:\/\/argentinamunicipal.com.ar\/argentina\/wp-json\/wp\/v2\/tags?post=23201"}],"curies":[{"name":"wp","href":"https:\/\/api.w.org\/{rel}","templated":true}]}}