{"id":23204,"date":"2015-01-23T10:04:01","date_gmt":"2015-01-23T13:04:01","guid":{"rendered":"http:\/\/argentinamunicipal.com.ar\/argentina\/?p=23204"},"modified":"2015-01-23T10:04:01","modified_gmt":"2015-01-23T13:04:01","slug":"evo-morales-juro-su-tercer-mandato-consecutivo-como-presidente","status":"publish","type":"post","link":"http:\/\/argentinamunicipal.com.ar\/argentina\/evo-morales-juro-su-tercer-mandato-consecutivo-como-presidente\/","title":{"rendered":"Evo Morales jur\u00f3 su tercer mandato consecutivo como presidente"},"content":{"rendered":"<p><a href=\"http:\/\/argentinamunicipal.com.ar\/argentina\/wp-content\/uploads\/2015\/01\/54c1380b03475_515x343.jpg\"><img loading=\"lazy\" decoding=\"async\" class=\"aligncenter size-full wp-image-23205\" src=\"http:\/\/argentinamunicipal.com.ar\/argentina\/wp-content\/uploads\/2015\/01\/54c1380b03475_515x343.jpg\" alt=\"54c1380b03475_515x343\" width=\"515\" height=\"343\" srcset=\"http:\/\/argentinamunicipal.com.ar\/argentina\/wp-content\/uploads\/2015\/01\/54c1380b03475_515x343.jpg 515w, http:\/\/argentinamunicipal.com.ar\/argentina\/wp-content\/uploads\/2015\/01\/54c1380b03475_515x343-300x200.jpg 300w\" sizes=\"auto, (max-width: 515px) 100vw, 515px\" \/><\/a><br \/>\nEl presidente de Bolivia jur\u00f3 ante la Asamblea Legislativa Plurinacional, en un acto en el que prometi\u00f3 que ser\u00e1 su \u00faltimo per\u00edodo, asegur\u00f3 que apuntar\u00e1 a reducir a un d\u00edgito la pobreza extrema y a industrializar sus recursos naturales.<\/p>\n<p>\u00abS\u00ed, juro\u00bb, expres\u00f3 el mandatario, de 56 a\u00f1os y ra\u00edces ind\u00edgenas, ante 36 senadores y 130 diputados de los nueve departamentos de Bolivia, en un Congreso que el oficialismo domina con m\u00e1s de los dos tercios de las bancas.<\/p>\n<p>En un discurso de 51 minutos, Morales destac\u00f3 los logros macroecon\u00f3micos de su gobierno de nueve a\u00f1os, en el que el crecimiento pas\u00f3 del 4,8 en 2006 al 5,5 por ciento en 2014, con un ingreso per c\u00e1pita que subi\u00f3 de 1.182 a 2.757 d\u00f3lares en ese periodo y un desempleo que cay\u00f3 del 8,1 al 3,2 por ciento.<\/p>\n<p>La inflaci\u00f3n, dijo, oscil\u00f3 en estos nueve a\u00f1os entre el 4,8 y el 5,19 por ciento; las exportaciones subieron de los 3.000 a los 12.062 millones de d\u00f3lares y las reservas internacionales del Banco Central de Bolivia pasaron de los 1.714 a los 15.551 millones de d\u00f3lares, en gran parte gracias a la nacionalizaci\u00f3n de los hidrocarburos en 2006, destac\u00f3.<\/p>\n<p style=\"text-align: center\">[embedyt]http:\/\/www.youtube.com\/watch?v=tdClaxsSsS0[\/embedyt]<\/p>\n<p>\u00abEn corto tiempo hemos mejorado la situaci\u00f3n econ\u00f3mica y social pero falta consolidar nuestro proceso de cambio. Tenemos democracia y estabilidad pol\u00edtica; eso me sorprende a m\u00ed\u00bb, dijo, y agreg\u00f3 que har\u00e1 una revoluci\u00f3n judicial comenzando con un referendo popular sobre el tema.<\/p>\n<p>El mandatario se\u00f1al\u00f3 que combatir\u00e1 \u00abla pobreza, para reducirla a un 8 por ciento\u00bb. Bolivia, seg\u00fan organismos internacionales, tiene a un 15 por ciento de su poblaci\u00f3n en extrema pobreza. Tambi\u00e9n anticip\u00f3 la construcci\u00f3n de una \u00abciudadela del conocimiento\u00bb para avanzar en la independencia tecnol\u00f3gica, y la industrializaci\u00f3n de sus recursos naturales y el combate al narcotr\u00e1fico.<\/p>\n<p>En el viejo edificio del Congreso participaron del acto de asunci\u00f3n de Morales los presidentes Nicol\u00e1s Maduro, de Venezuela; Dilma Rousseff, de Brasil; Horario Cartes, de Paraguay; Luis Guillermo Sol\u00eds, de Costa Rica; Rafael Correa, de Ecuador; y Anthony Carmona, de Trinidad y Tobago, y el primer ministro de Namibia, Hage Geingob.<\/p>\n<p>Adem\u00e1s, asistieron los vicepresidentes de Argentina, Per\u00fa y Cuba, representantes de otras 40 naciones, y de comunidades originarias y movimientos sociales latinoamericanos y de otros continentes.<\/p>\n<p>Morales asegur\u00f3 tambi\u00e9n que su demanda mar\u00edtima a Chile \u00abest\u00e1 bien encaminada\u00bb en La Haya, y que \u00abpor historia y derecho\u00bb Bolivia volver\u00e1 \u00abun d\u00eda\u00bb al Oce\u00e1no Pac\u00edfico \u00abcon soberan\u00eda\u00bb.<\/p>\n<p>Escuchaba, en representaci\u00f3n del gobierno de la presidente Michelle Bachelet, el titular de la Corte Suprema de Justicia de Chile, Sergio Mu\u00f1oz.<\/p>\n<p>Morales venci\u00f3 tres veces en las urnas, con lo que se convertir\u00e1 en el presidente con m\u00e1s tiempo en el gobierno de Bolivia: 14 a\u00f1os, en el 2020. La primera vez, en 2005, obtuvo 53,74 por ciento de los votos; la segunda, 64,22 en 2009, y en la tercera gan\u00f3 con un 61,36 por ciento en 2014. Pero tambi\u00e9n sali\u00f3 airoso de un referendo revocatorio de su mandato en 2008, con un 67,43 por ciento de los sufragios.<\/p>\n<p>El vicepresidente Alvaro Garc\u00eda Linera jur\u00f3 primero su cargo y abog\u00f3 por un \u00absocialismo comunitario\u00bb, ya que no se proponen \u00abadministrar el capitalismo, a\u00fan vigente y mayoritario, pero decadente, contra una civilizaci\u00f3n comunitaria emergente\u00bb.<\/p>\n<p>\u00abSocialismo es democracia representativa en el Parlamento, m\u00e1s democracia comunitaria en las comunidades agrarias y urbanas y democracia directa en las calles y las fabricas; todo a la vez en medio de un gobierno revolucionario y un Estado de los movimientos sociales\u00bb, sostuvo.<\/p>\n<p>Morales, a continuaci\u00f3n, asegur\u00f3 que este ser\u00e1 su \u00faltimo mandato y luego volver\u00e1 a su actividad privada en las comunidades cocaleras del Chapare, en el centro del pa\u00eds, de donde surgi\u00f3 su popularidad y primeros apoyos.<\/p>\n<p>Por su parte, el subsecretario de Estado para la Democracia, Derechos Humanos y Trabajo, Tom Malinowski, que encabez\u00f3 la delegaci\u00f3n de Estados Unidos, expres\u00f3 el \u00abrespeto y admiraci\u00f3n\u00bb del gobierno del presidente Barack Obama por el progreso y la inclusi\u00f3n social lograda en Bolivia.<\/p>\n<p>Respecto a la reuni\u00f3n que previamente sostuvo con el canciller David Chiquehuanca, el delegado presidencial de Estados Unidos calific\u00f3 ese encuentro de \u00abexcelente\u00bb, report\u00f3 la agencia estatal ABI.<\/p>\n<p>Explic\u00f3 que expres\u00f3 la satisfacci\u00f3n de Estados Unidos por las declaraciones del Presidente boliviano sobre la necesidad de normalizar las relaciones bilaterales y dijo que ese acercamiento avanza \u00abpaso a paso\u00bb, cuando se lo consult\u00f3 por la posibilidad de un encuentro de alto nivel entre Morales y Obama.<\/p>\n<p>Bolivia y Estados Unidos no tienen embajadores desde septiembre de 2008, cuando Morales expuls\u00f3 al representante estadounidense Phillip Goldberg, acusado de injerencia en asuntos internos, y Washington hizo lo propio con el boliviano Gustavo Guzm\u00e1n.<\/p>\n<h6>Fuente: T\u00e9lam<\/h6>\n","protected":false},"excerpt":{"rendered":"<p>El presidente de Bolivia jur\u00f3 ante la Asamblea Legislativa Plurinacional, en un acto en el que prometi\u00f3 que ser\u00e1 su \u00faltimo per\u00edodo, asegur\u00f3 que apuntar\u00e1 a reducir a un d\u00edgito la pobreza extrema y a industrializar sus recursos naturales. \u00abS\u00ed, juro\u00bb, expres\u00f3 el mandatario, de 56 a\u00f1os y ra\u00edces ind\u00edgenas, ante 36 senadores y 130<\/p>\n","protected":false},"author":2,"featured_media":23205,"comment_status":"closed","ping_status":"closed","sticky":false,"template":"","format":"standard","meta":{"footnotes":""},"categories":[22],"tags":[57],"class_list":["post-23204","post","type-post","status-publish","format-standard","has-post-thumbnail","hentry","category-el-mundo","tag-el-mundo"],"_links":{"self":[{"href":"http:\/\/argentinamunicipal.com.ar\/argentina\/wp-json\/wp\/v2\/posts\/23204","targetHints":{"allow":["GET"]}}],"collection":[{"href":"http:\/\/argentinamunicipal.com.ar\/argentina\/wp-json\/wp\/v2\/posts"}],"about":[{"href":"http:\/\/argentinamunicipal.com.ar\/argentina\/wp-json\/wp\/v2\/types\/post"}],"author":[{"embeddable":true,"href":"http:\/\/argentinamunicipal.com.ar\/argentina\/wp-json\/wp\/v2\/users\/2"}],"replies":[{"embeddable":true,"href":"http:\/\/argentinamunicipal.com.ar\/argentina\/wp-json\/wp\/v2\/comments?post=23204"}],"version-history":[{"count":0,"href":"http:\/\/argentinamunicipal.com.ar\/argentina\/wp-json\/wp\/v2\/posts\/23204\/revisions"}],"wp:featuredmedia":[{"embeddable":true,"href":"http:\/\/argentinamunicipal.com.ar\/argentina\/wp-json\/wp\/v2\/media\/23205"}],"wp:attachment":[{"href":"http:\/\/argentinamunicipal.com.ar\/argentina\/wp-json\/wp\/v2\/media?parent=23204"}],"wp:term":[{"taxonomy":"category","embeddable":true,"href":"http:\/\/argentinamunicipal.com.ar\/argentina\/wp-json\/wp\/v2\/categories?post=23204"},{"taxonomy":"post_tag","embeddable":true,"href":"http:\/\/argentinamunicipal.com.ar\/argentina\/wp-json\/wp\/v2\/tags?post=23204"}],"curies":[{"name":"wp","href":"https:\/\/api.w.org\/{rel}","templated":true}]}}