{"id":23235,"date":"2015-01-26T09:21:13","date_gmt":"2015-01-26T12:21:13","guid":{"rendered":"http:\/\/argentinamunicipal.com.ar\/argentina\/?p=23235"},"modified":"2015-01-26T09:21:13","modified_gmt":"2015-01-26T12:21:13","slug":"medio-aguinaldo-el-municipio-de-coronda-sale-al-cruce-de-los-dichos-gremiales","status":"publish","type":"post","link":"http:\/\/argentinamunicipal.com.ar\/argentina\/medio-aguinaldo-el-municipio-de-coronda-sale-al-cruce-de-los-dichos-gremiales\/","title":{"rendered":"Medio aguinaldo: el municipio de Coronda sale al cruce de los dichos gremiales"},"content":{"rendered":"<div id=\"attachment_23236\" style=\"width: 655px\" class=\"wp-caption aligncenter\"><a href=\"http:\/\/argentinamunicipal.com.ar\/argentina\/wp-content\/uploads\/2015\/01\/xe3v77v4c0.jpg\"><img loading=\"lazy\" decoding=\"async\" aria-describedby=\"caption-attachment-23236\" class=\" wp-image-23236\" src=\"http:\/\/argentinamunicipal.com.ar\/argentina\/wp-content\/uploads\/2015\/01\/xe3v77v4c0.jpg\" alt=\"Dif\u00edcil panorama. El comunicado enviado por la intendencia asegura que \u201cla \u00fanica realidad es que no contamos con el dinero para realizarlo, lo que es de conocimiento expreso de los empleados, por ello resultan llamativas las apreciaciones\u201d. \" width=\"645\" height=\"484\" srcset=\"http:\/\/argentinamunicipal.com.ar\/argentina\/wp-content\/uploads\/2015\/01\/xe3v77v4c0.jpg 1600w, http:\/\/argentinamunicipal.com.ar\/argentina\/wp-content\/uploads\/2015\/01\/xe3v77v4c0-300x225.jpg 300w, http:\/\/argentinamunicipal.com.ar\/argentina\/wp-content\/uploads\/2015\/01\/xe3v77v4c0-1024x768.jpg 1024w\" sizes=\"auto, (max-width: 645px) 100vw, 645px\" \/><\/a><p id=\"caption-attachment-23236\" class=\"wp-caption-text\">Dif\u00edcil panorama. El comunicado enviado por la intendencia asegura que \u201cla \u00fanica realidad es que no contamos con el dinero para realizarlo, lo que es de conocimiento expreso de los empleados, por ello resultan llamativas las apreciaciones\u201d.<\/p><\/div>\n<p>El Ejecutivo, a cargo de Cristian Bortolotto, explic\u00f3 en un comunicado las razones por las cuales se adeuda el Sueldo Anual Complementario del 2do. semestre a los empleados municipales. \u201cNo son objetables las medidas de fuerza que puedan desarrollar. Lo que no es aceptable es que se quiera decir que es un capricho de esta gesti\u00f3n el no pago del aguinaldo\u201d, indicaron.<\/p>\n<p>La Municipalidad de la ciudad de Coronda a trav\u00e9s de un comunicado de prensa dio a conocer su situaci\u00f3n frente a los reclamos que vienen llevando a cabo entidades gremiales. En el parte, el Ejecutivo local asegura que \u201cante distintas versiones period\u00edsticas y manifestaciones de empleados de este municipio de Coronda, nos pone en la obligaci\u00f3n de hacer conocer a la ciudadan\u00eda la verdad de los acontecimientos que motivan las medidas de fuerza que se llevan adelante. Es verdad que a los empleados de este municipio se les adeuda el Sueldo Anual Complementario del 2do. semestre, y por ello no son objetables las medidas de fuerza que puedan desarrollar en defensa de sus leg\u00edtimos derechos (tienen percibido la totalidad del sueldo de diciembre\/14 y el denominado bono). Lo que no es aceptable es que se quiera decir que es un capricho de esta gesti\u00f3n el no pago del Sueldo Anual Complementario, para enfrentar a la comunidad con los empleados municipales o que se est\u00e1 amenazando a los empleados para que se reintegren a las tareas\u201d, expresaron.<\/p>\n<p>En este sentido el comunicado agrega que \u201cla \u00fanica realidad es que no contamos con el dinero para realizarlo, lo que es de conocimiento expreso de los empleados, por ello resultan llamativas las apreciaciones. Asimismo el hecho de haberle solicitado a la entidad gremial racionalidad en las leg\u00edtimas medidas de fuerza tomadas, por el no pago del Sueldo Anual Complementario, para nada significa amenazas, simplemente se les requiri\u00f3 que no sean de jornada completa, para generar el ingreso que se efect\u00faa en la Caja Municipal, lo que ayudar\u00eda al pago del reclamo y tambi\u00e9n a cumplir con los servicios b\u00e1sicos para mantener con un m\u00ednimo de limpieza la ciudad (recolecci\u00f3n de basura)\u201d.<\/p>\n<p>Con relaci\u00f3n a la extensi\u00f3n de la jornada de trabajo de los contratados, el municipio asegur\u00f3 que \u201ces de cumplimiento imposible, ya que no habr\u00eda recursos para afrontarlo. Si bien existe una planta de personal m\u00e1s que numerosa en este municipio, que se hered\u00f3 de la gesti\u00f3n anterior, la misma tiene una distribuci\u00f3n inadecuada de acuerdo a las necesidades del municipio y en algunos casos con categor\u00edas superiores a las necesarias. A pesar de que la misma se redujo por distintas circunstancias y no se reemplaz\u00f3, salvo excepciones indispensables, no se puede afrontar los costos que demanda la extensi\u00f3n horaria de los contratados. Que a pesar de realizar una gesti\u00f3n austera -inclusive se tiene a la fecha un importante atraso en las remuneraciones de los se\u00f1ores concejales y personal de gabinete- no se puede hacer frente al pago en tiempo y forma del Sueldo Anual Complementario. Por lo cual extender la carga horaria ser\u00eda imposible de afrontar y una irresponsabilidad hacerlo\u201d, destaca el comunicado.<\/p>\n<h6>Fuente: El Litoral, Santa Fe<\/h6>\n","protected":false},"excerpt":{"rendered":"<p>El Ejecutivo, a cargo de Cristian Bortolotto, explic\u00f3 en un comunicado las razones por las cuales se adeuda el Sueldo Anual Complementario del 2do. semestre a los empleados municipales. \u201cNo son objetables las medidas de fuerza que puedan desarrollar. Lo que no es aceptable es que se quiera decir que es un capricho de esta<\/p>\n","protected":false},"author":2,"featured_media":23236,"comment_status":"closed","ping_status":"closed","sticky":false,"template":"","format":"standard","meta":{"footnotes":""},"categories":[7],"tags":[10],"class_list":["post-23235","post","type-post","status-publish","format-standard","has-post-thumbnail","hentry","category-informe-sindical","tag-santa-fe"],"_links":{"self":[{"href":"http:\/\/argentinamunicipal.com.ar\/argentina\/wp-json\/wp\/v2\/posts\/23235","targetHints":{"allow":["GET"]}}],"collection":[{"href":"http:\/\/argentinamunicipal.com.ar\/argentina\/wp-json\/wp\/v2\/posts"}],"about":[{"href":"http:\/\/argentinamunicipal.com.ar\/argentina\/wp-json\/wp\/v2\/types\/post"}],"author":[{"embeddable":true,"href":"http:\/\/argentinamunicipal.com.ar\/argentina\/wp-json\/wp\/v2\/users\/2"}],"replies":[{"embeddable":true,"href":"http:\/\/argentinamunicipal.com.ar\/argentina\/wp-json\/wp\/v2\/comments?post=23235"}],"version-history":[{"count":0,"href":"http:\/\/argentinamunicipal.com.ar\/argentina\/wp-json\/wp\/v2\/posts\/23235\/revisions"}],"wp:featuredmedia":[{"embeddable":true,"href":"http:\/\/argentinamunicipal.com.ar\/argentina\/wp-json\/wp\/v2\/media\/23236"}],"wp:attachment":[{"href":"http:\/\/argentinamunicipal.com.ar\/argentina\/wp-json\/wp\/v2\/media?parent=23235"}],"wp:term":[{"taxonomy":"category","embeddable":true,"href":"http:\/\/argentinamunicipal.com.ar\/argentina\/wp-json\/wp\/v2\/categories?post=23235"},{"taxonomy":"post_tag","embeddable":true,"href":"http:\/\/argentinamunicipal.com.ar\/argentina\/wp-json\/wp\/v2\/tags?post=23235"}],"curies":[{"name":"wp","href":"https:\/\/api.w.org\/{rel}","templated":true}]}}