{"id":23244,"date":"2015-01-26T09:36:52","date_gmt":"2015-01-26T12:36:52","guid":{"rendered":"http:\/\/argentinamunicipal.com.ar\/argentina\/?p=23244"},"modified":"2015-01-26T09:36:52","modified_gmt":"2015-01-26T12:36:52","slug":"santa-fe-advertencia-de-festram-por-la-contratacion-irregular-de-trabajadores-en-municipios-y-comunas","status":"publish","type":"post","link":"http:\/\/argentinamunicipal.com.ar\/argentina\/santa-fe-advertencia-de-festram-por-la-contratacion-irregular-de-trabajadores-en-municipios-y-comunas\/","title":{"rendered":"Santa Fe: Advertencia de Festram\u00a0por la contrataci\u00f3n irregular de trabajadores en municipios y comunas."},"content":{"rendered":"<p>Advertencia de Festram por la contrataci\u00f3n irregular de trabajadores en municipios y comunas. Denuncian que en el inicio del a\u00f1o electoral se intensifican las contrataciones fraudulentas.<\/p>\n<p>La Federaci\u00f3n de Trabajadores Municipales de la Provincia de Santa Fe, reclam\u00f3, p\u00fablicamente, a los Intendentes y Presidentes de Comunas que no recurran a pr\u00e1cticas fraudulentas en la contrataci\u00f3n de trabajadores y cuyo objetivos tienen clara intencionalidad electoral.<\/p>\n<p>Preocupa, a los Sindicatos Municipales, que en distintas localidades de la provincia comiencen la incorporaci\u00f3n de trabajadores en abierta violaci\u00f3n a la legislaci\u00f3n vigente. Esta situaci\u00f3n, recurrente cada vez que se inicia un proceso electoral, genera la violaci\u00f3n de derechos humanos elementales incorporando trabajadores sin ning\u00fan tipo de cobertura social y previsional; que adem\u00e1s compromete la situaci\u00f3n financiera de municipios y comunas, generando una conflictividad laboral que pone en riesgo la prestaci\u00f3n de los servicios p\u00fablicos y la paz social de muchas poblaciones santafesinas.<\/p>\n<p>La FESTRAM cuestiona, severamente, la decisi\u00f3n de los funcionarios municipales que priorizan sus necesidades electorales o partidarias, recurriendo al clientelismo pol\u00edtico con el avasallamiento de derechos y con abuso de recursos p\u00fablicos, generando una problem\u00e1tica social que indefectiblemente involucra a las Organizaciones Sindicales que deben afrontar con situaciones conflictivas estas decisiones irresponsables; que se agravan, a\u00fan m\u00e1s, cuando los resultados electorales determinan un cambio de autoridades, como ya ha venido ocurriendo, a\u00f1o tras a\u00f1o, en varias localidades de nuestra Provincia.<\/p>\n<p>En tanto el titular de FESTRAM, Claudio Leoni asegur\u00f3 que:\u00bb&#8230; todos los conflictos gremiales que se producen tienen su ra\u00edz en el trabajo precario e informal, que indefectiblemente declinan y menoscaban los derechos, las condiciones de trabajo y los salarios de los trabajadores&#8230;\u00bb y resalt\u00f3, tambi\u00e9n, que: \u00abeste a\u00f1o continuaremos exigiendo una Ley de Convenio Colectivo de Trabajo, que regularice la situaci\u00f3n de miles de trabajadores informales y nos permita contar con instrumentos legales que aseguren un nuevo ordenamiento laboral y salarial m\u00e1s justo y equitativo en el conjunto de los Municipios y Comunas\u00bb.<\/p>\n<h6>Fuente: Sin Mordaza<\/h6>\n","protected":false},"excerpt":{"rendered":"<p>Advertencia de Festram por la contrataci\u00f3n irregular de trabajadores en municipios y comunas. Denuncian que en el inicio del a\u00f1o electoral se intensifican las contrataciones fraudulentas. La Federaci\u00f3n de Trabajadores Municipales de la Provincia de Santa Fe, reclam\u00f3, p\u00fablicamente, a los Intendentes y Presidentes de Comunas que no recurran a pr\u00e1cticas fraudulentas en la contrataci\u00f3n<\/p>\n","protected":false},"author":2,"featured_media":0,"comment_status":"closed","ping_status":"closed","sticky":false,"template":"","format":"standard","meta":{"footnotes":""},"categories":[7],"tags":[10],"class_list":["post-23244","post","type-post","status-publish","format-standard","hentry","category-informe-sindical","tag-santa-fe"],"_links":{"self":[{"href":"http:\/\/argentinamunicipal.com.ar\/argentina\/wp-json\/wp\/v2\/posts\/23244","targetHints":{"allow":["GET"]}}],"collection":[{"href":"http:\/\/argentinamunicipal.com.ar\/argentina\/wp-json\/wp\/v2\/posts"}],"about":[{"href":"http:\/\/argentinamunicipal.com.ar\/argentina\/wp-json\/wp\/v2\/types\/post"}],"author":[{"embeddable":true,"href":"http:\/\/argentinamunicipal.com.ar\/argentina\/wp-json\/wp\/v2\/users\/2"}],"replies":[{"embeddable":true,"href":"http:\/\/argentinamunicipal.com.ar\/argentina\/wp-json\/wp\/v2\/comments?post=23244"}],"version-history":[{"count":0,"href":"http:\/\/argentinamunicipal.com.ar\/argentina\/wp-json\/wp\/v2\/posts\/23244\/revisions"}],"wp:attachment":[{"href":"http:\/\/argentinamunicipal.com.ar\/argentina\/wp-json\/wp\/v2\/media?parent=23244"}],"wp:term":[{"taxonomy":"category","embeddable":true,"href":"http:\/\/argentinamunicipal.com.ar\/argentina\/wp-json\/wp\/v2\/categories?post=23244"},{"taxonomy":"post_tag","embeddable":true,"href":"http:\/\/argentinamunicipal.com.ar\/argentina\/wp-json\/wp\/v2\/tags?post=23244"}],"curies":[{"name":"wp","href":"https:\/\/api.w.org\/{rel}","templated":true}]}}