{"id":23307,"date":"2015-01-27T08:49:39","date_gmt":"2015-01-27T11:49:39","guid":{"rendered":"http:\/\/argentinamunicipal.com.ar\/argentina\/?p=23307"},"modified":"2015-01-27T08:49:39","modified_gmt":"2015-01-27T11:49:39","slug":"destinan-mas-de-310-millones-de-pesos-para-planes-de-vivienda-en-rosario","status":"publish","type":"post","link":"http:\/\/argentinamunicipal.com.ar\/argentina\/destinan-mas-de-310-millones-de-pesos-para-planes-de-vivienda-en-rosario\/","title":{"rendered":"Destinan m\u00e1s de 310 millones de pesos para planes de vivienda en Rosario"},"content":{"rendered":"<div id=\"attachment_23308\" style=\"width: 631px\" class=\"wp-caption aligncenter\"><a href=\"http:\/\/argentinamunicipal.com.ar\/argentina\/wp-content\/uploads\/2015\/01\/01-27-c502-.jpg_88717827.jpg\"><img loading=\"lazy\" decoding=\"async\" aria-describedby=\"caption-attachment-23308\" class=\"size-full wp-image-23308\" src=\"http:\/\/argentinamunicipal.com.ar\/argentina\/wp-content\/uploads\/2015\/01\/01-27-c502-.jpg_88717827.jpg\" alt=\"La intendenta Fein y el gobernador Bonfatti encabezaron el acto.\" width=\"621\" height=\"465\" srcset=\"http:\/\/argentinamunicipal.com.ar\/argentina\/wp-content\/uploads\/2015\/01\/01-27-c502-.jpg_88717827.jpg 621w, http:\/\/argentinamunicipal.com.ar\/argentina\/wp-content\/uploads\/2015\/01\/01-27-c502-.jpg_88717827-300x225.jpg 300w\" sizes=\"auto, (max-width: 621px) 100vw, 621px\" \/><\/a><p id=\"caption-attachment-23308\" class=\"wp-caption-text\">La intendenta Fein y el gobernador Bonfatti encabezaron el acto.<\/p><\/div>\n<p>El gobernador Antonio Bonfatti y la intendenta M\u00f3nica Fein avanzaron para completar la urbanizaci\u00f3n del Parque Habitacional Ibarlucea y en la ejecuci\u00f3n de 473 unidades.<\/p>\n<p>La sede de Gobernaci\u00f3n fue escenario ayer del acto de apertura de ofertas econ\u00f3micas para la urbanizaci\u00f3n de 260 lotes del programa \u00abMi tierra, mi casa\u00bb. Asimismo, se realiz\u00f3 la firma de contratos para la ejecuci\u00f3n de 473 viviendas. Ambos emprendimientos se generar\u00e1n dentro de Rosario y requerir\u00e1n una inversi\u00f3n conjunta de m\u00e1s de 310 millones de pesos. El encuentro fue liderado por el jefe de la Casa Gris, Antonio Bonfatti, y la intendenta M\u00f3nica Fein.<\/p>\n<p>El mandatario provincial se mostr\u00f3 entusiasmado con las chances de progreso que impulsan este tipo de acciones. \u00abSeguimos garantizando el derecho a la vivienda y creyendo profundamente en el programa, porque cuando uno entrega lotes, luego la casa, de alguna forma u otra, se levanta\u00bb.<\/p>\n<p>\u00abEsto se realiza con recursos propios de la provincia de Santa Fe y sin recibir un solo peso de otras jurisdicciones para llevar adelante la propuesta de viviendas\u00bb, se encarg\u00f3 de aclarar el gobernador.<\/p>\n<p>En primera instancia, se abrieron las ofertas de la licitaci\u00f3n que apunta a la urbanizaci\u00f3n de 260 parcelas del programa \u00abMi tierra, mi casa\u00bb en el Parque Habitacional Ibarlucea. Es la segunda etapa del loteo, que ya exhibe 1.033 terrenos con infraestructura.<\/p>\n<p>El presupuesto oficial para esta iniciativa es de 42.857.195 pesos y comprende la ejecuci\u00f3n de las redes el\u00e9ctricas y de agua potable, adem\u00e1s de alumbrado p\u00fablico, desag\u00fces pluviales, red vial, veredas peatonales, rampas y vegetaci\u00f3n. El plazo de obra es de diez meses.<\/p>\n<p>Los ofrecimientos que se presentaron ante las autoridades fueron cinco: la primera, de Milicic SA, de 54.932.211,75 pesos; la segunda, de Obring SA, de 54.027.734,53 pesos; la tercera, de Rovial SA, por 54.601.536,84 pesos; la cuarta, de Edeca SA, por 51.984.636,59 pesos, y la quinta de Rascovich SAI, por 56.099.299,36 pesos.<\/p>\n<p>Los lotes resultantes luego de la urbanizaci\u00f3n ser\u00e1n adjudicados por sorteos p\u00fablicos que se realizar\u00e1n en fecha cercana a la finalizaci\u00f3n de las tareas, con la base de familias que se encuentren inscriptas en el Registro Unico de Inscripci\u00f3n Permanente (Ruip) de la Direcci\u00f3n Provincial de Vivienda y Urbanismo.<\/p>\n<p>M\u00e1s tarde, Bonfatti sell\u00f3 tres contratos destinados a la ejecuci\u00f3n de 473 viviendas en distintas zonas dentro de Rosario (que tendr\u00e1 como principales destinatarios a polic\u00edas y tambi\u00e9n a demanda general). Los mismos requieren una inversi\u00f3n de 268.214.090 pesos y el plazo de obra en todos los casos es de doce meses.<\/p>\n<p>Dos contratos (uno por 148 casas y otro por 134) fueron rubricados con la empresa Dycasa SA. En tanto, un tercero (por 191 unidades habitacionales) ser\u00e1 firmado con Epreco SA.<\/p>\n<p>\u00abDentro de 15 \u00f3 20 d\u00edas comenzaremos con las obras, por lo que en los primeros meses del a\u00f1o pr\u00f3ximo estaremos en condiciones de entrega. Creemos que es un gran paso para la ciudad en materia habitacional\u00bb, subray\u00f3 el secretario de Estado del H\u00e1bitat provincial, Gustavo Leone.<\/p>\n<p>Continuidad. Por su parte, Bonfatti resalt\u00f3: \u00abVamos a seguir con esto a lo largo y ancho de la provincia. Y seguiremos en Rosario, donde existe, por su peso espec\u00edfico, la mayor demanda de viviendas\u00bb.<\/p>\n<p>D\u00edas atr\u00e1s, \u00abMi tierra, mi casa\u00bb recibi\u00f3 gestos de apoyo de las inmobiliarias de Rosario para duplicar la oferta de lotes disponibles para familias sin acceso al mercado privado.<\/p>\n<p>Dentro de ese cuadro de acci\u00f3n, la c\u00e1mara que agrupa a las inmobiliarias de la ciudad expres\u00f3 su apoyo a esta convocatoria, ofreci\u00e9ndose a actuar como nexo y organizar jornadas de difusi\u00f3n sobre el llamado.<\/p>\n<p>En ese marco, las inmobiliarias podr\u00e1n oficiar como elemento de coordinaci\u00f3n entre sus afiliados y la provincia con el objetivo de concretar los primeros acuerdos.<\/p>\n<p>Al respecto, en marzo pr\u00f3ximo se organizar\u00e1 de manera conjunta una jornada para difundir esta herramienta.<\/p>\n<p>La ceremonia se llev\u00f3 a cabo en el Sal\u00f3n Blanco de la sede de Gobernaci\u00f3n y tambi\u00e9n cont\u00f3 con la presencia de los ministros provinciales de Seguridad, Ra\u00fal Lamberto; de Salud, Mario Drisun; de Innovaci\u00f3n y Cultura, Mar\u00eda de los Angeles Gonz\u00e1lez; de Educaci\u00f3n, Claudia Balagu\u00e9, y de Desarrollo Social, M\u00f3nica Bifarello, adem\u00e1s el senador departamental Miguel Lifschitz.<\/p>\n<h6>Fuente: La Capital, Rosario<\/h6>\n","protected":false},"excerpt":{"rendered":"<p>El gobernador Antonio Bonfatti y la intendenta M\u00f3nica Fein avanzaron para completar la urbanizaci\u00f3n del Parque Habitacional Ibarlucea y en la ejecuci\u00f3n de 473 unidades. La sede de Gobernaci\u00f3n fue escenario ayer del acto de apertura de ofertas econ\u00f3micas para la urbanizaci\u00f3n de 260 lotes del programa \u00abMi tierra, mi casa\u00bb. Asimismo, se realiz\u00f3 la<\/p>\n","protected":false},"author":2,"featured_media":23308,"comment_status":"closed","ping_status":"closed","sticky":false,"template":"","format":"standard","meta":{"footnotes":""},"categories":[2],"tags":[10],"class_list":["post-23307","post","type-post","status-publish","format-standard","has-post-thumbnail","hentry","category-informe-municipal","tag-santa-fe"],"_links":{"self":[{"href":"http:\/\/argentinamunicipal.com.ar\/argentina\/wp-json\/wp\/v2\/posts\/23307","targetHints":{"allow":["GET"]}}],"collection":[{"href":"http:\/\/argentinamunicipal.com.ar\/argentina\/wp-json\/wp\/v2\/posts"}],"about":[{"href":"http:\/\/argentinamunicipal.com.ar\/argentina\/wp-json\/wp\/v2\/types\/post"}],"author":[{"embeddable":true,"href":"http:\/\/argentinamunicipal.com.ar\/argentina\/wp-json\/wp\/v2\/users\/2"}],"replies":[{"embeddable":true,"href":"http:\/\/argentinamunicipal.com.ar\/argentina\/wp-json\/wp\/v2\/comments?post=23307"}],"version-history":[{"count":0,"href":"http:\/\/argentinamunicipal.com.ar\/argentina\/wp-json\/wp\/v2\/posts\/23307\/revisions"}],"wp:featuredmedia":[{"embeddable":true,"href":"http:\/\/argentinamunicipal.com.ar\/argentina\/wp-json\/wp\/v2\/media\/23308"}],"wp:attachment":[{"href":"http:\/\/argentinamunicipal.com.ar\/argentina\/wp-json\/wp\/v2\/media?parent=23307"}],"wp:term":[{"taxonomy":"category","embeddable":true,"href":"http:\/\/argentinamunicipal.com.ar\/argentina\/wp-json\/wp\/v2\/categories?post=23307"},{"taxonomy":"post_tag","embeddable":true,"href":"http:\/\/argentinamunicipal.com.ar\/argentina\/wp-json\/wp\/v2\/tags?post=23307"}],"curies":[{"name":"wp","href":"https:\/\/api.w.org\/{rel}","templated":true}]}}