{"id":23316,"date":"2015-01-27T09:01:22","date_gmt":"2015-01-27T12:01:22","guid":{"rendered":"http:\/\/argentinamunicipal.com.ar\/argentina\/?p=23316"},"modified":"2015-01-27T09:01:22","modified_gmt":"2015-01-27T12:01:22","slug":"masivo-reclamo-en-mexico-por-los-43-estudiantes-desaparecidos","status":"publish","type":"post","link":"http:\/\/argentinamunicipal.com.ar\/argentina\/masivo-reclamo-en-mexico-por-los-43-estudiantes-desaparecidos\/","title":{"rendered":"Masivo reclamo en M\u00e9xico por los 43 estudiantes desaparecidos"},"content":{"rendered":"<p><a href=\"http:\/\/argentinamunicipal.com.ar\/argentina\/wp-content\/uploads\/2015\/01\/FileAccessHandler.jpg\"><img loading=\"lazy\" decoding=\"async\" class=\"aligncenter size-full wp-image-23317\" src=\"http:\/\/argentinamunicipal.com.ar\/argentina\/wp-content\/uploads\/2015\/01\/FileAccessHandler.jpg\" alt=\"FileAccessHandler\" width=\"680\" height=\"393\" srcset=\"http:\/\/argentinamunicipal.com.ar\/argentina\/wp-content\/uploads\/2015\/01\/FileAccessHandler.jpg 680w, http:\/\/argentinamunicipal.com.ar\/argentina\/wp-content\/uploads\/2015\/01\/FileAccessHandler-300x173.jpg 300w\" sizes=\"auto, (max-width: 680px) 100vw, 680px\" \/><\/a><br \/>\nUna multitud exigi\u00f3 que se esclarezca el caso de los 43 estudiantes desaparecidos.<\/p>\n<p>Distrito Federal (M\u00e9xico). Miles de personas marcharon ayer con la consigna de \u2028\u201cVivos los llevaron, vivos los queremos\u201d, en cuatro manifestaciones simult\u00e1neas hacia la Plaza del Z\u00f3calo de Ciudad \u2028de M\u00e9xico, a cuatro meses de la desaparici\u00f3n y presunto asesinato de 43 estudiantes de Ayotzinapa, estado de Guerrero.<\/p>\n<p>Un cartel que dec\u00eda \u201cEj\u00e9rcito Asesino 43\u201d fue colocado junto a la columna de la Independencia sobre el Paseo de la Reforma para recibir a uno de los contingentes. \u201cNo tenemos ninguna confianza en los resultados que presentaron los autoridades. Los militares y la polic\u00eda se \u2028los llevaron\u201d, dijo a la prensa \u00adAndrea, una joven participante \u2028en la marcha.<\/p>\n<p>La joven agreg\u00f3 que en M\u00e9xico \u201clos cuerpos de seguridad tienen una historia de represi\u00f3n de movimientos sociales. Los estudiantes han sido una piedra en el zapato de la oligarqu\u00eda mejicana\u201d, agreg\u00f3 la joven.<\/p>\n<p>La marcha se replica en diversas ciudades mejicanas y tambi\u00e9n del exterior, en solidaridad con los familiares de los j\u00f3venes desaparecidos, de los cuales s\u00f3lo uno, Alexander Mora Venancio, fue identificado en laboratorios de Austria a partir de restos \u00f3seos hallados en un basural de Cocula, ciudad perteneciente al municipio guerrerista de Iguala.<\/p>\n<p>Otros restos que se enviaron a peritar est\u00e1n demasiado calcinados como para identificar en ellos el ADN que permita compararlo con los de los familiares de los desaparecidos.<\/p>\n<p>El 26 de septiembre los estudiantes primero fueron perseguidos por polic\u00edas municipales para evitar que sabotearan un acto pol\u00edtico de la esposa del alcalde de la ciudad de Iguala. Hubo seis muertos, uno de ellos despellejado, y 25 heridos.<\/p>\n<p>Seg\u00fan las investigaciones, despu\u00e9s de su detenci\u00f3n los estudiantes fueron entregados a sicarios del c\u00e1rtel Guerreros Unidos que presuntamente creyeron en un inicio que se trataba de miembros de un grupo rival y que, despu\u00e9s de interrogarlos, los asesinaron e incineraron en un basurero para no dejar rastros.<\/p>\n<h6>Fuente: La Voz del Interior<\/h6>\n","protected":false},"excerpt":{"rendered":"<p>Una multitud exigi\u00f3 que se esclarezca el caso de los 43 estudiantes desaparecidos. Distrito Federal (M\u00e9xico). Miles de personas marcharon ayer con la consigna de \u2028\u201cVivos los llevaron, vivos los queremos\u201d, en cuatro manifestaciones simult\u00e1neas hacia la Plaza del Z\u00f3calo de Ciudad \u2028de M\u00e9xico, a cuatro meses de la desaparici\u00f3n y presunto asesinato de 43<\/p>\n","protected":false},"author":2,"featured_media":23317,"comment_status":"closed","ping_status":"closed","sticky":false,"template":"","format":"standard","meta":{"footnotes":""},"categories":[22],"tags":[57],"class_list":["post-23316","post","type-post","status-publish","format-standard","has-post-thumbnail","hentry","category-el-mundo","tag-el-mundo"],"_links":{"self":[{"href":"http:\/\/argentinamunicipal.com.ar\/argentina\/wp-json\/wp\/v2\/posts\/23316","targetHints":{"allow":["GET"]}}],"collection":[{"href":"http:\/\/argentinamunicipal.com.ar\/argentina\/wp-json\/wp\/v2\/posts"}],"about":[{"href":"http:\/\/argentinamunicipal.com.ar\/argentina\/wp-json\/wp\/v2\/types\/post"}],"author":[{"embeddable":true,"href":"http:\/\/argentinamunicipal.com.ar\/argentina\/wp-json\/wp\/v2\/users\/2"}],"replies":[{"embeddable":true,"href":"http:\/\/argentinamunicipal.com.ar\/argentina\/wp-json\/wp\/v2\/comments?post=23316"}],"version-history":[{"count":0,"href":"http:\/\/argentinamunicipal.com.ar\/argentina\/wp-json\/wp\/v2\/posts\/23316\/revisions"}],"wp:featuredmedia":[{"embeddable":true,"href":"http:\/\/argentinamunicipal.com.ar\/argentina\/wp-json\/wp\/v2\/media\/23317"}],"wp:attachment":[{"href":"http:\/\/argentinamunicipal.com.ar\/argentina\/wp-json\/wp\/v2\/media?parent=23316"}],"wp:term":[{"taxonomy":"category","embeddable":true,"href":"http:\/\/argentinamunicipal.com.ar\/argentina\/wp-json\/wp\/v2\/categories?post=23316"},{"taxonomy":"post_tag","embeddable":true,"href":"http:\/\/argentinamunicipal.com.ar\/argentina\/wp-json\/wp\/v2\/tags?post=23316"}],"curies":[{"name":"wp","href":"https:\/\/api.w.org\/{rel}","templated":true}]}}