{"id":23337,"date":"2015-01-27T09:28:17","date_gmt":"2015-01-27T12:28:17","guid":{"rendered":"http:\/\/argentinamunicipal.com.ar\/argentina\/?p=23337"},"modified":"2015-01-27T09:28:17","modified_gmt":"2015-01-27T12:28:17","slug":"chubut-capacitacion-para-jovenes-y-mejoras-habitacionales-para-vecinos-de-comunas-rurales","status":"publish","type":"post","link":"http:\/\/argentinamunicipal.com.ar\/argentina\/chubut-capacitacion-para-jovenes-y-mejoras-habitacionales-para-vecinos-de-comunas-rurales\/","title":{"rendered":"Chubut: Capacitaci\u00f3n para j\u00f3venes y mejoras habitacionales para vecinos de Comunas Rurales"},"content":{"rendered":"<p><a href=\"http:\/\/argentinamunicipal.com.ar\/argentina\/wp-content\/uploads\/2015\/01\/comunas-rurales.jpg\"><img loading=\"lazy\" decoding=\"async\" class=\"aligncenter size-full wp-image-23338\" src=\"http:\/\/argentinamunicipal.com.ar\/argentina\/wp-content\/uploads\/2015\/01\/comunas-rurales.jpg\" alt=\"comunas-rurales\" width=\"619\" height=\"347\" srcset=\"http:\/\/argentinamunicipal.com.ar\/argentina\/wp-content\/uploads\/2015\/01\/comunas-rurales.jpg 619w, http:\/\/argentinamunicipal.com.ar\/argentina\/wp-content\/uploads\/2015\/01\/comunas-rurales-300x168.jpg 300w\" sizes=\"auto, (max-width: 619px) 100vw, 619px\" \/><\/a><\/p>\n<p>La ministra de la Familia, Rosa Gonz\u00e1lez, dio detalles de las acciones realizadas por el Gobierno durante este fin de semana, en especial en Lagunita Salada, donde el gobernador Buzzi encabez\u00f3 el acto de una nueva edici\u00f3n de la Fiesta Provincial del Acorde\u00f3n y la Guitarra.<\/p>\n<p>El Gobierno del Chubut, a trav\u00e9s de la ministra de la Familia y Promoci\u00f3n Social, Rosa Gonz\u00e1lez, brind\u00f3 este lunes en Casa de Gobierno una rueda de prensa en la que dio detalles del trabajo que se realiza en las Comunas Rurales con los j\u00f3venes y con los vecinos en general.<\/p>\n<p>Precis\u00f3 que el s\u00e1bado, durante el acto que encabez\u00f3 el gobernador Buzzi por la sexta edici\u00f3n de la Fiesta Provincial del Acorde\u00f3n y la Guitarra en Lagunita Salada, \u201cel Ministerio de la Familia aport\u00f3 a la Comuna Rural un financiamiento de 100.000 pesos para 10 familias fundamentalmente para el mejoramiento del h\u00e1bitat, en este caso de los techos de las viviendas\u201d.<\/p>\n<p>Sin dudas \u201cesta es una de los principales demandas que se han ido planteando el a\u00f1o pasado en \u2018Casa Abierta\u2019\u201d.<br \/>\nEn esta l\u00ednea \u201cse ha trabajado fuertemente con el jefe de la comuna rural, Mario Ycasate, en visualizar cu\u00e1les son las familias que requieren el acompa\u00f1amiento del Estado y por eso se ha entregado este aporte\u201d.<\/p>\n<h3>Trabajo con los j\u00f3venes<\/h3>\n<p>Tambi\u00e9n \u201crealizamos un trabajo con los j\u00f3venes de la Comuna. Diez chicos han trabajado en el relevamiento del patrimonio cultural, principalmente en algunas casas que hacen a la historia de la comuna, construcciones de adobe y en la remodelaci\u00f3n de fachadas\u201d.<\/p>\n<p>A su vez, \u201cse realiz\u00f3 una capacitaci\u00f3n en herrer\u00eda para que ellos puedan trabajar en la fabricaci\u00f3n de cestos de basura comunitarios y esto se nota al recorrer la comuna\u201d.<\/p>\n<p>Por otra parte, \u201cse gestion\u00f3 tambi\u00e9n junto al Ministerio de Educaci\u00f3n el aporte del aula taller m\u00f3vil donde los j\u00f3venes se pueden capacitar en su lugar y no tienen que emigrar a los grandes centros urbanos\u201d.<\/p>\n<p>\u201cEsto se viene haciendo en diferentes comunas y fundamentalmente apuntando a los j\u00f3venes, porque desde el Gobierno creemos que es la franja etaria que m\u00e1s ocupaci\u00f3n y atenci\u00f3n necesita por parte del Estado\u201d, remarc\u00f3 Rosa Gonz\u00e1lez.<\/p>\n<p>En este sentido, la ministra agreg\u00f3 que \u201cse est\u00e1n financiando tambi\u00e9n proyectos que tienen que ver con el primer empleo, para los j\u00f3venes y las mujeres, que son grupos sociales que tienen m\u00e1s dificultades en acceder a una actividad laboral\u201d.<\/p>\n<p>\u201cLos ayudamos en la formulaci\u00f3n de proyectos y para que puedan detectar cu\u00e1les son sus potencialidades y tambi\u00e9n por supuesto estar a la altura de la demanda\u201d, indic\u00f3.<\/p>\n<h6>Fuente: El Oeste<\/h6>\n","protected":false},"excerpt":{"rendered":"<p>La ministra de la Familia, Rosa Gonz\u00e1lez, dio detalles de las acciones realizadas por el Gobierno durante este fin de semana, en especial en Lagunita Salada, donde el gobernador Buzzi encabez\u00f3 el acto de una nueva edici\u00f3n de la Fiesta Provincial del Acorde\u00f3n y la Guitarra. El Gobierno del Chubut, a trav\u00e9s de la ministra<\/p>\n","protected":false},"author":2,"featured_media":23338,"comment_status":"closed","ping_status":"closed","sticky":false,"template":"","format":"standard","meta":{"footnotes":""},"categories":[2],"tags":[14],"class_list":["post-23337","post","type-post","status-publish","format-standard","has-post-thumbnail","hentry","category-informe-municipal","tag-chubut"],"_links":{"self":[{"href":"http:\/\/argentinamunicipal.com.ar\/argentina\/wp-json\/wp\/v2\/posts\/23337","targetHints":{"allow":["GET"]}}],"collection":[{"href":"http:\/\/argentinamunicipal.com.ar\/argentina\/wp-json\/wp\/v2\/posts"}],"about":[{"href":"http:\/\/argentinamunicipal.com.ar\/argentina\/wp-json\/wp\/v2\/types\/post"}],"author":[{"embeddable":true,"href":"http:\/\/argentinamunicipal.com.ar\/argentina\/wp-json\/wp\/v2\/users\/2"}],"replies":[{"embeddable":true,"href":"http:\/\/argentinamunicipal.com.ar\/argentina\/wp-json\/wp\/v2\/comments?post=23337"}],"version-history":[{"count":0,"href":"http:\/\/argentinamunicipal.com.ar\/argentina\/wp-json\/wp\/v2\/posts\/23337\/revisions"}],"wp:featuredmedia":[{"embeddable":true,"href":"http:\/\/argentinamunicipal.com.ar\/argentina\/wp-json\/wp\/v2\/media\/23338"}],"wp:attachment":[{"href":"http:\/\/argentinamunicipal.com.ar\/argentina\/wp-json\/wp\/v2\/media?parent=23337"}],"wp:term":[{"taxonomy":"category","embeddable":true,"href":"http:\/\/argentinamunicipal.com.ar\/argentina\/wp-json\/wp\/v2\/categories?post=23337"},{"taxonomy":"post_tag","embeddable":true,"href":"http:\/\/argentinamunicipal.com.ar\/argentina\/wp-json\/wp\/v2\/tags?post=23337"}],"curies":[{"name":"wp","href":"https:\/\/api.w.org\/{rel}","templated":true}]}}