{"id":23361,"date":"2015-01-27T10:21:53","date_gmt":"2015-01-27T13:21:53","guid":{"rendered":"http:\/\/argentinamunicipal.com.ar\/argentina\/?p=23361"},"modified":"2015-01-27T10:21:53","modified_gmt":"2015-01-27T13:21:53","slug":"fidel-castro-no-confia-en-estados-unidos-pero-respalda-la-solucion-pacifica-los-conflictos","status":"publish","type":"post","link":"http:\/\/argentinamunicipal.com.ar\/argentina\/fidel-castro-no-confia-en-estados-unidos-pero-respalda-la-solucion-pacifica-los-conflictos\/","title":{"rendered":"Fidel Castro no conf\u00eda en Estados Unidos pero respalda la soluci\u00f3n pac\u00edfica a los conflictos"},"content":{"rendered":"<p><a href=\"http:\/\/argentinamunicipal.com.ar\/argentina\/wp-content\/uploads\/2015\/01\/54c76f522ef17_800x533.jpg\"><img loading=\"lazy\" decoding=\"async\" class=\"aligncenter  wp-image-23362\" src=\"http:\/\/argentinamunicipal.com.ar\/argentina\/wp-content\/uploads\/2015\/01\/54c76f522ef17_800x533.jpg\" alt=\"54c76f522ef17_800x533\" width=\"702\" height=\"468\" srcset=\"http:\/\/argentinamunicipal.com.ar\/argentina\/wp-content\/uploads\/2015\/01\/54c76f522ef17_800x533.jpg 800w, http:\/\/argentinamunicipal.com.ar\/argentina\/wp-content\/uploads\/2015\/01\/54c76f522ef17_800x533-300x200.jpg 300w\" sizes=\"auto, (max-width: 702px) 100vw, 702px\" \/><\/a><br \/>\nEl l\u00edder hist\u00f3rico de la Revoluci\u00f3n Cubana envi\u00f3 ayer un mensaje a la Federaci\u00f3n Estudiantil Universitaria que fue le\u00eddo en el Aula Magna de la Universidad de La Habana, en el que reflexion\u00f3 sobre el restablecimiento de relaciones entre Cuba y Estados Unidos.<\/p>\n<p>\u00abDesde el a\u00f1o 2006, por cuestiones de salud incompatibles con el tiempo y el esfuerzo necesario para cumplir un deber -que me impuse a m\u00ed mismo cuando ingres\u00e9 en esta Universidad el 4 de septiembre de 1945, hace 70 a\u00f1os-, renunci\u00e9 a mis cargos\u00bb, dijo en el primer p\u00e1rrafo del mensaje que fue le\u00eddo por el presidente de la FEU, Randy Perdomo, y transmitido por la televisi\u00f3n estatal.<\/p>\n<p>\u00abNo era hijo de obrero, ni carente de recursos materiales y sociales para una existencia relativamente c\u00f3moda; puedo decir que escap\u00e9 milagrosamente de la riqueza\u00bb, ironiz\u00f3 el ex presidente en el mensaje enviado en v\u00edsperas del 162 aniversario del natalicio de Jos\u00e9 Mart\u00ed, citado por Prensa Latina y EFE.<\/p>\n<p>En su primer pronunciamiento sobre el hist\u00f3rico acercamiento diplom\u00e1tico entre Cuba y Estados Unidos, desde 1961, que fue anunciado el pasado 17 de diciembre por los presidentes Ra\u00fal Castro y Barack Obama, afirm\u00f3 que no conf\u00eda en la pol\u00edtica de Estados Unidos, aunque respalda la \u00absoluci\u00f3n pac\u00edfica\u00bb y \u00abnegociada\u00bb a los conflictos de acuerdo con las normas internacionales.<\/p>\n<p>\u00abNo conf\u00edo en la pol\u00edtica de Estados Unidos ni he intercambiado una palabra con ellos, sin que esto signifique, ni mucho menos, un rechazo a una soluci\u00f3n pac\u00edfica de los conflictos o peligros de guerra\u00bb, aclar\u00f3 Fidel Castro en el texto.<\/p>\n<p>Acerca del restablecimiento de relaciones entre Cuba y Estados Unidos, Fidel indic\u00f3 que \u00abel presidente de Cuba (Ra\u00fal Castro, su hermano) ha dado los pasos pertinentes de acuerdo con sus prerrogativas y las facultades que le conceden la Asamblea Nacional y el Partido Comunista de Cuba\u00bb.<\/p>\n<p>\u00abDefender la paz es un deber de todos. Cualquier soluci\u00f3n pac\u00edfica y negociada a los problemas entre Estados Unidos y los pueblos o cualquier pueblo de Am\u00e9rica Latina, que no implique la fuerza o el empleo de la fuerza, deber\u00e1 ser tratada de acuerdo a los principios y normas internacionales\u00bb, agreg\u00f3 el l\u00edder de la revoluci\u00f3n cubana.<\/p>\n<p>Tambi\u00e9n se\u00f1al\u00f3 que Cuba defender\u00e1 siempre \u00abla cooperaci\u00f3n y la amistad con todos los pueblos del mundo y entre ellos los de nuestros adversarios pol\u00edticos. Es lo que estamos reclamando para todos\u00bb.<\/p>\n<p>El mensaje lleg\u00f3 tres d\u00edas despu\u00e9s de finalizar la primera ronda de contactos oficiales entre La Habana y Washington celebrados en Cuba el 21 y el 22 de enero para trazar la ruta del deshielo diplom\u00e1tico.<\/p>\n<h6>Fuente: T\u00e9lam<\/h6>\n","protected":false},"excerpt":{"rendered":"<p>El l\u00edder hist\u00f3rico de la Revoluci\u00f3n Cubana envi\u00f3 ayer un mensaje a la Federaci\u00f3n Estudiantil Universitaria que fue le\u00eddo en el Aula Magna de la Universidad de La Habana, en el que reflexion\u00f3 sobre el restablecimiento de relaciones entre Cuba y Estados Unidos. \u00abDesde el a\u00f1o 2006, por cuestiones de salud incompatibles con el tiempo<\/p>\n","protected":false},"author":2,"featured_media":23362,"comment_status":"closed","ping_status":"closed","sticky":false,"template":"","format":"standard","meta":{"footnotes":""},"categories":[22],"tags":[57],"class_list":["post-23361","post","type-post","status-publish","format-standard","has-post-thumbnail","hentry","category-el-mundo","tag-el-mundo"],"_links":{"self":[{"href":"http:\/\/argentinamunicipal.com.ar\/argentina\/wp-json\/wp\/v2\/posts\/23361","targetHints":{"allow":["GET"]}}],"collection":[{"href":"http:\/\/argentinamunicipal.com.ar\/argentina\/wp-json\/wp\/v2\/posts"}],"about":[{"href":"http:\/\/argentinamunicipal.com.ar\/argentina\/wp-json\/wp\/v2\/types\/post"}],"author":[{"embeddable":true,"href":"http:\/\/argentinamunicipal.com.ar\/argentina\/wp-json\/wp\/v2\/users\/2"}],"replies":[{"embeddable":true,"href":"http:\/\/argentinamunicipal.com.ar\/argentina\/wp-json\/wp\/v2\/comments?post=23361"}],"version-history":[{"count":0,"href":"http:\/\/argentinamunicipal.com.ar\/argentina\/wp-json\/wp\/v2\/posts\/23361\/revisions"}],"wp:featuredmedia":[{"embeddable":true,"href":"http:\/\/argentinamunicipal.com.ar\/argentina\/wp-json\/wp\/v2\/media\/23362"}],"wp:attachment":[{"href":"http:\/\/argentinamunicipal.com.ar\/argentina\/wp-json\/wp\/v2\/media?parent=23361"}],"wp:term":[{"taxonomy":"category","embeddable":true,"href":"http:\/\/argentinamunicipal.com.ar\/argentina\/wp-json\/wp\/v2\/categories?post=23361"},{"taxonomy":"post_tag","embeddable":true,"href":"http:\/\/argentinamunicipal.com.ar\/argentina\/wp-json\/wp\/v2\/tags?post=23361"}],"curies":[{"name":"wp","href":"https:\/\/api.w.org\/{rel}","templated":true}]}}