{"id":23400,"date":"2015-01-28T09:12:19","date_gmt":"2015-01-28T12:12:19","guid":{"rendered":"http:\/\/argentinamunicipal.com.ar\/argentina\/?p=23400"},"modified":"2015-01-28T09:12:19","modified_gmt":"2015-01-28T12:12:19","slug":"sobrevivientes-de-auschwitz-piden-que-no-se-olvide-el-horror-del-holocausto","status":"publish","type":"post","link":"http:\/\/argentinamunicipal.com.ar\/argentina\/sobrevivientes-de-auschwitz-piden-que-no-se-olvide-el-horror-del-holocausto\/","title":{"rendered":"Sobrevivientes de Auschwitz piden que no se olvide el horror del holocausto"},"content":{"rendered":"<div id=\"attachment_23401\" style=\"width: 631px\" class=\"wp-caption aligncenter\"><a href=\"http:\/\/argentinamunicipal.com.ar\/argentina\/wp-content\/uploads\/2015\/01\/em2601-na.jpg_88717827.jpg\"><img loading=\"lazy\" decoding=\"async\" aria-describedby=\"caption-attachment-23401\" class=\"size-full wp-image-23401\" src=\"http:\/\/argentinamunicipal.com.ar\/argentina\/wp-content\/uploads\/2015\/01\/em2601-na.jpg_88717827.jpg\" alt=\"Homenaje. Roman Kent presidi\u00f3 la ceremonia a la que asistieron sobrevivientes y mandatarios de varios pa\u00edses.\" width=\"621\" height=\"465\" srcset=\"http:\/\/argentinamunicipal.com.ar\/argentina\/wp-content\/uploads\/2015\/01\/em2601-na.jpg_88717827.jpg 621w, http:\/\/argentinamunicipal.com.ar\/argentina\/wp-content\/uploads\/2015\/01\/em2601-na.jpg_88717827-300x225.jpg 300w\" sizes=\"auto, (max-width: 621px) 100vw, 621px\" \/><\/a><p id=\"caption-attachment-23401\" class=\"wp-caption-text\">Homenaje. Roman Kent presidi\u00f3 la ceremonia a la que asistieron sobrevivientes y mandatarios de varios pa\u00edses.<\/p><\/div>\n<p>Enf\u00e1tico llamado a la tolerancia en el septuag\u00e9simo aniversario de la liberaci\u00f3n del campo de concentraci\u00f3n nazi, situado a unos 43 kil\u00f3metros al oeste de Cracovia.<\/p>\n<p>Recordar el Holocausto, ejercer la tolerancia hacia todas las personas y comprometerse para que nunca m\u00e1s vuelva a ocurrir un crimen semejante contra la humanidad fueron algunos de los llamamientos pronunciados ayer en el 70 aniversario de la liberaci\u00f3n del campo de concentraci\u00f3n alem\u00e1n de Auschwitz, situado a unos 43 kil\u00f3metros al oeste de Cracovia.<\/p>\n<p>L\u00edderes mundiales se reunieron con sobrevivientes del campo de concentraci\u00f3n establecido en Polonia como parte del sistema nazi para exterminar a los jud\u00edos europeos y a otras personas calificadas de indeseables como homosexuales y gitanos, a siete d\u00e9cadas de que las tropas aliadas lo capturaran en 1945.<\/p>\n<p>\u00abTodos debemos recordar\u00bb, se\u00f1al\u00f3 el sobreviviente Roman Kent ante casi 50 jefes de Estado y gobierno. Ante mandatarios como el presidente franc\u00e9s Fran\u00e7ois Hollande y el alem\u00e1n Joachim Gauck, hizo un llamamiento para que una masacre semejante jam\u00e1s vuelva a ocurrir.<\/p>\n<p>\u00abSi ustedes, los l\u00edderes del mundo, pueden recordar, entonces no habr\u00e1 espacio en el mundo para otras injusticias, como Darfur, Biafra y Kosovo\u00bb, asever\u00f3.<\/p>\n<p>Al menos 1,5 mill\u00f3n de personas fueron gaseadas, golpeadas hasta la muerte, fusiladas o murieron por enfermedades o de hambre en Auschwitz.<\/p>\n<p>El presidente polaco Bronislaw Komorowski se refiri\u00f3 a ese campo de exterminio como un \u00abinfierno de odio y violencia\u00bb y dijo que no puede haber ambig\u00fcedad sobre los cr\u00edmenes cometidos por el r\u00e9gimen nazi.<\/p>\n<p>\u00abLos nacionalsocialistas alemanes convirtieron a mi tierra polaca en un cementerio jud\u00edo eterno\u00bb, manifest\u00f3 a los sobrevivientes de Auschwitz, y urgi\u00f3 a un fin de la intolerancia, el racismo y el antisemitismo.<\/p>\n<p>Kent dijo que los sobrevivientes como \u00e9l jam\u00e1s podr\u00e1n olvidar lo sucedido en Auschwitz. \u00abLos gritos de los ni\u00f1os asesinados resuenan en mis o\u00eddos hasta que muera. La atrocidad de entonces est\u00e1 grabada en mi memoria\u00bb.<\/p>\n<p>\u00abNosotros los sobrevivientes no queremos que nuestro pasado sea el futuro de nuestros hijos\u00bb, evoc\u00f3 Kent, a quien de a momentos le fall\u00f3 la voz.<\/p>\n<p>Asimismo se realizaron ceremonias conmemorativas en otras ciudades del mundo, incluyendo Jerusal\u00e9n, Nueva York y Praga.<\/p>\n<p>En Jerusal\u00e9n, el primer ministro israel\u00ed Benjamin Netanyahu amenaz\u00f3 con represalias a los atacantes del Estado de Israel. \u00abAquellos que juegan con fuego se quemar\u00e1n\u00bb, dijo Netanyahu, citado por medios israel\u00edes, durante un acto conmemorativo en el Museo del Holocausto Yad Vashem.<\/p>\n<p>Netanyahu se refiri\u00f3 a un tiroteo desde Siria: horas antes hab\u00edan impactado dos cohetes disparados desde all\u00ed en las Alturas del Gol\u00e1n, ocupadas por Israel. Su tarea como jefe de gobierno de Israel es proteger al pa\u00eds de las amenazas, dijo. Tambi\u00e9n aprovech\u00f3 la oportunidad para manifestarse contra un acuerdo con Ir\u00e1n.<\/p>\n<p>Cuando los soldados del Ej\u00e9rcito Rojo liberaron Auschwitz el 27 de enero de 1945, all\u00ed quedaban unos 7.500 presos enfermos y consumidos. Los miembros de las SS nazis que dirig\u00edan el campo de exterminio hab\u00edan escapado previamente y hab\u00edan forzado a decenas de miles de cautivos a huir con ellos. Antes, las c\u00e1maras de gas y los crematorios hab\u00edan sido destruidos para que no quedaran huellas de los cr\u00edmenes cometidos por los alemanes.<\/p>\n<p>Localizado en el sur de Polonia, Auschwitz fue el mayor campo de exterminio creado por los nazis. Pese a que los jud\u00edos fueron las principales v\u00edctimas, all\u00ed tambi\u00e9n fueron asesinados prisioneros sovi\u00e9ticos de guerra, polacos, homosexuales y presos pol\u00edticos alemanes.<\/p>\n<p>El 27 de enero fue designado D\u00eda Internacional de Conmemoraci\u00f3n en Memoria de las V\u00edctimas del Holocausto a partir de una resoluci\u00f3n dictada en 2006 por las Naciones Unidas. Alemania recuerda el aniversario desde 1996.<\/p>\n<p>Gauck alert\u00f3 durante un acto en el Parlamento alem\u00e1n de la necesidad de no poner punto final nunca al cap\u00edtulo m\u00e1s oscuro de la historia alemana. \u00abNo hay identidad alemana alguna sin Auschwitz\u00bb, afirm\u00f3 ante los diputados reunidos en el Bundestag, despu\u00e9s de guardar un minuto de silencio al inicio de la sesi\u00f3n parlamentaria.<\/p>\n<p>\u00abEl recuerdo del Holocausto sigue siendo una cosa de todos los ciudadanos que viven en Alemania. Pertenece a la historia de este pa\u00eds\u00bb, agreg\u00f3.<\/p>\n<p>La ausencia m\u00e1s destacada fue la del presidente ruso Vladimir Putin, cuya intervenci\u00f3n militar en Ucrania llev\u00f3 las relaciones entre Mosc\u00fa y Occidente a su punto m\u00e1s bajo desde la Guerra Fr\u00eda.<\/p>\n<p>Polonia es uno de los cr\u00edticos m\u00e1s vehementes de la anexi\u00f3n de Crimea por parte de Rusia y su apoyo a los separatistas en el este de Ucrania. Cauteloso de las consecuencias pol\u00edticas dom\u00e9sticas, Polonia no envi\u00f3 una invitaci\u00f3n diplom\u00e1tica completa a Putin, dijeron fuentes a Reuters. En lugar del l\u00edder ruso asisti\u00f3 su jefe de gabinete, Sergei Ivanov. La Ot\u00e1n dijo que Rusia ha enviado soldados y armamento para ayudar a los separatistas, acciones que Putin niega.<\/p>\n<p>De todos modos, Putin hizo un llamamiento a la vuelta a la cooperaci\u00f3n internacional, en un acto en el Museo Jud\u00edo de Mosc\u00fa en el que record\u00f3 el 70 aniversario de la liberaci\u00f3n. Alab\u00f3 tambi\u00e9n la gran contribuci\u00f3n del pueblo jud\u00edo a la lucha contra el fascismo. Medio mill\u00f3n de jud\u00edos lucharon en el Ej\u00e9rcito Rojo y casi 200.000 cayeron en combate. Despu\u00e9s encendi\u00f3 velas negras acompa\u00f1ado del principal rabino de Rusia, Berel Lazar.<\/p>\n<p>Por su parte, el Papa Francisco record\u00f3 el sufrimiento de las v\u00edctimas. \u00abAuschwitz es un grito de dolor que, en ese gran sufrimiento, est\u00e1 pidiendo un futuro de respeto, de paz y de encuentro entre los pueblos\u00bb, escribi\u00f3 el l\u00edder la Iglesia cat\u00f3lica en su cuenta de Twitter.<\/p>\n<h6>Fuente: La Capital, Rosario<\/h6>\n","protected":false},"excerpt":{"rendered":"<p>Enf\u00e1tico llamado a la tolerancia en el septuag\u00e9simo aniversario de la liberaci\u00f3n del campo de concentraci\u00f3n nazi, situado a unos 43 kil\u00f3metros al oeste de Cracovia. Recordar el Holocausto, ejercer la tolerancia hacia todas las personas y comprometerse para que nunca m\u00e1s vuelva a ocurrir un crimen semejante contra la humanidad fueron algunos de los<\/p>\n","protected":false},"author":2,"featured_media":23401,"comment_status":"closed","ping_status":"closed","sticky":false,"template":"","format":"standard","meta":{"footnotes":""},"categories":[22],"tags":[57],"class_list":["post-23400","post","type-post","status-publish","format-standard","has-post-thumbnail","hentry","category-el-mundo","tag-el-mundo"],"_links":{"self":[{"href":"http:\/\/argentinamunicipal.com.ar\/argentina\/wp-json\/wp\/v2\/posts\/23400","targetHints":{"allow":["GET"]}}],"collection":[{"href":"http:\/\/argentinamunicipal.com.ar\/argentina\/wp-json\/wp\/v2\/posts"}],"about":[{"href":"http:\/\/argentinamunicipal.com.ar\/argentina\/wp-json\/wp\/v2\/types\/post"}],"author":[{"embeddable":true,"href":"http:\/\/argentinamunicipal.com.ar\/argentina\/wp-json\/wp\/v2\/users\/2"}],"replies":[{"embeddable":true,"href":"http:\/\/argentinamunicipal.com.ar\/argentina\/wp-json\/wp\/v2\/comments?post=23400"}],"version-history":[{"count":0,"href":"http:\/\/argentinamunicipal.com.ar\/argentina\/wp-json\/wp\/v2\/posts\/23400\/revisions"}],"wp:featuredmedia":[{"embeddable":true,"href":"http:\/\/argentinamunicipal.com.ar\/argentina\/wp-json\/wp\/v2\/media\/23401"}],"wp:attachment":[{"href":"http:\/\/argentinamunicipal.com.ar\/argentina\/wp-json\/wp\/v2\/media?parent=23400"}],"wp:term":[{"taxonomy":"category","embeddable":true,"href":"http:\/\/argentinamunicipal.com.ar\/argentina\/wp-json\/wp\/v2\/categories?post=23400"},{"taxonomy":"post_tag","embeddable":true,"href":"http:\/\/argentinamunicipal.com.ar\/argentina\/wp-json\/wp\/v2\/tags?post=23400"}],"curies":[{"name":"wp","href":"https:\/\/api.w.org\/{rel}","templated":true}]}}