{"id":23416,"date":"2015-01-28T09:31:51","date_gmt":"2015-01-28T12:31:51","guid":{"rendered":"http:\/\/argentinamunicipal.com.ar\/argentina\/?p=23416"},"modified":"2015-01-28T09:31:51","modified_gmt":"2015-01-28T12:31:51","slug":"el-municipio-de-parana-llamo-licitacion-para-adquirir-22-nuevos-motocarros","status":"publish","type":"post","link":"http:\/\/argentinamunicipal.com.ar\/argentina\/el-municipio-de-parana-llamo-licitacion-para-adquirir-22-nuevos-motocarros\/","title":{"rendered":"El Municipio de Paran\u00e1 llam\u00f3 a licitaci\u00f3n para adquirir 22 nuevos motocarros"},"content":{"rendered":"<p><a href=\"http:\/\/argentinamunicipal.com.ar\/argentina\/wp-content\/uploads\/2015\/01\/apfdigital_246333_tapa_2712015_172310.jpg\"><img loading=\"lazy\" decoding=\"async\" class=\"aligncenter size-full wp-image-23417\" src=\"http:\/\/argentinamunicipal.com.ar\/argentina\/wp-content\/uploads\/2015\/01\/apfdigital_246333_tapa_2712015_172310.jpg\" alt=\"apfdigital_246333_tapa_2712015_172310\" width=\"750\" height=\"500\" srcset=\"http:\/\/argentinamunicipal.com.ar\/argentina\/wp-content\/uploads\/2015\/01\/apfdigital_246333_tapa_2712015_172310.jpg 750w, http:\/\/argentinamunicipal.com.ar\/argentina\/wp-content\/uploads\/2015\/01\/apfdigital_246333_tapa_2712015_172310-300x200.jpg 300w\" sizes=\"auto, (max-width: 750px) 100vw, 750px\" \/><\/a><\/p>\n<p>La Municipalidad de Paran\u00e1 llam\u00f3 a licitaci\u00f3n para la adquisici\u00f3n de 22 nuevos motocarros \u2022 Se trata de veh\u00edculos de carga -con motores peque\u00f1os y aptos para circular en la ciudad- que reemplazar\u00e1n a los carros de tracci\u00f3n a sangre que todav\u00eda algunas familias utilizan para realizar sus tareas de selecci\u00f3n y recolecci\u00f3n de materiales reciclables \u2022 La apertura de ofertas ser\u00e1 el 19 de febrero, seg\u00fan la informaci\u00f3n a la que accedi\u00f3 APFDigital<\/p>\n<p>La licitaci\u00f3n p\u00fablica lleva el N\u00ba 23\/2015, fue publicada este martes en el Bolet\u00edn Oficial de la Provincia, y tiene como fin la adquisici\u00f3n de 22 motocarros.<\/p>\n<p>La apertura de las ofertas se llevar\u00e1 a cabo el 19 de febrero a las 11 en la Direcci\u00f3n de Suministros (Villaguay 721, Paran\u00e1) y el valor del pliego asciende a los 200 pesos.<\/p>\n<p>En la licitaci\u00f3n se detallan las caracter\u00edsticas que deber\u00e1n tener dichos veh\u00edculos, a saber: motor: monocilindro 4T. Cilindrada: m\u00ednima 195 cc y no mayor a 300 cc. Caja: de cinco velocidades y reversa. Arranque: el\u00e9ctrico y a patada. Capacidad de carga m\u00ednimo: 290 kilos. Medidas aproximadas de caja: largo 170 cent\u00edmetros &#8211; ancho de 125 cent\u00edmetros. Suspensi\u00f3n delantera: amortiguador hidr\u00e1ulico. Suspensi\u00f3n trasera: el\u00e1stico. Refrigeraci\u00f3n: aire o agua).<\/p>\n<p>Cabe destacar que los denominados motocarros son veh\u00edculos de carga, con motores peque\u00f1os, de motocicleta, aptos para circular en la ciudad.<\/p>\n<p>Estos motoveh\u00edculos est\u00e1n incluidos en el \u201cPrograma de recuperaci\u00f3n de derechos\u201d, que busca que las familias que todav\u00eda utilizan carros de tracci\u00f3n a sangre para realizar sus tareas de selecci\u00f3n y recolecci\u00f3n de materiales reciclables, comiencen a utilizar estos nuevos veh\u00edculos.<\/p>\n<h6>Fuente: APF Digital<\/h6>\n","protected":false},"excerpt":{"rendered":"<p>La Municipalidad de Paran\u00e1 llam\u00f3 a licitaci\u00f3n para la adquisici\u00f3n de 22 nuevos motocarros \u2022 Se trata de veh\u00edculos de carga -con motores peque\u00f1os y aptos para circular en la ciudad- que reemplazar\u00e1n a los carros de tracci\u00f3n a sangre que todav\u00eda algunas familias utilizan para realizar sus tareas de selecci\u00f3n y recolecci\u00f3n de materiales<\/p>\n","protected":false},"author":2,"featured_media":23417,"comment_status":"closed","ping_status":"closed","sticky":false,"template":"","format":"standard","meta":{"footnotes":""},"categories":[2],"tags":[17],"class_list":["post-23416","post","type-post","status-publish","format-standard","has-post-thumbnail","hentry","category-informe-municipal","tag-entre-rios"],"_links":{"self":[{"href":"http:\/\/argentinamunicipal.com.ar\/argentina\/wp-json\/wp\/v2\/posts\/23416","targetHints":{"allow":["GET"]}}],"collection":[{"href":"http:\/\/argentinamunicipal.com.ar\/argentina\/wp-json\/wp\/v2\/posts"}],"about":[{"href":"http:\/\/argentinamunicipal.com.ar\/argentina\/wp-json\/wp\/v2\/types\/post"}],"author":[{"embeddable":true,"href":"http:\/\/argentinamunicipal.com.ar\/argentina\/wp-json\/wp\/v2\/users\/2"}],"replies":[{"embeddable":true,"href":"http:\/\/argentinamunicipal.com.ar\/argentina\/wp-json\/wp\/v2\/comments?post=23416"}],"version-history":[{"count":0,"href":"http:\/\/argentinamunicipal.com.ar\/argentina\/wp-json\/wp\/v2\/posts\/23416\/revisions"}],"wp:featuredmedia":[{"embeddable":true,"href":"http:\/\/argentinamunicipal.com.ar\/argentina\/wp-json\/wp\/v2\/media\/23417"}],"wp:attachment":[{"href":"http:\/\/argentinamunicipal.com.ar\/argentina\/wp-json\/wp\/v2\/media?parent=23416"}],"wp:term":[{"taxonomy":"category","embeddable":true,"href":"http:\/\/argentinamunicipal.com.ar\/argentina\/wp-json\/wp\/v2\/categories?post=23416"},{"taxonomy":"post_tag","embeddable":true,"href":"http:\/\/argentinamunicipal.com.ar\/argentina\/wp-json\/wp\/v2\/tags?post=23416"}],"curies":[{"name":"wp","href":"https:\/\/api.w.org\/{rel}","templated":true}]}}