{"id":23419,"date":"2015-01-28T09:36:45","date_gmt":"2015-01-28T12:36:45","guid":{"rendered":"http:\/\/argentinamunicipal.com.ar\/argentina\/?p=23419"},"modified":"2015-01-28T09:36:45","modified_gmt":"2015-01-28T12:36:45","slug":"no-se-permitira-la-presencia-de-trapitos-en-la-costanera-de-gualeguaychu","status":"publish","type":"post","link":"http:\/\/argentinamunicipal.com.ar\/argentina\/no-se-permitira-la-presencia-de-trapitos-en-la-costanera-de-gualeguaychu\/","title":{"rendered":"No se permitir\u00e1 la presencia de \u201ctrapitos\u201d en la costanera de Gualeguaych\u00fa"},"content":{"rendered":"<p><a href=\"http:\/\/argentinamunicipal.com.ar\/argentina\/wp-content\/uploads\/2015\/01\/2300_gualeguaychu.jpg\"><img loading=\"lazy\" decoding=\"async\" class=\"alignleft size-full wp-image-23420\" src=\"http:\/\/argentinamunicipal.com.ar\/argentina\/wp-content\/uploads\/2015\/01\/2300_gualeguaychu.jpg\" alt=\"2300_gualeguaychu\" width=\"544\" height=\"293\" srcset=\"http:\/\/argentinamunicipal.com.ar\/argentina\/wp-content\/uploads\/2015\/01\/2300_gualeguaychu.jpg 544w, http:\/\/argentinamunicipal.com.ar\/argentina\/wp-content\/uploads\/2015\/01\/2300_gualeguaychu-300x162.jpg 300w\" sizes=\"auto, (max-width: 544px) 100vw, 544px\" \/><\/a>Lo afirm\u00f3 el jefe de la Polic\u00eda de Gualeguaych\u00fa, Vicente Gim\u00e9nez \u2022 Se refiri\u00f3 a la queja de turistas que estacionan sus veh\u00edculos, a quienes \u201calgunos \u2018trapitos\u2019 for\u00e1neos -de manera pesada y patotera- exigen un pago por un supuesto cuidado del vehiculo estacionado en la zona \u2022 Aclar\u00f3 adem\u00e1s que la actividad no ha sido reglamentada por el Concejo Deliberante local<\/p>\n<p>El Jefe de la Polic\u00eda de Gualeguaych\u00fa dijo que hasta el momento \u201cel \u00fanico incidente en la costanera ha sido la queja de algunas personas que llegan en calidad de turistas y que estacionan sus veh\u00edculos, ya que algunos \u2018trapitos\u2019 for\u00e1neos de manera pesada y patotera exigen un pago por un supuesto cuidado del vehiculo estacionado en la zona\u201d.<\/p>\n<p>En este sentido, Gim\u00e9nez manifest\u00f3 que r\u00e1pidamente se tomaron cartas en el asunto y asegur\u00f3 que \u201cse han identificado a varias de estas personas que llevan adelante estas pr\u00e1cticas, que son oriundas de la provincia de Buenos Aires\u201d.<\/p>\n<p>\u201cLos hemos invitado a retirarse de la costanera porque queremos desterrar esta pr\u00e1ctica del \u2018trapito\u2019\u201d, asever\u00f3.<\/p>\n<p>Adem\u00e1s, dijo que la actividad no ha sido reglamentada por el Concejo Deliberante de Gualeguaych\u00fa.<\/p>\n<h6>Fuente: APF Digital<\/h6>\n","protected":false},"excerpt":{"rendered":"<p>Lo afirm\u00f3 el jefe de la Polic\u00eda de Gualeguaych\u00fa, Vicente Gim\u00e9nez \u2022 Se refiri\u00f3 a la queja de turistas que estacionan sus veh\u00edculos, a quienes \u201calgunos \u2018trapitos\u2019 for\u00e1neos -de manera pesada y patotera- exigen un pago por un supuesto cuidado del vehiculo estacionado en la zona \u2022 Aclar\u00f3 adem\u00e1s que la actividad no ha sido<\/p>\n","protected":false},"author":2,"featured_media":23420,"comment_status":"closed","ping_status":"closed","sticky":false,"template":"","format":"standard","meta":{"footnotes":""},"categories":[2],"tags":[17],"class_list":["post-23419","post","type-post","status-publish","format-standard","has-post-thumbnail","hentry","category-informe-municipal","tag-entre-rios"],"_links":{"self":[{"href":"http:\/\/argentinamunicipal.com.ar\/argentina\/wp-json\/wp\/v2\/posts\/23419","targetHints":{"allow":["GET"]}}],"collection":[{"href":"http:\/\/argentinamunicipal.com.ar\/argentina\/wp-json\/wp\/v2\/posts"}],"about":[{"href":"http:\/\/argentinamunicipal.com.ar\/argentina\/wp-json\/wp\/v2\/types\/post"}],"author":[{"embeddable":true,"href":"http:\/\/argentinamunicipal.com.ar\/argentina\/wp-json\/wp\/v2\/users\/2"}],"replies":[{"embeddable":true,"href":"http:\/\/argentinamunicipal.com.ar\/argentina\/wp-json\/wp\/v2\/comments?post=23419"}],"version-history":[{"count":0,"href":"http:\/\/argentinamunicipal.com.ar\/argentina\/wp-json\/wp\/v2\/posts\/23419\/revisions"}],"wp:featuredmedia":[{"embeddable":true,"href":"http:\/\/argentinamunicipal.com.ar\/argentina\/wp-json\/wp\/v2\/media\/23420"}],"wp:attachment":[{"href":"http:\/\/argentinamunicipal.com.ar\/argentina\/wp-json\/wp\/v2\/media?parent=23419"}],"wp:term":[{"taxonomy":"category","embeddable":true,"href":"http:\/\/argentinamunicipal.com.ar\/argentina\/wp-json\/wp\/v2\/categories?post=23419"},{"taxonomy":"post_tag","embeddable":true,"href":"http:\/\/argentinamunicipal.com.ar\/argentina\/wp-json\/wp\/v2\/tags?post=23419"}],"curies":[{"name":"wp","href":"https:\/\/api.w.org\/{rel}","templated":true}]}}