{"id":23425,"date":"2015-01-28T09:44:04","date_gmt":"2015-01-28T12:44:04","guid":{"rendered":"http:\/\/argentinamunicipal.com.ar\/argentina\/?p=23425"},"modified":"2015-01-28T09:44:04","modified_gmt":"2015-01-28T12:44:04","slug":"la-municipalidad-de-concordia-entrego-los-motocarros-que-sustituiran-la-traccion-sangre","status":"publish","type":"post","link":"http:\/\/argentinamunicipal.com.ar\/argentina\/la-municipalidad-de-concordia-entrego-los-motocarros-que-sustituiran-la-traccion-sangre\/","title":{"rendered":"La Municipalidad de Concordia entreg\u00f3 los motocarros que sustituir\u00e1n la tracci\u00f3n a sangre"},"content":{"rendered":"<p><a href=\"http:\/\/argentinamunicipal.com.ar\/argentina\/wp-content\/uploads\/2015\/01\/apfdigital_246303_tapa_2712015_95952.jpg\"><img loading=\"lazy\" decoding=\"async\" class=\"aligncenter  wp-image-23426\" src=\"http:\/\/argentinamunicipal.com.ar\/argentina\/wp-content\/uploads\/2015\/01\/apfdigital_246303_tapa_2712015_95952.jpg\" alt=\"apfdigital_246303_tapa_2712015_95952\" width=\"658\" height=\"353\" srcset=\"http:\/\/argentinamunicipal.com.ar\/argentina\/wp-content\/uploads\/2015\/01\/apfdigital_246303_tapa_2712015_95952.jpg 800w, http:\/\/argentinamunicipal.com.ar\/argentina\/wp-content\/uploads\/2015\/01\/apfdigital_246303_tapa_2712015_95952-300x161.jpg 300w\" sizes=\"auto, (max-width: 658px) 100vw, 658px\" \/><\/a><\/p>\n<p>El intendente Gustavo Bordet entreg\u00f3 este lunes siete motocarros a los primeros beneficiarios, quienes debieron cumplir una serie de requisitos para acceder al programa, como la alfabetizaci\u00f3n y la obtenci\u00f3n de licencia de conducir \u2022 La Municipalidad busca eliminar la tracci\u00f3n a sangre en la ciudad y a la vez profundizarla pol\u00edtica de inclusi\u00f3n para recolectores informales<\/p>\n<p>El presidente municipal de Concordia, Gustavo Bordet, entreg\u00f3 esta tarde, junto a la secretaria de Medio Ambiente, Bel\u00e9n Esteves, siete motocarros con su correspondiente documentaci\u00f3n que reemplazar\u00e1n la tracci\u00f3n a sangre en el radio c\u00e9ntrico de la ciudad, en la primera etapa de implementaci\u00f3n del \u201cPrograma Recuperadores de Esperanza\u201d.<\/p>\n<p>Este programa, que continuar\u00e1 durante todo el a\u00f1o, est\u00e1 orientado a las personas que trabajan con carro y caballo en nuestra ciudad y busca revertir la situaci\u00f3n de vulnerabilidad en que viven los recuperadores de residuos procurando la mejora laboral, la inclusi\u00f3n educativa, el cuidado y la atenci\u00f3n a la salud, preservando y promoviendo los derechos de los ni\u00f1os, reduciendo la tracci\u00f3n a sangre, y dignificando la vida de las personas.<\/p>\n<p>En ese sentido, durante el acto de entrega de los veh\u00edculos, el intendente resalt\u00f3 \u201cel rol inclusivo de esta acci\u00f3n, que trasciende el solo hecho del reemplazo de la tracci\u00f3n a sangre por motocarros y que va m\u00e1s all\u00e1, buscando brindar una nueva posibilidad de inclusi\u00f3n social a quienes participan voluntariamente de este programa\u201d.<\/p>\n<p>Como requisito obligatorio, los beneficiarios entregaron su carro y caballo, ya que a partir de hoy la herramienta que utilizar\u00e1n ser\u00e1 el motocarro, que fue entregado con casco y documentaci\u00f3n reglamentaria, como la licencia de conducir y el seguro, entre otros.<\/p>\n<p>Uno de los aspectos acordados con los beneficiaros fue el destino de los animales, que no ser\u00e1n m\u00e1s sometidos a\u00a0 trabajo forzoso y para quienes se dispuso de un lugar para el retiro definitivo.<\/p>\n<p>Seg\u00fan a\u00f1adi\u00f3 Esteves, \u201cen el programa no hay gratuidad, ellos han puesto su contraparte, la entrega del carro y caballo que era su \u00fanica herramienta de trabajo y adem\u00e1s se han sometido a un extenso programa a lo largo de todo el a\u00f1o y lo han aprobado con \u00e9xito, lo que les abre un abanico cultural y laboral muy grande, muchos de ellos ya piensan en las nuevas actividades que van a realizar ahora que pueden hacer otro trabajo y que adem\u00e1s es formal\u201d.<\/p>\n<h3>Marco normativo<\/h3>\n<p>Las motos entregadas por la Municipalidad son intransferibles, y los beneficiarios tienen una serie de derechos y obligaciones como todo ciudadano. \u201cLo que el estado municipal les brinda es una oportunidad para mejorar su calidad de vida,\u00a0 que tenemos la convicci\u00f3n de que lo sabr\u00e1n aprovechar\u201d, detall\u00f3 Bordet.<\/p>\n<p>En la primera etapa de la sustituci\u00f3n, se utilizar\u00e1 la figura legal del \u00abComodato\u00bb, con el objetivo de otorgar el bien y tener la posibilidad de evaluar el desempe\u00f1o de los beneficiarios en el marco del programa, mientras el veh\u00edculo contin\u00faa en propiedad del Municipio. Una vez finalizado el plazo de duraci\u00f3n del comodato y cumplimentado todos los requisitos, el programa estipula que la Municipalidad de Concordia realizar\u00e1 una \u00abDonaci\u00f3n con Cargo\u00bb a modo de permitir el otorgamiento del bien al beneficiario exigiendo el cumplimiento de los cargos. Entre otras obligaciones, se destaca la instransferibilidad de la moto y que s\u00f3lo pueden transportar mercader\u00edas y herramientas de trabajo.<\/p>\n<p>Para la implementaci\u00f3n del programa, seg\u00fan inform\u00f3 el intendente, se destinaron \u00edntegramente recursos municipales, y se cont\u00f3 con la participaci\u00f3n de distintas \u00e1reas de la gesti\u00f3n como las secretar\u00edas de Gobierno, de Desarrollo Social y espec\u00edficamente la Direcci\u00f3n de Tr\u00e1nsito.<\/p>\n<h6>Fuente: APF Digital<\/h6>\n","protected":false},"excerpt":{"rendered":"<p>El intendente Gustavo Bordet entreg\u00f3 este lunes siete motocarros a los primeros beneficiarios, quienes debieron cumplir una serie de requisitos para acceder al programa, como la alfabetizaci\u00f3n y la obtenci\u00f3n de licencia de conducir \u2022 La Municipalidad busca eliminar la tracci\u00f3n a sangre en la ciudad y a la vez profundizarla pol\u00edtica de inclusi\u00f3n para<\/p>\n","protected":false},"author":2,"featured_media":23426,"comment_status":"closed","ping_status":"closed","sticky":false,"template":"","format":"standard","meta":{"footnotes":""},"categories":[2],"tags":[17],"class_list":["post-23425","post","type-post","status-publish","format-standard","has-post-thumbnail","hentry","category-informe-municipal","tag-entre-rios"],"_links":{"self":[{"href":"http:\/\/argentinamunicipal.com.ar\/argentina\/wp-json\/wp\/v2\/posts\/23425","targetHints":{"allow":["GET"]}}],"collection":[{"href":"http:\/\/argentinamunicipal.com.ar\/argentina\/wp-json\/wp\/v2\/posts"}],"about":[{"href":"http:\/\/argentinamunicipal.com.ar\/argentina\/wp-json\/wp\/v2\/types\/post"}],"author":[{"embeddable":true,"href":"http:\/\/argentinamunicipal.com.ar\/argentina\/wp-json\/wp\/v2\/users\/2"}],"replies":[{"embeddable":true,"href":"http:\/\/argentinamunicipal.com.ar\/argentina\/wp-json\/wp\/v2\/comments?post=23425"}],"version-history":[{"count":0,"href":"http:\/\/argentinamunicipal.com.ar\/argentina\/wp-json\/wp\/v2\/posts\/23425\/revisions"}],"wp:featuredmedia":[{"embeddable":true,"href":"http:\/\/argentinamunicipal.com.ar\/argentina\/wp-json\/wp\/v2\/media\/23426"}],"wp:attachment":[{"href":"http:\/\/argentinamunicipal.com.ar\/argentina\/wp-json\/wp\/v2\/media?parent=23425"}],"wp:term":[{"taxonomy":"category","embeddable":true,"href":"http:\/\/argentinamunicipal.com.ar\/argentina\/wp-json\/wp\/v2\/categories?post=23425"},{"taxonomy":"post_tag","embeddable":true,"href":"http:\/\/argentinamunicipal.com.ar\/argentina\/wp-json\/wp\/v2\/tags?post=23425"}],"curies":[{"name":"wp","href":"https:\/\/api.w.org\/{rel}","templated":true}]}}