{"id":23437,"date":"2015-01-28T08:01:46","date_gmt":"2015-01-28T11:01:46","guid":{"rendered":"http:\/\/argentinamunicipal.com.ar\/argentina\/?p=23437"},"modified":"2015-01-28T10:03:51","modified_gmt":"2015-01-28T13:03:51","slug":"fao-presenta-celac-plan-contra-el-hambre","status":"publish","type":"post","link":"http:\/\/argentinamunicipal.com.ar\/argentina\/fao-presenta-celac-plan-contra-el-hambre\/","title":{"rendered":"FAO presenta a CELAC plan contra el hambre"},"content":{"rendered":"<p><a href=\"http:\/\/argentinamunicipal.com.ar\/argentina\/wp-content\/uploads\/2015\/01\/52e84eb3d4f38_565_319.jpg\"><img loading=\"lazy\" decoding=\"async\" class=\"aligncenter size-full wp-image-23438\" src=\"http:\/\/argentinamunicipal.com.ar\/argentina\/wp-content\/uploads\/2015\/01\/52e84eb3d4f38_565_319.jpg\" alt=\"52e84eb3d4f38_565_319!\" width=\"565\" height=\"319\" srcset=\"http:\/\/argentinamunicipal.com.ar\/argentina\/wp-content\/uploads\/2015\/01\/52e84eb3d4f38_565_319.jpg 565w, http:\/\/argentinamunicipal.com.ar\/argentina\/wp-content\/uploads\/2015\/01\/52e84eb3d4f38_565_319-300x169.jpg 300w\" sizes=\"auto, (max-width: 565px) 100vw, 565px\" \/><\/a><br \/>\nEl tema de la pobreza y el hambre en la regi\u00f3n es uno de los ejes centrales de la cumbre de jefes de Estado y de gobierno de los 33 pa\u00edses de la CELAC, que se celebrar\u00e1 en Costa Rica este mi\u00e9rcoles y el jueves.<\/p>\n<p>La Organizaci\u00f3n de Naciones Unidas para la Agricultura y la Alimentaci\u00f3n (FAO) present\u00f3 ante los cancilleres de la Comunidad de Estados Latinoamericanos y Caribe\u00f1os (CELAC) un plan destinado a combatir el hambre en la regi\u00f3n, donde unas 167 millones de personas viven en la pobreza.<\/p>\n<p>El plan fue expuesto a los cancilleres por el director de la FAO, Jos\u00e9 Graziano da Silva.<\/p>\n<p>El tema de la pobreza y el hambre en la regi\u00f3n es uno de los ejes centrales de la cumbre de jefes de Estado y de gobierno de los 33 pa\u00edses de la CELAC, que se celebrar\u00e1 en Costa Rica este mi\u00e9rcoles y el jueves.<\/p>\n<p>El canciller de Costa Rica, Manuel Gonz\u00e1lez, dijo en conferencia de prensa que Graziano hizo una exposici\u00f3n de los planteamientos y recomendaciones de la FAO ante sus colegas del foro de concertaci\u00f3n y di\u00e1logo, quienes se reunieron hoy para afinar la declaraci\u00f3n final y el plan de acci\u00f3n que saldr\u00e1 de la cumbre.<\/p>\n<p>Graziano expuso el \u00abPlan para la Seguridad Alimentaria, Nutrici\u00f3n y Erradicaci\u00f3n del Hambre 2025\u00bb.<\/p>\n<p>Uno de los objetivos de la III cumbre de CELAC es la adopci\u00f3n de una agenda de trabajo para combatir la pobreza en la regi\u00f3n, que golpea al 28 por ciento de sus 600 millones de habitantes.<\/p>\n<p>Graziano dijo que present\u00f3 ante los cancilleres una especie de \u00abherramienta\u00bb para facilitar a la instancia regional la adopci\u00f3n de acciones para mitigar el hambre en esta zona del planeta.<\/p>\n<h6>Fuente: MDZ Online<\/h6>\n","protected":false},"excerpt":{"rendered":"<p>El tema de la pobreza y el hambre en la regi\u00f3n es uno de los ejes centrales de la cumbre de jefes de Estado y de gobierno de los 33 pa\u00edses de la CELAC, que se celebrar\u00e1 en Costa Rica este mi\u00e9rcoles y el jueves. La Organizaci\u00f3n de Naciones Unidas para la Agricultura y la<\/p>\n","protected":false},"author":2,"featured_media":23438,"comment_status":"closed","ping_status":"closed","sticky":false,"template":"","format":"standard","meta":{"footnotes":""},"categories":[22],"tags":[57],"class_list":["post-23437","post","type-post","status-publish","format-standard","has-post-thumbnail","hentry","category-el-mundo","tag-el-mundo"],"_links":{"self":[{"href":"http:\/\/argentinamunicipal.com.ar\/argentina\/wp-json\/wp\/v2\/posts\/23437","targetHints":{"allow":["GET"]}}],"collection":[{"href":"http:\/\/argentinamunicipal.com.ar\/argentina\/wp-json\/wp\/v2\/posts"}],"about":[{"href":"http:\/\/argentinamunicipal.com.ar\/argentina\/wp-json\/wp\/v2\/types\/post"}],"author":[{"embeddable":true,"href":"http:\/\/argentinamunicipal.com.ar\/argentina\/wp-json\/wp\/v2\/users\/2"}],"replies":[{"embeddable":true,"href":"http:\/\/argentinamunicipal.com.ar\/argentina\/wp-json\/wp\/v2\/comments?post=23437"}],"version-history":[{"count":0,"href":"http:\/\/argentinamunicipal.com.ar\/argentina\/wp-json\/wp\/v2\/posts\/23437\/revisions"}],"wp:featuredmedia":[{"embeddable":true,"href":"http:\/\/argentinamunicipal.com.ar\/argentina\/wp-json\/wp\/v2\/media\/23438"}],"wp:attachment":[{"href":"http:\/\/argentinamunicipal.com.ar\/argentina\/wp-json\/wp\/v2\/media?parent=23437"}],"wp:term":[{"taxonomy":"category","embeddable":true,"href":"http:\/\/argentinamunicipal.com.ar\/argentina\/wp-json\/wp\/v2\/categories?post=23437"},{"taxonomy":"post_tag","embeddable":true,"href":"http:\/\/argentinamunicipal.com.ar\/argentina\/wp-json\/wp\/v2\/tags?post=23437"}],"curies":[{"name":"wp","href":"https:\/\/api.w.org\/{rel}","templated":true}]}}