{"id":23479,"date":"2015-01-29T09:03:06","date_gmt":"2015-01-29T12:03:06","guid":{"rendered":"http:\/\/argentinamunicipal.com.ar\/argentina\/?p=23479"},"modified":"2015-01-29T09:03:06","modified_gmt":"2015-01-29T12:03:06","slug":"comodoro-rivadavia-una-costanera-para-todos","status":"publish","type":"post","link":"http:\/\/argentinamunicipal.com.ar\/argentina\/comodoro-rivadavia-una-costanera-para-todos\/","title":{"rendered":"Comodoro Rivadavia: Una costanera para todos"},"content":{"rendered":"<p><a href=\"http:\/\/argentinamunicipal.com.ar\/argentina\/wp-content\/uploads\/2015\/01\/54ca0fefbd65c_980_.jpg\"><img loading=\"lazy\" decoding=\"async\" class=\"aligncenter  wp-image-23480\" src=\"http:\/\/argentinamunicipal.com.ar\/argentina\/wp-content\/uploads\/2015\/01\/54ca0fefbd65c_980_.jpg\" alt=\"54ca0fefbd65c_980_!\" width=\"684\" height=\"456\" srcset=\"http:\/\/argentinamunicipal.com.ar\/argentina\/wp-content\/uploads\/2015\/01\/54ca0fefbd65c_980_.jpg 980w, http:\/\/argentinamunicipal.com.ar\/argentina\/wp-content\/uploads\/2015\/01\/54ca0fefbd65c_980_-300x200.jpg 300w\" sizes=\"auto, (max-width: 684px) 100vw, 684px\" \/><\/a><br \/>\nCon fuegos artificiales y una fuerte evocaci\u00f3n a los pioneros, el intendente N\u00e9stor Di Pierro inaugur\u00f3 ayer las primeras dos etapas del Paseo de la Costanera. La obra, inicio de una tarea integral pensada para que la familia recupere un sector hist\u00f3ricamente abandonado, se realiz\u00f3 con fondos provenientes de la ley petrolera, algo que le agreg\u00f3 un valor simb\u00f3lico a la apertura del remodelado espacio.<\/p>\n<p>Lo inaugurado ayer es otra bajada de la San Mart\u00edn al N\u00e1utico, que se complement\u00f3 con una nueva d\u00e1rsena de ingreso y circulaci\u00f3n cuyas manos fueron separadas por un coqueto bulevar con luminarias que permitir\u00e1n que, con el retiro de la oscuridad, se cumpla el objetivo de recuperar la costanera para las familias y los vecinos; todo con esp\u00edritu recreativo y no furtivo.<\/p>\n<p>El personal municipal estuvo trabajando hasta \u00faltimo momento en los detalles finales de la obra, tanto que 10 minutos antes del discurso del intendente, que precedi\u00f3 al tradicional corte de cinta, se observ\u00f3 a obreros pintando de gris las barandas que separan las veredas de la playa y tambi\u00e9n barriendo los \u00faltimos restos de material.<\/p>\n<p>Las dos etapas inauguradas ayer, que adem\u00e1s de lo que qued\u00f3 a la vista demand\u00f3 movimiento de suelo, desmontes y rellenos varios, se complementar\u00e1n en un futuro inmediato con una tercera, que incluye la continuidad del paseo desde la San Mart\u00edn hacia la zona sur y la construcci\u00f3n de un nuevo edificio para ba\u00f1eros, ba\u00f1os p\u00fablicos, colocaci\u00f3n de m\u00e1s luminarias (LED de \u00faltima tecnolog\u00eda), c\u00e1maras de seguridad y conexi\u00f3n wi fi libre en todo el sector. Las obras futuras, adem\u00e1s, incluir\u00e1n el skate park, el mejoramiento de la hist\u00f3rica plaza Soberan\u00eda y la inauguraci\u00f3n del Centro Inform\u00e1tico.<\/p>\n<p><strong>RECUPERAR ESPACIOS Y ESPIRITU<\/strong><\/p>\n<p>Luego de la invocaci\u00f3n y bendici\u00f3n religiosa, a cargo del padre Gabriel de Angelis, el intendente N\u00e9stor Di Pierro rescat\u00f3 el esfuerzo que \u201cestamos haciendo los comodorenses para recuperar la ciudad y el esp\u00edritu de los viejos pioneros\u201d.<\/p>\n<p>El jefe comunal mencion\u00f3 especialmente el hecho de que \u201ccomo est\u00e1 sucediendo con muchas obras que llevamos adelante\u201d, el emprendimiento se haya hecho con fondos provenientes de \u201cla ley petrolera, que cada d\u00eda estamos m\u00e1s orgullosos de haberla ido a pelear, entre todos, a la Legislatura en diciembre del 2012\u201d.<\/p>\n<p>El jefe comunal agradeci\u00f3 a los vecinos presentes, a las autoridades del Club N\u00e1utico y a concejales de todos los bloques, a\u00f1adiendo que la recuperaci\u00f3n de la Costanera \u201cforma parte de lo que nos propusimos cuando asumimos con Carlitos (Linares), que no es otra cosa que ordenar la ciudad y recuperar el tiempo perdido\u201d.<\/p>\n<p>Di Pierro evoc\u00f3 al profesor Luis Mora y su escuela de Nataci\u00f3n en la que, con sus m\u00e9todos particulares, aprendieron a nadar varias generaciones de comodorenses, y entre ellos mencion\u00f3 a sus hijos Facundo y Laura.<\/p>\n<p>Como luego sucedi\u00f3 cuando evoc\u00f3 al padre Juan Corti, todos los presentes, cerca de 200 personas, aplaudieron el reconocimiento y el recuerdo a los nombres vivos de la historia de la ciudad.<\/p>\n<p>El intendente indic\u00f3 que los trabajos en el sector continuar\u00e1n hasta avanzar en un paseo integral con el que, dijo, \u201cle vamos a devolver a la ciudad y a las familias un espacio para pasear porque nos daba mucha bronca ver c\u00f3mo estaba esto. Esta obra es el comienzo de algo que, como el orden que estamos haciendo, tendr\u00e1 que continuar el pr\u00f3ximo intendente luego de 2016\u201d.<\/p>\n<p>Finalmente, Di Pierro confirm\u00f3 que para el aniversario de la ciudad se inaugurar\u00e1 un monumento con las cruces y otros restos de l\u00e1pidas que se encontraron del viejo cementerio ubicado en el Infiernillo. \u201cSer\u00e1 esto un claro gesto de recuerdo y respeto para nuestros pioneros, los que hicieron grande Comodoro Rivadavia\u201d, concluy\u00f3.<\/p>\n<p>Para el corte de cinta, adem\u00e1s de los funcionarios, se invit\u00f3 especialmente a los vecinos particulares, ni\u00f1os y adultos, en un claro gesto de lo que, como se dijo en los discursos, se busca con este paseo que ayer se puso en marcha y en valor.<\/p>\n<h6>Fuente: Patag\u00f3nico<\/h6>\n","protected":false},"excerpt":{"rendered":"<p>Con fuegos artificiales y una fuerte evocaci\u00f3n a los pioneros, el intendente N\u00e9stor Di Pierro inaugur\u00f3 ayer las primeras dos etapas del Paseo de la Costanera. La obra, inicio de una tarea integral pensada para que la familia recupere un sector hist\u00f3ricamente abandonado, se realiz\u00f3 con fondos provenientes de la ley petrolera, algo que le<\/p>\n","protected":false},"author":2,"featured_media":23480,"comment_status":"closed","ping_status":"closed","sticky":false,"template":"","format":"standard","meta":{"footnotes":""},"categories":[2],"tags":[14],"class_list":["post-23479","post","type-post","status-publish","format-standard","has-post-thumbnail","hentry","category-informe-municipal","tag-chubut"],"_links":{"self":[{"href":"http:\/\/argentinamunicipal.com.ar\/argentina\/wp-json\/wp\/v2\/posts\/23479","targetHints":{"allow":["GET"]}}],"collection":[{"href":"http:\/\/argentinamunicipal.com.ar\/argentina\/wp-json\/wp\/v2\/posts"}],"about":[{"href":"http:\/\/argentinamunicipal.com.ar\/argentina\/wp-json\/wp\/v2\/types\/post"}],"author":[{"embeddable":true,"href":"http:\/\/argentinamunicipal.com.ar\/argentina\/wp-json\/wp\/v2\/users\/2"}],"replies":[{"embeddable":true,"href":"http:\/\/argentinamunicipal.com.ar\/argentina\/wp-json\/wp\/v2\/comments?post=23479"}],"version-history":[{"count":0,"href":"http:\/\/argentinamunicipal.com.ar\/argentina\/wp-json\/wp\/v2\/posts\/23479\/revisions"}],"wp:featuredmedia":[{"embeddable":true,"href":"http:\/\/argentinamunicipal.com.ar\/argentina\/wp-json\/wp\/v2\/media\/23480"}],"wp:attachment":[{"href":"http:\/\/argentinamunicipal.com.ar\/argentina\/wp-json\/wp\/v2\/media?parent=23479"}],"wp:term":[{"taxonomy":"category","embeddable":true,"href":"http:\/\/argentinamunicipal.com.ar\/argentina\/wp-json\/wp\/v2\/categories?post=23479"},{"taxonomy":"post_tag","embeddable":true,"href":"http:\/\/argentinamunicipal.com.ar\/argentina\/wp-json\/wp\/v2\/tags?post=23479"}],"curies":[{"name":"wp","href":"https:\/\/api.w.org\/{rel}","templated":true}]}}