{"id":23501,"date":"2015-01-29T09:35:10","date_gmt":"2015-01-29T12:35:10","guid":{"rendered":"http:\/\/argentinamunicipal.com.ar\/argentina\/?p=23501"},"modified":"2015-01-29T09:35:10","modified_gmt":"2015-01-29T12:35:10","slug":"noruega-busca-multar-y-encarcelar-los-mendigos","status":"publish","type":"post","link":"http:\/\/argentinamunicipal.com.ar\/argentina\/noruega-busca-multar-y-encarcelar-los-mendigos\/","title":{"rendered":"Noruega busca multar y encarcelar a los mendigos"},"content":{"rendered":"<p><a href=\"http:\/\/argentinamunicipal.com.ar\/argentina\/wp-content\/uploads\/2015\/01\/0000407667.jpg\"><img loading=\"lazy\" decoding=\"async\" class=\"aligncenter  wp-image-23502\" src=\"http:\/\/argentinamunicipal.com.ar\/argentina\/wp-content\/uploads\/2015\/01\/0000407667.jpg\" alt=\"0000407667\" width=\"644\" height=\"361\" srcset=\"http:\/\/argentinamunicipal.com.ar\/argentina\/wp-content\/uploads\/2015\/01\/0000407667.jpg 1099w, http:\/\/argentinamunicipal.com.ar\/argentina\/wp-content\/uploads\/2015\/01\/0000407667-300x168.jpg 300w, http:\/\/argentinamunicipal.com.ar\/argentina\/wp-content\/uploads\/2015\/01\/0000407667-1024x574.jpg 1024w\" sizes=\"auto, (max-width: 644px) 100vw, 644px\" \/><\/a><\/p>\n<p>Para los impulsores de la reforma la mendicidad se ha vuelto m\u00e1s agresiva, lo que conlleva un aumento de la criminalidad<\/p>\n<p>El Gobierno noruego ultima una reforma legal para prohibir la mendicidad en todo el pa\u00eds, con multas e incluso penas de c\u00e1rcel, que podr\u00eda entrar en vigor en unos meses y que ha recibido cr\u00edticas de varios partidos y de distintas organizaciones.<\/p>\n<p>El opositor Partido Centrista comprometi\u00f3 hace unos d\u00edas su apoyo a la propuesta, con lo que el Gobierno de los conservadores y del ultranacionalista Partido del Progreso tiene asegurado el respaldo de la mayor\u00eda del Storting (Parlamento) para su aprobaci\u00f3n.<\/p>\n<p>Los impulsores de la reforma la defienden porque, a su juicio, la mendicidad se ha vuelto m\u00e1s agresiva en los \u00faltimos a\u00f1os, lo que conlleva un aumento de la criminalidad y de otros delitos, como el tr\u00e1fico de seres humanos.<\/p>\n<p>\u00abEs importante tener en cuenta el trasfondo. Se adopta a causa del v\u00ednculo con la criminalidad organizada, no se trata de que no soportemos ver a gente pedir o pasarlo mal\u00bb, declar\u00f3 la primera ministra conservadora, Erna Solberg, hace meses, cuando se abri\u00f3 la posibilidad de prohibiciones locales.<\/p>\n<p>Ante las presiones de la derecha, el anterior gobierno rojiverde aprob\u00f3 en 2013 que los municipios pudieran fijar condiciones para pedir dinero en lugares p\u00fablicos y que la polic\u00eda elaborara registros con las personas que se dedicaban a la mendicidad.<\/p>\n<p>Tras su triunfo electoral meses despu\u00e9s, los conservadores y la derecha xen\u00f3foba intensificaron los esfuerzos para restaurar la prohibici\u00f3n a nivel nacional, abolida en 2005.<\/p>\n<p>El primer paso fue la reforma local, a la que se adhirieron dos peque\u00f1os municipios del sur del pa\u00eds, aunque finalmente no Oslo.<\/p>\n<p>\u00abEntonces muchos de los que ped\u00edan eran toxic\u00f3manos noruegos con problemas graves, mientras que los \u00faltimos a\u00f1os ha aumentado el n\u00famero de mendigos, sobre todo de extranjeros\u00bb, ha dicho el ministro de Justicia, Anders Anundsen, en alusi\u00f3n a la situaci\u00f3n en 2005.<\/p>\n<p>El Gobierno se ha asegurado de nuevo el apoyo de los centristas, a cambio de m\u00e1s dinero para medidas sociales, como la aprobaci\u00f3n de una partida extraordinaria para mejorar las condiciones de los gitanos en Ruman\u00eda, de donde procede una parte de los mendigos.<\/p>\n<p>El objetivo es criminalizar la mendicidad organizada, aunque las autoridades han admitido la dificultad de definir ese t\u00e9rmino, como ha resaltado el Colegio de Abogados Noruego; de ah\u00ed que el Gobierno plantee en su defecto una prohibici\u00f3n general, que incluya tambi\u00e9n multas o penas de c\u00e1rcel de varios meses.<\/p>\n<p>La iniciativa ha recibido cr\u00edticas variadas, como la de la Defensora del Pueblo contra la Discriminaci\u00f3n, Sunniva Orstavik, que teme que pueda provocar una discriminaci\u00f3n de la poblaci\u00f3n gitana.<\/p>\n<p>Tambi\u00e9n contra posibles efectos discriminatorios y violaciones de la libertad de expresi\u00f3n ha advertido la Comisi\u00f3n Nacional de Derechos Humanos, mientras que grupos jur\u00eddicos critican el corto plazo de audiencia al que la ley ser\u00e1 sometida, apenas tres semanas.<\/p>\n<p>\u00abLa propuesta es muy problem\u00e1tica. Les dije abiertamente a las autoridades que espero que no sigan con el proceso. Parece tentador usar m\u00e9todos penales para tratar un problema social. La mendicidad es una cuesti\u00f3n de pobreza\u00bb, dijo hace d\u00edas a medios noruegos el comisario de Derechos Humanos del Consejo de Europa, Nils Muiznieks<\/p>\n<p>La reforma podr\u00eda tener consecuencias para la estabilidad del Gobierno noruego, que goza de mayor\u00eda parlamentaria gracias al apoyo de dos formaciones de centro, el Partido Liberal y el Partido Cristianodem\u00f3crata, opuestos a la nueva medida.<\/p>\n<p>\u00abQuiero avisar al Gobierno de que tiene un pacto de colaboraci\u00f3n y de que estamos en contra de una prohibici\u00f3n de ese tipo. Deber\u00edan escucharnos en vez de dar un rodeo como han hecho con el Partido Centrista\u00bb, ha amenazado el diputado cristianodem\u00f3crata Geir Bekkevold.<\/p>\n<h6>Fuente: El Tribuno, Jujuy<\/h6>\n","protected":false},"excerpt":{"rendered":"<p>Para los impulsores de la reforma la mendicidad se ha vuelto m\u00e1s agresiva, lo que conlleva un aumento de la criminalidad El Gobierno noruego ultima una reforma legal para prohibir la mendicidad en todo el pa\u00eds, con multas e incluso penas de c\u00e1rcel, que podr\u00eda entrar en vigor en unos meses y que ha recibido<\/p>\n","protected":false},"author":2,"featured_media":23502,"comment_status":"closed","ping_status":"closed","sticky":false,"template":"","format":"standard","meta":{"footnotes":""},"categories":[22],"tags":[57],"class_list":["post-23501","post","type-post","status-publish","format-standard","has-post-thumbnail","hentry","category-el-mundo","tag-el-mundo"],"_links":{"self":[{"href":"http:\/\/argentinamunicipal.com.ar\/argentina\/wp-json\/wp\/v2\/posts\/23501","targetHints":{"allow":["GET"]}}],"collection":[{"href":"http:\/\/argentinamunicipal.com.ar\/argentina\/wp-json\/wp\/v2\/posts"}],"about":[{"href":"http:\/\/argentinamunicipal.com.ar\/argentina\/wp-json\/wp\/v2\/types\/post"}],"author":[{"embeddable":true,"href":"http:\/\/argentinamunicipal.com.ar\/argentina\/wp-json\/wp\/v2\/users\/2"}],"replies":[{"embeddable":true,"href":"http:\/\/argentinamunicipal.com.ar\/argentina\/wp-json\/wp\/v2\/comments?post=23501"}],"version-history":[{"count":0,"href":"http:\/\/argentinamunicipal.com.ar\/argentina\/wp-json\/wp\/v2\/posts\/23501\/revisions"}],"wp:featuredmedia":[{"embeddable":true,"href":"http:\/\/argentinamunicipal.com.ar\/argentina\/wp-json\/wp\/v2\/media\/23502"}],"wp:attachment":[{"href":"http:\/\/argentinamunicipal.com.ar\/argentina\/wp-json\/wp\/v2\/media?parent=23501"}],"wp:term":[{"taxonomy":"category","embeddable":true,"href":"http:\/\/argentinamunicipal.com.ar\/argentina\/wp-json\/wp\/v2\/categories?post=23501"},{"taxonomy":"post_tag","embeddable":true,"href":"http:\/\/argentinamunicipal.com.ar\/argentina\/wp-json\/wp\/v2\/tags?post=23501"}],"curies":[{"name":"wp","href":"https:\/\/api.w.org\/{rel}","templated":true}]}}