{"id":23525,"date":"2015-01-29T10:00:18","date_gmt":"2015-01-29T13:00:18","guid":{"rendered":"http:\/\/argentinamunicipal.com.ar\/argentina\/?p=23525"},"modified":"2015-01-29T10:00:18","modified_gmt":"2015-01-29T13:00:18","slug":"el-tren-de-rufino-retiro-volvera-circular-fines-del-mes-proximo","status":"publish","type":"post","link":"http:\/\/argentinamunicipal.com.ar\/argentina\/el-tren-de-rufino-retiro-volvera-circular-fines-del-mes-proximo\/","title":{"rendered":"El tren de Rufino a Retiro volver\u00e1 a circular a fines del mes pr\u00f3ximo"},"content":{"rendered":"<p><a href=\"http:\/\/argentinamunicipal.com.ar\/argentina\/wp-content\/uploads\/2015\/01\/IG2401-.jpg_88717827.jpg\"><img loading=\"lazy\" decoding=\"async\" class=\"aligncenter size-full wp-image-23526\" src=\"http:\/\/argentinamunicipal.com.ar\/argentina\/wp-content\/uploads\/2015\/01\/IG2401-.jpg_88717827.jpg\" alt=\"IG2401--.jpg_88717827\" width=\"621\" height=\"465\" srcset=\"http:\/\/argentinamunicipal.com.ar\/argentina\/wp-content\/uploads\/2015\/01\/IG2401-.jpg_88717827.jpg 621w, http:\/\/argentinamunicipal.com.ar\/argentina\/wp-content\/uploads\/2015\/01\/IG2401-.jpg_88717827-300x225.jpg 300w\" sizes=\"auto, (max-width: 621px) 100vw, 621px\" \/><\/a><br \/>\nEl servicio del ferrocarril de pasajeros correr\u00e1 despu\u00e9s de m\u00e1s de tres d\u00e9cadas, seg\u00fan anunci\u00f3 ayer el secretario de Transporte de la Naci\u00f3n, Alejandro Ramos.<\/p>\n<p>El servicio de tren de pasajeros que unir\u00e1 la ciudad santafesina de Rufino, con la Estaci\u00f3n Retiro, en Buenos Aires, volver\u00e1 a circular a fines de febrero, despu\u00e9s de m\u00e1s de 30 a\u00f1os, seg\u00fan anunci\u00f3 ayer el secretario de Transporte de la Naci\u00f3n, Alejandro Ramos.<\/p>\n<p>El funcionario nacional hizo ese anuncio durante la visita que efectu\u00f3 ayer a la ciudad de Venado Tuerto, inform\u00f3 a T\u00e9lam en Rosario la Secretar\u00eda de Transporte de la Naci\u00f3n.<\/p>\n<p>En la ocasi\u00f3n, Ramos adelant\u00f3 la firma de un convenio para obras de infraestructura destinadas a la seguridad del aeroclub local por tres millones de pesos, aportados por el gobierno nacional.<\/p>\n<p>\u00abEn poco tiempo estamos con una inversi\u00f3n en Venado Tuerto, recuperando la estaci\u00f3n, trabajando con casi 200 millones de d\u00f3lares en la renovaci\u00f3n de la traza a (la localidad de) Soldini. En febrero, si Dios quiere, ya estamos conectando Retiro a Rufino con los primeros servicios\u00bb, asegur\u00f3 Alejandro Ramos.<\/p>\n<p>Al respecto, consider\u00f3 que \u00abfue una obra de los compa\u00f1eros de la regi\u00f3n que a veces no estaban vinculados directamente a la ciudad de Rufino, pero saben de la importancia y la impronta que da la conectividad, y sobre todo, la recuperaci\u00f3n del transporte ferroviario de pasajeros que vincular\u00e1 a Rufino con Buenos Aires\u00bb. Tras detallar que el servicio Retiro-Rufino funcionar\u00e1 \u00ablos viernes y de Rufino a Retiro los domingos desde fines de febrero\u00bb, Ramos aclar\u00f3: \u00abEstas no son cosas aisladas. Hay que situarlas en un plan de inversi\u00f3n integral donde se habla de infraestructura y de un proceso hist\u00f3rico de inversi\u00f3n en los municipios\u00bb. \u00abA las ausencias que encontramos en la provincia, nosotros con los intendentes y presidentes comunales sabemos de qui\u00e9n es la responsabilidad, pero lo que m\u00e1s nos interesa es traer soluci\u00f3n a nuestra gente\u00bb, destac\u00f3 el funcionario nacional.<\/p>\n<p>Acompa\u00f1ado por el intendente de Venado Tuerto, Jos\u00e9 Freyre, y los diputados provinciales Erika Gonnet y Dario Mascioli, Ramos expres\u00f3 adem\u00e1s que \u00ablo que queremos es, justamente, potenciar el desarrollo de la regi\u00f3n, no s\u00f3lo de esta zona sino como lo venimos haciendo tambi\u00e9n en el centro y norte de la provincia, donde tenemos realidades muy dif\u00edciles\u00bb.<\/p>\n<p>\u00abSin dudas, es una provincia rica la santafesina. Lo que requiere es invertir en infraestructura, energ\u00eda, gas, pero tambi\u00e9n conectividad. De ah\u00ed la importancia que tiene este sector\u00bb, subray\u00f3 el secretario.<\/p>\n<p>Terminados los anuncios de obras en el aeroclub local, Ramos se dirigi\u00f3 al Parque Industrial la Victoria. Dentro de este predio integrado por 50 cooperativas, visitaron la empresa Maqtec, que emplea a 60 trabajadores.<\/p>\n<p>Esta empresa de capitales argentinos produce equipos electr\u00f3genos, grupos de fuerza, motobombas, tractusinas y cosechadoras integrales de olivos, entre otras importantes maquinarias.<\/p>\n<h6>Fuente: La Capital, Rosario<\/h6>\n","protected":false},"excerpt":{"rendered":"<p>El servicio del ferrocarril de pasajeros correr\u00e1 despu\u00e9s de m\u00e1s de tres d\u00e9cadas, seg\u00fan anunci\u00f3 ayer el secretario de Transporte de la Naci\u00f3n, Alejandro Ramos. El servicio de tren de pasajeros que unir\u00e1 la ciudad santafesina de Rufino, con la Estaci\u00f3n Retiro, en Buenos Aires, volver\u00e1 a circular a fines de febrero, despu\u00e9s de m\u00e1s<\/p>\n","protected":false},"author":2,"featured_media":23526,"comment_status":"closed","ping_status":"closed","sticky":false,"template":"","format":"standard","meta":{"footnotes":""},"categories":[2],"tags":[10],"class_list":["post-23525","post","type-post","status-publish","format-standard","has-post-thumbnail","hentry","category-informe-municipal","tag-santa-fe"],"_links":{"self":[{"href":"http:\/\/argentinamunicipal.com.ar\/argentina\/wp-json\/wp\/v2\/posts\/23525","targetHints":{"allow":["GET"]}}],"collection":[{"href":"http:\/\/argentinamunicipal.com.ar\/argentina\/wp-json\/wp\/v2\/posts"}],"about":[{"href":"http:\/\/argentinamunicipal.com.ar\/argentina\/wp-json\/wp\/v2\/types\/post"}],"author":[{"embeddable":true,"href":"http:\/\/argentinamunicipal.com.ar\/argentina\/wp-json\/wp\/v2\/users\/2"}],"replies":[{"embeddable":true,"href":"http:\/\/argentinamunicipal.com.ar\/argentina\/wp-json\/wp\/v2\/comments?post=23525"}],"version-history":[{"count":0,"href":"http:\/\/argentinamunicipal.com.ar\/argentina\/wp-json\/wp\/v2\/posts\/23525\/revisions"}],"wp:featuredmedia":[{"embeddable":true,"href":"http:\/\/argentinamunicipal.com.ar\/argentina\/wp-json\/wp\/v2\/media\/23526"}],"wp:attachment":[{"href":"http:\/\/argentinamunicipal.com.ar\/argentina\/wp-json\/wp\/v2\/media?parent=23525"}],"wp:term":[{"taxonomy":"category","embeddable":true,"href":"http:\/\/argentinamunicipal.com.ar\/argentina\/wp-json\/wp\/v2\/categories?post=23525"},{"taxonomy":"post_tag","embeddable":true,"href":"http:\/\/argentinamunicipal.com.ar\/argentina\/wp-json\/wp\/v2\/tags?post=23525"}],"curies":[{"name":"wp","href":"https:\/\/api.w.org\/{rel}","templated":true}]}}