{"id":23531,"date":"2015-01-29T09:04:12","date_gmt":"2015-01-29T12:04:12","guid":{"rendered":"http:\/\/argentinamunicipal.com.ar\/argentina\/?p=23531"},"modified":"2015-01-29T10:06:00","modified_gmt":"2015-01-29T13:06:00","slug":"raul-castro-ee-uu-debe-devolver-guantanamo-y-poner-fin-al-bloqueo","status":"publish","type":"post","link":"http:\/\/argentinamunicipal.com.ar\/argentina\/raul-castro-ee-uu-debe-devolver-guantanamo-y-poner-fin-al-bloqueo\/","title":{"rendered":"Ra\u00fal Castro: EE.UU. debe devolver Guant\u00e1namo y poner fin al bloqueo"},"content":{"rendered":"<p><a href=\"http:\/\/argentinamunicipal.com.ar\/argentina\/wp-content\/uploads\/2015\/01\/timthumb1.jpg\"><img loading=\"lazy\" decoding=\"async\" class=\"aligncenter size-full wp-image-23532\" src=\"http:\/\/argentinamunicipal.com.ar\/argentina\/wp-content\/uploads\/2015\/01\/timthumb1.jpg\" alt=\"timthumb\" width=\"670\" height=\"360\" srcset=\"http:\/\/argentinamunicipal.com.ar\/argentina\/wp-content\/uploads\/2015\/01\/timthumb1.jpg 670w, http:\/\/argentinamunicipal.com.ar\/argentina\/wp-content\/uploads\/2015\/01\/timthumb1-300x161.jpg 300w\" sizes=\"auto, (max-width: 670px) 100vw, 670px\" \/><\/a><\/p>\n<p>El presidente cubano, Ra\u00fal Castro, exigi\u00f3 a EE.UU. devolver el territorio de Guant\u00e1namo, durante su intervenci\u00f3n en la III Cumbre de la Comunidad de Estados Latinoamericanos y Caribe\u00f1os (CELAC).<\/p>\n<p>\u00abEl restablecimiento de las relaciones bilaterales no ser\u00e1 posible mientras exista el bloqueo y no se devuelva el territorio cubano de Guant\u00e1namo\u00bb, declar\u00f3 Castro durante la III Cumbre de la CELAC que se celebra en Costa Rica.<\/p>\n<p>\u00abEl problema principal no ha sido resuelto, el bloqueo econ\u00f3mico, comercial y financiero, que provoca enormes da\u00f1os humanos y econ\u00f3micos y es una violaci\u00f3n del derecho internacional, debe cesar\u00bb, agreg\u00f3 Castro, quien dijo reconocer que el camino para lograrlo ser\u00e1 \u00ablargo y dif\u00edcil\u00bb, seg\u00fan informa AFP.<\/p>\n<p>Castro reconoci\u00f3 el llamado que hizo la semana pasada el presidente estadounidense al Congreso para que ponga fin al embargo vigente desde 1962, pero le pidi\u00f3 avanzar m\u00e1s tras se\u00f1alar que las medidas de flexibilizaci\u00f3n son \u00ablimitadas\u00bb.<\/p>\n<p>\u00abPodr\u00eda utilizar con determinaci\u00f3n sus amplias facultades ejecutivas para modificar sustancialmente la aplicaci\u00f3n del bloqueo, a\u00fan sin la decisi\u00f3n del Congreso\u00bb, afirm\u00f3 el gobernante cubano.<\/p>\n<p>Su intervenci\u00f3n en esta cumbre es la primera aparici\u00f3n de Ra\u00fal Castro ante sus colegas latinoamericanos desde el hist\u00f3rico anuncio del 17 de diciembre sobre la reconciliaci\u00f3n entre Cuba y Estados Unidos, luego de medio siglo de hostilidades.<\/p>\n<p>\u00abAlgunas fuerzas en EE.UU. tratar\u00e1n de abortar este proceso que comienza\u00bb, advirti\u00f3 Castro.<\/p>\n<h6>Fuente: Tucum\u00e1n Hoy<\/h6>\n","protected":false},"excerpt":{"rendered":"<p>El presidente cubano, Ra\u00fal Castro, exigi\u00f3 a EE.UU. devolver el territorio de Guant\u00e1namo, durante su intervenci\u00f3n en la III Cumbre de la Comunidad de Estados Latinoamericanos y Caribe\u00f1os (CELAC). \u00abEl restablecimiento de las relaciones bilaterales no ser\u00e1 posible mientras exista el bloqueo y no se devuelva el territorio cubano de Guant\u00e1namo\u00bb, declar\u00f3 Castro durante la<\/p>\n","protected":false},"author":2,"featured_media":23532,"comment_status":"closed","ping_status":"closed","sticky":false,"template":"","format":"standard","meta":{"footnotes":""},"categories":[22],"tags":[57],"class_list":["post-23531","post","type-post","status-publish","format-standard","has-post-thumbnail","hentry","category-el-mundo","tag-el-mundo"],"_links":{"self":[{"href":"http:\/\/argentinamunicipal.com.ar\/argentina\/wp-json\/wp\/v2\/posts\/23531","targetHints":{"allow":["GET"]}}],"collection":[{"href":"http:\/\/argentinamunicipal.com.ar\/argentina\/wp-json\/wp\/v2\/posts"}],"about":[{"href":"http:\/\/argentinamunicipal.com.ar\/argentina\/wp-json\/wp\/v2\/types\/post"}],"author":[{"embeddable":true,"href":"http:\/\/argentinamunicipal.com.ar\/argentina\/wp-json\/wp\/v2\/users\/2"}],"replies":[{"embeddable":true,"href":"http:\/\/argentinamunicipal.com.ar\/argentina\/wp-json\/wp\/v2\/comments?post=23531"}],"version-history":[{"count":0,"href":"http:\/\/argentinamunicipal.com.ar\/argentina\/wp-json\/wp\/v2\/posts\/23531\/revisions"}],"wp:featuredmedia":[{"embeddable":true,"href":"http:\/\/argentinamunicipal.com.ar\/argentina\/wp-json\/wp\/v2\/media\/23532"}],"wp:attachment":[{"href":"http:\/\/argentinamunicipal.com.ar\/argentina\/wp-json\/wp\/v2\/media?parent=23531"}],"wp:term":[{"taxonomy":"category","embeddable":true,"href":"http:\/\/argentinamunicipal.com.ar\/argentina\/wp-json\/wp\/v2\/categories?post=23531"},{"taxonomy":"post_tag","embeddable":true,"href":"http:\/\/argentinamunicipal.com.ar\/argentina\/wp-json\/wp\/v2\/tags?post=23531"}],"curies":[{"name":"wp","href":"https:\/\/api.w.org\/{rel}","templated":true}]}}