{"id":23554,"date":"2015-01-29T18:43:09","date_gmt":"2015-01-29T21:43:09","guid":{"rendered":"http:\/\/argentinamunicipal.com.ar\/argentina\/?p=23554"},"modified":"2015-01-29T10:51:20","modified_gmt":"2015-01-29T13:51:20","slug":"aerolineas-argentinas-escalo-al-puesto-25-entre-las-mejores-empresas-aerocomerciales-del-mundo","status":"publish","type":"post","link":"http:\/\/argentinamunicipal.com.ar\/argentina\/aerolineas-argentinas-escalo-al-puesto-25-entre-las-mejores-empresas-aerocomerciales-del-mundo\/","title":{"rendered":"Aerol\u00edneas Argentinas escal\u00f3 al puesto 25 entre las mejores empresas aerocomerciales del mundo"},"content":{"rendered":"<p><a href=\"http:\/\/argentinamunicipal.com.ar\/argentina\/wp-content\/uploads\/2015\/01\/54b84acdd6ac9_800x533.jpg\"><img loading=\"lazy\" decoding=\"async\" class=\"aligncenter size-full wp-image-23555\" src=\"http:\/\/argentinamunicipal.com.ar\/argentina\/wp-content\/uploads\/2015\/01\/54b84acdd6ac9_800x533.jpg\" alt=\"54b84acdd6ac9_800x533\" width=\"800\" height=\"533\" srcset=\"http:\/\/argentinamunicipal.com.ar\/argentina\/wp-content\/uploads\/2015\/01\/54b84acdd6ac9_800x533.jpg 800w, http:\/\/argentinamunicipal.com.ar\/argentina\/wp-content\/uploads\/2015\/01\/54b84acdd6ac9_800x533-300x200.jpg 300w\" sizes=\"auto, (max-width: 800px) 100vw, 800px\" \/><\/a><br \/>\nSe ubica en el vig\u00e9simo quinto lugar entre las mejores cien compa\u00f1\u00edas, seg\u00fan una encuesta realizada por eDreams, una de las compa\u00f1\u00edas de viajes online m\u00e1s importantes del planeta.<\/p>\n<p>El estudio realizado entre m\u00e1s de 90.000 usuarios de eDreams, el a\u00f1o pasado, determin\u00f3 que durante la actual gesti\u00f3n Aerol\u00edneas, a cargo de Mariano Recalde, se ubica entre las m\u00e1s destacadas empresas de transporte aerocomercial de acuerdo a la preferencia de los clientes.<\/p>\n<p>La compulsa internacional realizada por la misma empresa en el a\u00f1o 2013 ubicada a Aerol\u00edneas Argentinas en el puesto 95 del ranking de mejores Compa\u00f1\u00edas Aerocomerciales del mundo.<\/p>\n<p>El mismo informe indica, por otra parte, que la sala VIP de Aerol\u00edneas Argentinas, el \u201cSal\u00f3n C\u00f3ndor\u201d, en la Terminal \u201cC\u201d del aeropuerto internacional de Ezeiza, se encuentra s\u00e9ptima entre los ten tops mundiales y el primero en sur y centro Am\u00e9rica.<\/p>\n<p>Aerol\u00edneas comparte esta \u00faltima distinci\u00f3n con compa\u00f1\u00edas aerocomerciales como Emirates, Lufthansa, United Airlines, Turkish Airlines, US Airways y Air Berlin, entre otras.<\/p>\n<p>El \u201cSal\u00f3n C\u00f3ndor\u201d fue inaugurado por la actual gesti\u00f3n de Aerol\u00edneas Argentinas, en el a\u00f1o 2011 y est\u00e1 especialmente dise\u00f1ado para albergar a los pasajeros de todas las compa\u00f1\u00edas integrantes de la Alianza Sky Team, con una capacidad para 140 personas<\/p>\n<p>La sala VIP cuenta con sectores de descanso y de trabajo, con acceso a WiFi y televisi\u00f3n satelital, sillones masajeadores, ba\u00f1os y duchas, ba\u00f1os para personas con movilidad reducida y un espacio destinado a los ni\u00f1os denominado \u201cKids Club\u201d.<\/p>\n<h6>Fuente: El Zonda<\/h6>\n","protected":false},"excerpt":{"rendered":"<p>Se ubica en el vig\u00e9simo quinto lugar entre las mejores cien compa\u00f1\u00edas, seg\u00fan una encuesta realizada por eDreams, una de las compa\u00f1\u00edas de viajes online m\u00e1s importantes del planeta. El estudio realizado entre m\u00e1s de 90.000 usuarios de eDreams, el a\u00f1o pasado, determin\u00f3 que durante la actual gesti\u00f3n Aerol\u00edneas, a cargo de Mariano Recalde, se<\/p>\n","protected":false},"author":2,"featured_media":23555,"comment_status":"closed","ping_status":"closed","sticky":false,"template":"","format":"standard","meta":{"footnotes":""},"categories":[8],"tags":[21],"class_list":["post-23554","post","type-post","status-publish","format-standard","has-post-thumbnail","hentry","category-informe-nacional","tag-argentina"],"_links":{"self":[{"href":"http:\/\/argentinamunicipal.com.ar\/argentina\/wp-json\/wp\/v2\/posts\/23554","targetHints":{"allow":["GET"]}}],"collection":[{"href":"http:\/\/argentinamunicipal.com.ar\/argentina\/wp-json\/wp\/v2\/posts"}],"about":[{"href":"http:\/\/argentinamunicipal.com.ar\/argentina\/wp-json\/wp\/v2\/types\/post"}],"author":[{"embeddable":true,"href":"http:\/\/argentinamunicipal.com.ar\/argentina\/wp-json\/wp\/v2\/users\/2"}],"replies":[{"embeddable":true,"href":"http:\/\/argentinamunicipal.com.ar\/argentina\/wp-json\/wp\/v2\/comments?post=23554"}],"version-history":[{"count":0,"href":"http:\/\/argentinamunicipal.com.ar\/argentina\/wp-json\/wp\/v2\/posts\/23554\/revisions"}],"wp:featuredmedia":[{"embeddable":true,"href":"http:\/\/argentinamunicipal.com.ar\/argentina\/wp-json\/wp\/v2\/media\/23555"}],"wp:attachment":[{"href":"http:\/\/argentinamunicipal.com.ar\/argentina\/wp-json\/wp\/v2\/media?parent=23554"}],"wp:term":[{"taxonomy":"category","embeddable":true,"href":"http:\/\/argentinamunicipal.com.ar\/argentina\/wp-json\/wp\/v2\/categories?post=23554"},{"taxonomy":"post_tag","embeddable":true,"href":"http:\/\/argentinamunicipal.com.ar\/argentina\/wp-json\/wp\/v2\/tags?post=23554"}],"curies":[{"name":"wp","href":"https:\/\/api.w.org\/{rel}","templated":true}]}}