{"id":23583,"date":"2015-01-30T08:34:26","date_gmt":"2015-01-30T11:34:26","guid":{"rendered":"http:\/\/argentinamunicipal.com.ar\/argentina\/?p=23583"},"modified":"2015-01-30T08:34:26","modified_gmt":"2015-01-30T11:34:26","slug":"el-gobierno-de-santa-fe-convoco-municipales-reunion-por-paritarias","status":"publish","type":"post","link":"http:\/\/argentinamunicipal.com.ar\/argentina\/el-gobierno-de-santa-fe-convoco-municipales-reunion-por-paritarias\/","title":{"rendered":"El Gobierno de Santa Fe convoc\u00f3 a municipales a reuni\u00f3n por paritarias"},"content":{"rendered":"<p><a href=\"http:\/\/argentinamunicipal.com.ar\/argentina\/wp-content\/uploads\/2015\/01\/fuente-2-casa-gobierno-santa-fe.jpg\"><img loading=\"lazy\" decoding=\"async\" class=\"aligncenter  wp-image-23584\" src=\"http:\/\/argentinamunicipal.com.ar\/argentina\/wp-content\/uploads\/2015\/01\/fuente-2-casa-gobierno-santa-fe.jpg\" alt=\"fuente-2-casa-gobierno-santa-fe\" width=\"640\" height=\"480\" srcset=\"http:\/\/argentinamunicipal.com.ar\/argentina\/wp-content\/uploads\/2015\/01\/fuente-2-casa-gobierno-santa-fe.jpg 800w, http:\/\/argentinamunicipal.com.ar\/argentina\/wp-content\/uploads\/2015\/01\/fuente-2-casa-gobierno-santa-fe-300x225.jpg 300w\" sizes=\"auto, (max-width: 640px) 100vw, 640px\" \/><\/a><\/p>\n<p>El Gobierno de Santa Fe, a trav\u00e9s de la Secretar\u00eda de Regiones, Municipios y Comunas, convoc\u00f3 a la Federaci\u00f3n de Trabajadores Municipales de la provincia y a los representantes paritarios de municipios y comunas santafesinas, a la primera reuni\u00f3n paritaria del a\u00f1o, la cual se desarrollar\u00e1 el martes 10 de febrero, a las 13, en la Casa de Gobierno de la ciudad de Santa Fe.<\/p>\n<p>El encuentro, que tendr\u00e1 el objetivo de iniciar las conversaciones de pol\u00edtica salarial del sector para el a\u00f1o en curso, ser\u00e1 presidido por el secretario de Regiones, Municipios y Comunas de la Provincia, Horacio Ghirardi.<\/p>\n<p>En esa instancia, el funcionario estar\u00e1 acompa\u00f1ado por los representantes paritarios de intendencias y presidencias comunales que, entre otros, integran las ciudades de Rosario, Santa Fe, Rafaela, Reconquista, Venado Tuerto y Villa Gobernador G\u00e1lvez y las comunas de Gregoria P\u00e9rez de Denis (departamento 9 de Julio), Curupayti (departamento San Crist\u00f3bal) y Ang\u00e9lica (departamento Castellanos).<\/p>\n<p>Esa comisi\u00f3n, como ocurre todos los a\u00f1os, deber\u00e1 ser ratificada por el plenario de intendentes y presidentes comunales, a realizarse previo a la reuni\u00f3n paritaria con los gremios.<\/p>\n<h6>Fuente: La Opini\u00f3n Line<\/h6>\n","protected":false},"excerpt":{"rendered":"<p>El Gobierno de Santa Fe, a trav\u00e9s de la Secretar\u00eda de Regiones, Municipios y Comunas, convoc\u00f3 a la Federaci\u00f3n de Trabajadores Municipales de la provincia y a los representantes paritarios de municipios y comunas santafesinas, a la primera reuni\u00f3n paritaria del a\u00f1o, la cual se desarrollar\u00e1 el martes 10 de febrero, a las 13, en<\/p>\n","protected":false},"author":2,"featured_media":23584,"comment_status":"closed","ping_status":"closed","sticky":false,"template":"","format":"standard","meta":{"footnotes":""},"categories":[7],"tags":[10],"class_list":["post-23583","post","type-post","status-publish","format-standard","has-post-thumbnail","hentry","category-informe-sindical","tag-santa-fe"],"_links":{"self":[{"href":"http:\/\/argentinamunicipal.com.ar\/argentina\/wp-json\/wp\/v2\/posts\/23583","targetHints":{"allow":["GET"]}}],"collection":[{"href":"http:\/\/argentinamunicipal.com.ar\/argentina\/wp-json\/wp\/v2\/posts"}],"about":[{"href":"http:\/\/argentinamunicipal.com.ar\/argentina\/wp-json\/wp\/v2\/types\/post"}],"author":[{"embeddable":true,"href":"http:\/\/argentinamunicipal.com.ar\/argentina\/wp-json\/wp\/v2\/users\/2"}],"replies":[{"embeddable":true,"href":"http:\/\/argentinamunicipal.com.ar\/argentina\/wp-json\/wp\/v2\/comments?post=23583"}],"version-history":[{"count":0,"href":"http:\/\/argentinamunicipal.com.ar\/argentina\/wp-json\/wp\/v2\/posts\/23583\/revisions"}],"wp:featuredmedia":[{"embeddable":true,"href":"http:\/\/argentinamunicipal.com.ar\/argentina\/wp-json\/wp\/v2\/media\/23584"}],"wp:attachment":[{"href":"http:\/\/argentinamunicipal.com.ar\/argentina\/wp-json\/wp\/v2\/media?parent=23583"}],"wp:term":[{"taxonomy":"category","embeddable":true,"href":"http:\/\/argentinamunicipal.com.ar\/argentina\/wp-json\/wp\/v2\/categories?post=23583"},{"taxonomy":"post_tag","embeddable":true,"href":"http:\/\/argentinamunicipal.com.ar\/argentina\/wp-json\/wp\/v2\/tags?post=23583"}],"curies":[{"name":"wp","href":"https:\/\/api.w.org\/{rel}","templated":true}]}}