{"id":23605,"date":"2015-01-30T08:59:58","date_gmt":"2015-01-30T11:59:58","guid":{"rendered":"http:\/\/argentinamunicipal.com.ar\/argentina\/?p=23605"},"modified":"2015-01-30T08:59:58","modified_gmt":"2015-01-30T11:59:58","slug":"presupuesto-participativo-en-parana-en-marzo-se-haran-las-primeras-asambleas-zonales","status":"publish","type":"post","link":"http:\/\/argentinamunicipal.com.ar\/argentina\/presupuesto-participativo-en-parana-en-marzo-se-haran-las-primeras-asambleas-zonales\/","title":{"rendered":"Presupuesto participativo en Paran\u00e1: En marzo se har\u00e1n las primeras asambleas zonales"},"content":{"rendered":"<p><a href=\"http:\/\/argentinamunicipal.com.ar\/argentina\/wp-content\/uploads\/2015\/01\/e_1422560776.jpg\"><img loading=\"lazy\" decoding=\"async\" class=\"alignleft size-full wp-image-23606\" src=\"http:\/\/argentinamunicipal.com.ar\/argentina\/wp-content\/uploads\/2015\/01\/e_1422560776.jpg\" alt=\"e_1422560776\" width=\"432\" height=\"324\" srcset=\"http:\/\/argentinamunicipal.com.ar\/argentina\/wp-content\/uploads\/2015\/01\/e_1422560776.jpg 432w, http:\/\/argentinamunicipal.com.ar\/argentina\/wp-content\/uploads\/2015\/01\/e_1422560776-300x225.jpg 300w\" sizes=\"auto, (max-width: 432px) 100vw, 432px\" \/><\/a>La Comisi\u00f3n de Presupuesto Participativo de la Municipalidad de Paran\u00e1 convoc\u00f3 a participar de las primeras asambleas zonales ordinarias, que tendr\u00e1n lugar los d\u00edas 2, 3, 4, 5 y 6 de marzo.<\/p>\n<p>En la oportunidad se comenzar\u00e1n a determinar las prioridades urbano-sociales m\u00e1s urgentes a resolver. Adem\u00e1s se analizar\u00e1 el grado de ejecuci\u00f3n del Proyecto del Presupuesto Participativo iniciado el a\u00f1o anterior y se elegir\u00e1n los delegados zonales.<\/p>\n<p>La informaci\u00f3n de la convocatoria fue publicada este mi\u00e9rcoles en el Bolet\u00edn Oficial<\/p>\n<p>En relaci\u00f3n a los lugares de las convocatorias, las zonas comunales han quedado establecidas de la siguiente manera:<\/p>\n<p>A) Zona Comunal N\u00b01: (correspondiente a la zonificaci\u00f3n actual de la Unidad Municipal N\u00b01 Centro) comprendida entre los siguientes l\u00edmites: al Oeste: intersecci\u00f3n del R\u00edo Paran\u00e1 con Av. Laurencena, Av. Laurencena, Los Vascos, Osinalde, Panam\u00e1, Bv. Sarmiento, Cnel. Palavecino, Patagonia, Laprida, Bv. Sarmiento, Gral. Justo J. de Urquiza, Gran Chaco, Espa\u00f1a, Florentino Ameghino. Al Sur: Arroyo Anto\u00f1ico entre las calles F. Ameghino y Paraguay, Paraguay, Ituzaing\u00f3, Bv. Racedo. Al Este: 3 de Febrero desde Av. Almafuerte hasta Antonio Crespo, Pablo Mantegazza desde Juan Ambrosetti hasta Augusto Bravard. Al Norte: R\u00edo Paran\u00e1, Laurencena (subida hacia los Vascos).<\/p>\n<p>B) Zona Comunal N\u00b02: (correspondiente a la zonificaci\u00f3n actual de la Unidad Municipal N\u00b0 2 Oeste) comprendida entre los siguientes l\u00edmites: al Norte: R\u00edo Paran\u00e1 desde Bajada Grande hasta la intersecci\u00f3n del R\u00edo Paran\u00e1 con Av. Laurencena, Av. Laurencena, Los Vascos, Osinalde, Panam\u00e1, Bv. Sarmiento, Cnel. Palavecino, Patagonia, Laprida, Bv. Sarmiento, Gral. Justo J. de Urquiza, Gran Chaco, Espa\u00f1a, Florentino Ameghino, Arroyo Anto\u00f1ico entre F. Ameghino y Paraguay, Paraguay, Ituzaing\u00f3, Bv. Racedo. Al Este: Av. Ram\u00edrez hasta Sarobe. Al Sur: calle Sarobe hasta el R\u00edo Paran\u00e1. Al Oeste: Anegadizos y costa del R\u00edo Paran\u00e1.<\/p>\n<p>C) Zona Comunal N\u00b03: (correspondiente a la zonificaci\u00f3n actual de la Unidad Municipal N\u00b0 3 Sureste) comprendida entre los siguientes l\u00edmites: al Oeste: Av. Ramirez desde Bv. Racedo hasta O\u2019Higgins, O\u2019Higgins desde Ram\u00edrez hasta Avda. Zanni, Avda. Zanni desde O\u2019Higgins hasta l\u00edmite Sur de la ciudad. Al Sur: Arroyo Los Berros y l\u00edmite Sur de la ciudad. Al Este: Arroyo Las Tunas hasta Avda. Almafuerte.<\/p>\n<p>Al Norte: Avda. Almafuerte desde Arroyo Las Tunas hasta Avda. Ram\u00edrez.<\/p>\n<p>D) Zona Comunal N\u00b04: (correspondiente a la zonificaci\u00f3n actual de la Unidad Municipal N\u00b0 4 Noroeste) comprendida entre los siguientes l\u00edmites: al Norte: R\u00edo Paran\u00e1 desde Ministerio hasta Arroyo Las Tunas. Al Este: Arroyo Las Tunas desde el R\u00edo Paran\u00e1 hasta Av. Almafuerte. Al Sur: Av. Almafuerte desde Arroyo Las Tunas hasta Av. Ram\u00edrez. Al Oeste: 3 de Febrero desde Av. Almafuerte hasta Antonio Crespo, Pablo Mantegazza desde Juan Ambrosetti hasta Augusto Bravard.<\/p>\n<p>E) Zona Comunal N\u00b05: (correspondiente a la zonificaci\u00f3n actual de la Unidad Sur) comprendida entre los siguientes l\u00edmites: Al norte: las calles Gral. Sarobe y O\u2019Higgins (ambas aceras). Al sur: el l\u00edmite del ejido urbano de la ciudad de Paran\u00e1. Al este: Av. Pedro Zanni (ambas aceras) desde O\u00b4Higgins hasta el l\u00edmite sur de la ciudad. Al oeste: el l\u00edmite con la zona de ba\u00f1ados de la costa del R\u00edo Paran\u00e1.<\/p>\n<p><strong>D\u00edas y horarios<\/strong><br \/>\nLas Primeras Asambleas Zonales Ordinarias se estar\u00e1n desarrollando en los lugares y fechas mencionadas a continuaci\u00f3n:<\/p>\n<p>Zona Comunal N\u00b0 1: se llevar\u00e1 a cabo el d\u00eda 2 de marzo entre las 10 y las 12 en las instalaciones del Teatro Municipal 3 de febrero (calle 25 de Junio N\u00b0 60 de la ciudad de Paran\u00e1)<\/p>\n<p>Zona Comunal N\u00b0 2: se llevar\u00e1 a cabo el d\u00eda 3 de marzo, dando inicio a las 15 y finalizando a las 18 en las instalaciones del Centro Cultural Municipal Juan L. Ortiz, sito en Bvd. Racedo N\u00b0 250 de la ciudad de Paran\u00e1.<\/p>\n<p>Zona Comunal N\u00b0 3: se llevar\u00e1 a cabo el 4 de marzo entre las 15 y las 18, en las instalaciones del Club Atl\u00e9tico Palermo, sito en la intersecci\u00f3n de Av. Ram\u00edrez y Santos Dom\u00ednguez de la ciudad de Paran\u00e1.<\/p>\n<p>Zona Comunal N\u00b0 4: se llevar\u00e1 a cabo el d\u00eda 5 de marzo, dando inicio a las 15 y finalizando a las 18 en las instalaciones del Centro de Ex Alumnos de Don Bosco, sito en Av. Don Bosco N\u00b0 485 de la ciudad de Paran\u00e1.<\/p>\n<p>Zona Comunal N\u00b0 5: se llevar\u00e1 a cabo el 6 de marzo, dando inicio a las 15 y finalizando a las 18 en las instalaciones del Centro Asturiano de Paran\u00e1, sito en calle Divisi\u00f3n de los Andes N\u00b0 2.795 &#8211; esq. Cris\u00f3logo Larraldede la ciudad de Paran\u00e1.<\/p>\n<p><strong>Temario<\/strong><\/p>\n<p>El orden del d\u00eda es el siguiente:<\/p>\n<p>&#8211; An\u00e1lisis del informe del Departamento Ejecutivo Municipal sobre el grado de ejecuci\u00f3n del Proyecto del Presupuesto Participativo iniciado el a\u00f1o anterior.<\/p>\n<p>&#8211; Determinaci\u00f3n de las prioridades urbano-sociales m\u00e1s urgentes a resolver.<\/p>\n<p>&#8211; Elecci\u00f3n de Delegados Zonales.<\/p>\n<p>&#8211; Participaci\u00f3n de Asociaciones Civiles, Comunidades Vecinales, Movimientos de Participaci\u00f3n Ciudadana e Instituciones Intermedias sin fines de Lucro.<\/p>\n<p>Las entidades mencionadas podr\u00e1n participar siempre que tengan su domicilio legal dentro de la zona comunal en cuya asamblea se pretende intervenir.<\/p>\n<p><strong>Requisitos para participar<\/strong><\/p>\n<p>Los requisitos para participar son los siguientes:<\/p>\n<p>-Tener 16 a\u00f1os cumplidos;<\/p>\n<p>-Tener residencia dentro de la Zona Comunal en cuya Asamblea se pretende participar;<\/p>\n<p>&#8211; Concurrir con DNI o en su defecto, certificado de vecindad expedido por la Polic\u00eda de<\/p>\n<p>Entre R\u00edos o factura de servicios que acredite el domicilio del participante<\/p>\n<h6>Fuente: El Once<\/h6>\n","protected":false},"excerpt":{"rendered":"<p>La Comisi\u00f3n de Presupuesto Participativo de la Municipalidad de Paran\u00e1 convoc\u00f3 a participar de las primeras asambleas zonales ordinarias, que tendr\u00e1n lugar los d\u00edas 2, 3, 4, 5 y 6 de marzo. En la oportunidad se comenzar\u00e1n a determinar las prioridades urbano-sociales m\u00e1s urgentes a resolver. Adem\u00e1s se analizar\u00e1 el grado de ejecuci\u00f3n del Proyecto<\/p>\n","protected":false},"author":2,"featured_media":23606,"comment_status":"closed","ping_status":"closed","sticky":false,"template":"","format":"standard","meta":{"footnotes":""},"categories":[2],"tags":[17],"class_list":["post-23605","post","type-post","status-publish","format-standard","has-post-thumbnail","hentry","category-informe-municipal","tag-entre-rios"],"_links":{"self":[{"href":"http:\/\/argentinamunicipal.com.ar\/argentina\/wp-json\/wp\/v2\/posts\/23605","targetHints":{"allow":["GET"]}}],"collection":[{"href":"http:\/\/argentinamunicipal.com.ar\/argentina\/wp-json\/wp\/v2\/posts"}],"about":[{"href":"http:\/\/argentinamunicipal.com.ar\/argentina\/wp-json\/wp\/v2\/types\/post"}],"author":[{"embeddable":true,"href":"http:\/\/argentinamunicipal.com.ar\/argentina\/wp-json\/wp\/v2\/users\/2"}],"replies":[{"embeddable":true,"href":"http:\/\/argentinamunicipal.com.ar\/argentina\/wp-json\/wp\/v2\/comments?post=23605"}],"version-history":[{"count":0,"href":"http:\/\/argentinamunicipal.com.ar\/argentina\/wp-json\/wp\/v2\/posts\/23605\/revisions"}],"wp:featuredmedia":[{"embeddable":true,"href":"http:\/\/argentinamunicipal.com.ar\/argentina\/wp-json\/wp\/v2\/media\/23606"}],"wp:attachment":[{"href":"http:\/\/argentinamunicipal.com.ar\/argentina\/wp-json\/wp\/v2\/media?parent=23605"}],"wp:term":[{"taxonomy":"category","embeddable":true,"href":"http:\/\/argentinamunicipal.com.ar\/argentina\/wp-json\/wp\/v2\/categories?post=23605"},{"taxonomy":"post_tag","embeddable":true,"href":"http:\/\/argentinamunicipal.com.ar\/argentina\/wp-json\/wp\/v2\/tags?post=23605"}],"curies":[{"name":"wp","href":"https:\/\/api.w.org\/{rel}","templated":true}]}}