{"id":23624,"date":"2015-01-30T09:24:05","date_gmt":"2015-01-30T12:24:05","guid":{"rendered":"http:\/\/argentinamunicipal.com.ar\/argentina\/?p=23624"},"modified":"2015-01-30T09:24:54","modified_gmt":"2015-01-30T12:24:54","slug":"el-gobernador-de-santa-fe-visito-las-obras-que-realiza-festram","status":"publish","type":"post","link":"http:\/\/argentinamunicipal.com.ar\/argentina\/el-gobernador-de-santa-fe-visito-las-obras-que-realiza-festram\/","title":{"rendered":"El Gobernador de Santa Fe visit\u00f3 las obras que realiza Festram"},"content":{"rendered":"<p><a href=\"http:\/\/argentinamunicipal.com.ar\/argentina\/wp-content\/uploads\/2015\/01\/DSC0531-1024x597.jpg\"><img loading=\"lazy\" decoding=\"async\" class=\"aligncenter  wp-image-23625\" src=\"http:\/\/argentinamunicipal.com.ar\/argentina\/wp-content\/uploads\/2015\/01\/DSC0531-1024x597.jpg\" alt=\"DSC0531-1024x597\" width=\"913\" height=\"532\" srcset=\"http:\/\/argentinamunicipal.com.ar\/argentina\/wp-content\/uploads\/2015\/01\/DSC0531-1024x597.jpg 1024w, http:\/\/argentinamunicipal.com.ar\/argentina\/wp-content\/uploads\/2015\/01\/DSC0531-1024x597-300x175.jpg 300w\" sizes=\"auto, (max-width: 913px) 100vw, 913px\" \/><\/a><br \/>\nLa provincia brind\u00f3 asistencia financiera para la construcci\u00f3n en Santa Fe de un complejo donde tambi\u00e9n funcionar\u00e1 la mutual.<\/p>\n<p>El gobernador Antonio Bonfatti, recorri\u00f3 las obras del Complejo Institucional de la Federaci\u00f3n de Sindicatos de Trabajadores Municipal (Festram) de la provincia que se construye en la ciudad de Santa Fe y dispuso ademas un primer tramo de asistencia financiera de un mill\u00f3n quinientos mil pesos, con cargo y rendici\u00f3n, para la entidad sindical.<\/p>\n<p>El complejo est\u00e1 ubicado en avenida Freyre 1635, con ingreso tambi\u00e9n por avenida General L\u00f3pez y ser\u00e1 la sede tanto de la Federaci\u00f3n como de la mutual, Festram y Amfestram. La propiedad fue adquirida con apoyo de la banca cooperativa y las obras incluyen la construcci\u00f3n, remodelaci\u00f3n y adecuaci\u00f3n de las instalaciones de un ex predio fabril que tendr\u00e1 3.363 metros cuadrados cubiertos.<\/p>\n<p>La mutual funcionar\u00e1 en la planta baja, mientras que el piso superior ser\u00e1 la sede de la federaci\u00f3n. Tambien contar\u00e1 con un sal\u00f3n de reuniones, subsuelo para sala de teleconferencias y un sector para exposiciones. Contar\u00e1 tambi\u00e9n, con aulas de capacitaci\u00f3n y un sal\u00f3n de usos m\u00faltiples, abierto a la comunidad.<\/p>\n<p>Bonfatti comprometi\u00f3 el apoyo institucional de la provincia, al considerar la importancia del emprendimiento y la representaci\u00f3n sindical de m\u00e1s de 40 mil trabajadores municipales y comunales, como as\u00ed el aporte a la econom\u00eda social de una entidad mutual con m\u00e1s de 14 mil asociados.<\/p>\n<p>Hace unos d\u00edas, el primer mandatario recibi\u00f3 en su despacho a los representantes de la organizaci\u00f3n para concretar la entrega del anticipo de dicha asistencia.<\/p>\n<p>La visita tambi\u00e9n permiti\u00f3 a la Festram imponer al gobernador sobre las aspiraciones del sector, para que el Ejecutivo env\u00ede un proyecto de ley, que permita a los trabajadores municipales y comunales contar con el convenio colectivo de trabajo.<\/p>\n<h6><a href=\"http:\/\/argentinamunicipal.com.ar\/argentina\/wp-content\/uploads\/2015\/01\/DSC0581-1024x683.jpg\"><img loading=\"lazy\" decoding=\"async\" class=\"aligncenter  wp-image-23626\" src=\"http:\/\/argentinamunicipal.com.ar\/argentina\/wp-content\/uploads\/2015\/01\/DSC0581-1024x683.jpg\" alt=\"DSC0581-1024x683\" width=\"681\" height=\"454\" srcset=\"http:\/\/argentinamunicipal.com.ar\/argentina\/wp-content\/uploads\/2015\/01\/DSC0581-1024x683.jpg 1024w, http:\/\/argentinamunicipal.com.ar\/argentina\/wp-content\/uploads\/2015\/01\/DSC0581-1024x683-300x200.jpg 300w\" sizes=\"auto, (max-width: 681px) 100vw, 681px\" \/><\/a><\/h6>\n<h6>Fuente: La Capital,\u00a0Rosario<\/h6>\n","protected":false},"excerpt":{"rendered":"<p>La provincia brind\u00f3 asistencia financiera para la construcci\u00f3n en Santa Fe de un complejo donde tambi\u00e9n funcionar\u00e1 la mutual. El gobernador Antonio Bonfatti, recorri\u00f3 las obras del Complejo Institucional de la Federaci\u00f3n de Sindicatos de Trabajadores Municipal (Festram) de la provincia que se construye en la ciudad de Santa Fe y dispuso ademas un primer<\/p>\n","protected":false},"author":2,"featured_media":23626,"comment_status":"closed","ping_status":"closed","sticky":false,"template":"","format":"standard","meta":{"footnotes":""},"categories":[7],"tags":[10],"class_list":["post-23624","post","type-post","status-publish","format-standard","has-post-thumbnail","hentry","category-informe-sindical","tag-santa-fe"],"_links":{"self":[{"href":"http:\/\/argentinamunicipal.com.ar\/argentina\/wp-json\/wp\/v2\/posts\/23624","targetHints":{"allow":["GET"]}}],"collection":[{"href":"http:\/\/argentinamunicipal.com.ar\/argentina\/wp-json\/wp\/v2\/posts"}],"about":[{"href":"http:\/\/argentinamunicipal.com.ar\/argentina\/wp-json\/wp\/v2\/types\/post"}],"author":[{"embeddable":true,"href":"http:\/\/argentinamunicipal.com.ar\/argentina\/wp-json\/wp\/v2\/users\/2"}],"replies":[{"embeddable":true,"href":"http:\/\/argentinamunicipal.com.ar\/argentina\/wp-json\/wp\/v2\/comments?post=23624"}],"version-history":[{"count":0,"href":"http:\/\/argentinamunicipal.com.ar\/argentina\/wp-json\/wp\/v2\/posts\/23624\/revisions"}],"wp:featuredmedia":[{"embeddable":true,"href":"http:\/\/argentinamunicipal.com.ar\/argentina\/wp-json\/wp\/v2\/media\/23626"}],"wp:attachment":[{"href":"http:\/\/argentinamunicipal.com.ar\/argentina\/wp-json\/wp\/v2\/media?parent=23624"}],"wp:term":[{"taxonomy":"category","embeddable":true,"href":"http:\/\/argentinamunicipal.com.ar\/argentina\/wp-json\/wp\/v2\/categories?post=23624"},{"taxonomy":"post_tag","embeddable":true,"href":"http:\/\/argentinamunicipal.com.ar\/argentina\/wp-json\/wp\/v2\/tags?post=23624"}],"curies":[{"name":"wp","href":"https:\/\/api.w.org\/{rel}","templated":true}]}}