{"id":23655,"date":"2015-01-31T09:29:03","date_gmt":"2015-01-31T12:29:03","guid":{"rendered":"http:\/\/argentinamunicipal.com.ar\/argentina\/?p=23655"},"modified":"2015-01-31T09:29:03","modified_gmt":"2015-01-31T12:29:03","slug":"estiman-que-8-de-cada-10-rosarinos-tendran-cloacas-antes-de-fin-de-ano","status":"publish","type":"post","link":"http:\/\/argentinamunicipal.com.ar\/argentina\/estiman-que-8-de-cada-10-rosarinos-tendran-cloacas-antes-de-fin-de-ano\/","title":{"rendered":"Estiman que 8 de cada 10 rosarinos tendr\u00e1n cloacas antes de fin de a\u00f1o"},"content":{"rendered":"<div id=\"attachment_23656\" style=\"width: 631px\" class=\"wp-caption aligncenter\"><a href=\"http:\/\/argentinamunicipal.com.ar\/argentina\/wp-content\/uploads\/2015\/01\/c602.jpg_88717827.jpg\"><img loading=\"lazy\" decoding=\"async\" aria-describedby=\"caption-attachment-23656\" class=\"size-full wp-image-23656\" src=\"http:\/\/argentinamunicipal.com.ar\/argentina\/wp-content\/uploads\/2015\/01\/c602.jpg_88717827.jpg\" alt=\"Recorrida. La intendenta M\u00f3nica Fein estuvo ayer en French y Larrea.\" width=\"621\" height=\"465\" srcset=\"http:\/\/argentinamunicipal.com.ar\/argentina\/wp-content\/uploads\/2015\/01\/c602.jpg_88717827.jpg 621w, http:\/\/argentinamunicipal.com.ar\/argentina\/wp-content\/uploads\/2015\/01\/c602.jpg_88717827-300x225.jpg 300w\" sizes=\"auto, (max-width: 621px) 100vw, 621px\" \/><\/a><p id=\"caption-attachment-23656\" class=\"wp-caption-text\">Recorrida. La intendenta M\u00f3nica Fein estuvo ayer en French y Larrea.<\/p><\/div>\n<p>El tendido cloacal se extiende sobre el sector delimitado por Juan Jos\u00e9 Paso, Gorriti, Rouill\u00f3n y Felipe Mor\u00e9, donde se est\u00e1n ejecutando 1.160 conexiones domiciliarias.<\/p>\n<p>&nbsp;<\/p>\n<p>\u201cOcho de cada diez rosarinos tendr\u00e1n cloacas al finalizar esta gesti\u00f3n\u201d. As\u00ed lo asegur\u00f3 la intendenta M\u00f3nica Fein en la recorrida que realiz\u00f3 ayer por la zona de French y Larrea de Empalme Graneros, donde en el marco del Plan Abre se ejecutan las obras hidr\u00e1ulicas con el claro compromiso de saldar una deuda hist\u00f3rica con todos los barrios que no cuentan con el servicio.<\/p>\n<p>Para cumplir con este desaf\u00edo, est\u00e1 en pleno desarrollo el plan de infraestructura y mejoras programado en todos los puntos cr\u00edticos de la ciudad. En este caso, el tendido cloacal se extiende sobre el sector delimitado por Juan Jos\u00e9 Paso, Gorriti, Rouill\u00f3n y Felipe Mor\u00e9, donde se est\u00e1n ejecutando 1.160 conexiones domiciliarias que beneficiar\u00e1n de manera directa a unos 4.600 vecinos.<\/p>\n<p>\u201cRealmente estamos muy contentos por el avance de estas obras que, seguramente, le cambiar\u00e1n la vida los vecinos. En este caso se beneficiar\u00e1n m\u00e1s de 4.500 vecinos con una inversi\u00f3n de 20 millones de pesos. Pero este plan de cloacas incluye, adem\u00e1s de Empalme Graneros, a los barrios Larrea, 20 de Junio y Ludue\u00f1a. Este es un plan de obras hist\u00f3rico y estamos orgullosos de decir que antes de que termine mi gesti\u00f3n, en diciembre, ocho de cada diez rosarinos tendr\u00e1n un servicio esencial como lo es el servicio cloacal\u201d, asegur\u00f3 la intendenta.<\/p>\n<p>El emprendimiento forma parte del Programa Solidario e Integrador de Desag\u00fces Cloacales dise\u00f1ado y puesto en marcha en forma conjunta por la Municipalidad, el gobierno provincial y la empresa Aguas Santafesinas SA para saldar el d\u00e9ficit hist\u00f3rico que sufren algunos barrios que no cuentan con el servicio.<\/p>\n<p>Las tareas. Las obras de cloacas en esta amplia zona de la ciudad, comprendidas entre Felipe Mor\u00e9, las v\u00edas del Ferrocarril Mitre, avenida de Circunvalaci\u00f3n, Albert Schweitzer y v\u00edas del Ferrocarril Belgrano, se encuentran en plena ejecuci\u00f3n en los barrios Empalme Graneros y Ludue\u00f1a Norte, mientras que est\u00e1n en proceso de licitaci\u00f3n los barrios 20 de Junio, Larrea y un \u00faltimo sector de Empalme Graneros. Se prev\u00e9 que antes de fin de a\u00f1o estar\u00e1n ejecutadas las obras en un 85 por ciento de la ciudad.<\/p>\n<h6>Fuente: La Capital, Rosario<\/h6>\n","protected":false},"excerpt":{"rendered":"<p>El tendido cloacal se extiende sobre el sector delimitado por Juan Jos\u00e9 Paso, Gorriti, Rouill\u00f3n y Felipe Mor\u00e9, donde se est\u00e1n ejecutando 1.160 conexiones domiciliarias. &nbsp; \u201cOcho de cada diez rosarinos tendr\u00e1n cloacas al finalizar esta gesti\u00f3n\u201d. As\u00ed lo asegur\u00f3 la intendenta M\u00f3nica Fein en la recorrida que realiz\u00f3 ayer por la zona de French<\/p>\n","protected":false},"author":2,"featured_media":23656,"comment_status":"closed","ping_status":"closed","sticky":false,"template":"","format":"standard","meta":{"footnotes":""},"categories":[2],"tags":[10],"class_list":["post-23655","post","type-post","status-publish","format-standard","has-post-thumbnail","hentry","category-informe-municipal","tag-santa-fe"],"_links":{"self":[{"href":"http:\/\/argentinamunicipal.com.ar\/argentina\/wp-json\/wp\/v2\/posts\/23655","targetHints":{"allow":["GET"]}}],"collection":[{"href":"http:\/\/argentinamunicipal.com.ar\/argentina\/wp-json\/wp\/v2\/posts"}],"about":[{"href":"http:\/\/argentinamunicipal.com.ar\/argentina\/wp-json\/wp\/v2\/types\/post"}],"author":[{"embeddable":true,"href":"http:\/\/argentinamunicipal.com.ar\/argentina\/wp-json\/wp\/v2\/users\/2"}],"replies":[{"embeddable":true,"href":"http:\/\/argentinamunicipal.com.ar\/argentina\/wp-json\/wp\/v2\/comments?post=23655"}],"version-history":[{"count":0,"href":"http:\/\/argentinamunicipal.com.ar\/argentina\/wp-json\/wp\/v2\/posts\/23655\/revisions"}],"wp:featuredmedia":[{"embeddable":true,"href":"http:\/\/argentinamunicipal.com.ar\/argentina\/wp-json\/wp\/v2\/media\/23656"}],"wp:attachment":[{"href":"http:\/\/argentinamunicipal.com.ar\/argentina\/wp-json\/wp\/v2\/media?parent=23655"}],"wp:term":[{"taxonomy":"category","embeddable":true,"href":"http:\/\/argentinamunicipal.com.ar\/argentina\/wp-json\/wp\/v2\/categories?post=23655"},{"taxonomy":"post_tag","embeddable":true,"href":"http:\/\/argentinamunicipal.com.ar\/argentina\/wp-json\/wp\/v2\/tags?post=23655"}],"curies":[{"name":"wp","href":"https:\/\/api.w.org\/{rel}","templated":true}]}}