{"id":23686,"date":"2015-01-31T10:11:29","date_gmt":"2015-01-31T13:11:29","guid":{"rendered":"http:\/\/argentinamunicipal.com.ar\/argentina\/?p=23686"},"modified":"2015-01-31T10:11:29","modified_gmt":"2015-01-31T13:11:29","slug":"productores-aseguran-que-con-la-ley-de-agricultura-familiar-habra-mejores-alimentos-y-mas-baratos","status":"publish","type":"post","link":"http:\/\/argentinamunicipal.com.ar\/argentina\/productores-aseguran-que-con-la-ley-de-agricultura-familiar-habra-mejores-alimentos-y-mas-baratos\/","title":{"rendered":"Productores aseguran que con la ley de agricultura familiar habr\u00e1 \u00abmejores alimentos y m\u00e1s baratos\u00bb"},"content":{"rendered":"<p><a href=\"http:\/\/argentinamunicipal.com.ar\/argentina\/wp-content\/uploads\/2015\/01\/agricultura-familiar.jpg\"><img loading=\"lazy\" decoding=\"async\" class=\"aligncenter  wp-image-23687\" src=\"http:\/\/argentinamunicipal.com.ar\/argentina\/wp-content\/uploads\/2015\/01\/agricultura-familiar.jpg\" alt=\"agricultura-familiar\" width=\"700\" height=\"525\" srcset=\"http:\/\/argentinamunicipal.com.ar\/argentina\/wp-content\/uploads\/2015\/01\/agricultura-familiar.jpg 1024w, http:\/\/argentinamunicipal.com.ar\/argentina\/wp-content\/uploads\/2015\/01\/agricultura-familiar-300x225.jpg 300w\" sizes=\"auto, (max-width: 700px) 100vw, 700px\" \/><\/a><br \/>\nEl presidente de la Federaci\u00f3n de Organizaciones Nucleadas de la Agricultura Familiar (Fonaf), Miguel Fern\u00e1ndez, afirm\u00f3 que la ley, puesta en vigencia el mi\u00e9rcoles, \u00abfavorecer\u00e1 no s\u00f3lo a peque\u00f1os y medianos productores, sino a toda la sociedad argentina\u00bb.<\/p>\n<p>\u00abCelebramos la puesta en vigencia de la Ley (publicada ayer en el Bolet\u00edn Oficial) porque hemos sido los gestores de haberla iniciado, haberla sometido a consulta y haber hecho part\u00edcipes del debate y del armado de la misma a organizaciones agrarias, a universidades, y a legisladores, para que se tratara, se aprobara y se promulgara\u00bb, indic\u00f3 Fern\u00e1ndez a T\u00e9lam.<\/p>\n<p>Remarc\u00f3 que \u00abes una gran alegr\u00eda la entrada en vigencia, pero tambi\u00e9n la decisi\u00f3n pol\u00edtica de poner fondos para ejecutar lo que dice la ley\u00bb, y asegur\u00f3 que por parte de la Fonaf \u00absigue el compromiso de participar para comenzar a ejecutar esta nueva herramienta como corresponde\u00bb.<\/p>\n<p>\u00abEsta ley es un derecho adquirido que favorecer\u00e1 a productores peque\u00f1os y medianos, pero tambi\u00e9n para la sociedad argentina porque como generadores de alimentos que comen todos, al tener herramientas en la mano para producir mejor y mucho, vamos a abaratar costos y se podr\u00e1n consumir buenos productos a menores precios\u00bb, afirm\u00f3 Fern\u00e1ndez.<\/p>\n<p>Destac\u00f3 que la nueva legislaci\u00f3n permitir\u00e1 a los productores \u00abser considerados como sujetos de derechos, pasar por un banco y pedir pr\u00e9stamos, tener la propiedad de la tierra, el acceso al agua, y sobre todo, posibilidades de producir mejor\u00bb.<\/p>\n<p>\u00abEsto es, sin dudas, inclusi\u00f3n social, Son m\u00e1s de 238 mil las familias agricultoras que nosotros tenemos registradas en nuestra Federaci\u00f3n\u00bb, precis\u00f3 el titular de la Fonaf.<\/p>\n<h6>Fuente: T\u00e9lam<\/h6>\n","protected":false},"excerpt":{"rendered":"<p>El presidente de la Federaci\u00f3n de Organizaciones Nucleadas de la Agricultura Familiar (Fonaf), Miguel Fern\u00e1ndez, afirm\u00f3 que la ley, puesta en vigencia el mi\u00e9rcoles, \u00abfavorecer\u00e1 no s\u00f3lo a peque\u00f1os y medianos productores, sino a toda la sociedad argentina\u00bb. \u00abCelebramos la puesta en vigencia de la Ley (publicada ayer en el Bolet\u00edn Oficial) porque hemos sido<\/p>\n","protected":false},"author":2,"featured_media":23687,"comment_status":"closed","ping_status":"closed","sticky":false,"template":"","format":"standard","meta":{"footnotes":""},"categories":[8],"tags":[21],"class_list":["post-23686","post","type-post","status-publish","format-standard","has-post-thumbnail","hentry","category-informe-nacional","tag-argentina"],"_links":{"self":[{"href":"http:\/\/argentinamunicipal.com.ar\/argentina\/wp-json\/wp\/v2\/posts\/23686","targetHints":{"allow":["GET"]}}],"collection":[{"href":"http:\/\/argentinamunicipal.com.ar\/argentina\/wp-json\/wp\/v2\/posts"}],"about":[{"href":"http:\/\/argentinamunicipal.com.ar\/argentina\/wp-json\/wp\/v2\/types\/post"}],"author":[{"embeddable":true,"href":"http:\/\/argentinamunicipal.com.ar\/argentina\/wp-json\/wp\/v2\/users\/2"}],"replies":[{"embeddable":true,"href":"http:\/\/argentinamunicipal.com.ar\/argentina\/wp-json\/wp\/v2\/comments?post=23686"}],"version-history":[{"count":0,"href":"http:\/\/argentinamunicipal.com.ar\/argentina\/wp-json\/wp\/v2\/posts\/23686\/revisions"}],"wp:featuredmedia":[{"embeddable":true,"href":"http:\/\/argentinamunicipal.com.ar\/argentina\/wp-json\/wp\/v2\/media\/23687"}],"wp:attachment":[{"href":"http:\/\/argentinamunicipal.com.ar\/argentina\/wp-json\/wp\/v2\/media?parent=23686"}],"wp:term":[{"taxonomy":"category","embeddable":true,"href":"http:\/\/argentinamunicipal.com.ar\/argentina\/wp-json\/wp\/v2\/categories?post=23686"},{"taxonomy":"post_tag","embeddable":true,"href":"http:\/\/argentinamunicipal.com.ar\/argentina\/wp-json\/wp\/v2\/tags?post=23686"}],"curies":[{"name":"wp","href":"https:\/\/api.w.org\/{rel}","templated":true}]}}