{"id":23689,"date":"2015-01-31T08:11:47","date_gmt":"2015-01-31T11:11:47","guid":{"rendered":"http:\/\/argentinamunicipal.com.ar\/argentina\/?p=23689"},"modified":"2015-01-31T10:14:21","modified_gmt":"2015-01-31T13:14:21","slug":"finalmente-sergio-mattarella-es-el-nuevo-presidente-de-italia","status":"publish","type":"post","link":"http:\/\/argentinamunicipal.com.ar\/argentina\/finalmente-sergio-mattarella-es-el-nuevo-presidente-de-italia\/","title":{"rendered":"Finalmente, Sergio Mattarella es el nuevo presidente de Italia"},"content":{"rendered":"<p><a href=\"http:\/\/argentinamunicipal.com.ar\/argentina\/wp-content\/uploads\/2015\/01\/martarella-400x255.jpg\"><img loading=\"lazy\" decoding=\"async\" class=\"alignright size-full wp-image-23690\" src=\"http:\/\/argentinamunicipal.com.ar\/argentina\/wp-content\/uploads\/2015\/01\/martarella-400x255.jpg\" alt=\"martarella-400x255\" width=\"400\" height=\"255\" srcset=\"http:\/\/argentinamunicipal.com.ar\/argentina\/wp-content\/uploads\/2015\/01\/martarella-400x255.jpg 400w, http:\/\/argentinamunicipal.com.ar\/argentina\/wp-content\/uploads\/2015\/01\/martarella-400x255-300x191.jpg 300w\" sizes=\"auto, (max-width: 400px) 100vw, 400px\" \/><\/a>Juez del Tribunal Constitucional y varias veces ministro, de 73 a\u00f1os, fue elegido en la cuarta votaci\u00f3n en el Parlamento y para la que s\u00f3lo se necesitaba la mayor\u00eda absoluta de 505 votos. En las pr\u00f3ximas horas se establecer\u00e1 cu\u00e1ndo recibir\u00e1 la investidura.<\/p>\n<p>Durante el escrutinio, cuando la presidenta de la C\u00e1mara de Diputados, Laura Boldrini, ley\u00f3 la papeleta con el nombre de Mattarella y con la que se llegaba a los 505 votos requeridos en el Parlamento en su sesi\u00f3n conjunta -1.009 electores, entre diputados, senadores, representantes de regiones y senadores vitalicios- se escuch\u00f3 una fuerte y larga ovaci\u00f3n.<\/p>\n<p>Aunque con alguna incertidumbre, debido a la experiencia de 2013 cuando los propios miembros del Partido Dem\u00f3crata (PD) \u00abtraicionaron\u00bb la candidatura de Romano Prodi, la elecci\u00f3n del antiguo miembro de la Democracia Cristiana (DC) como sucesor de Giorgio Napolitano estaba prevista en esta votaci\u00f3n.<\/p>\n<p>En las anteriores tres votaciones, que comenzaron el jueves, los grandes partidos se hab\u00edan decantado por la estrategia pol\u00edtica de votar en blanco ante la imposibilidad de que un nombre fuera elegido al necesitarse dos tercios de los sufragios.<\/p>\n<p>Mattarella fue desde el principio la propuesta del l\u00edder del PD y primer ministro, Matteo Renzi, y obtuvo el apoyo un\u00e1nime de todo su grupo.<\/p>\n<p>Esta ma\u00f1ana, despu\u00e9s de las primeras reticencias, los socios de Renzi en el Gobierno, el Nuevo Centro Derecha (NCD) de Angelino Alfano, accedieron a apoyar esta candidatura, consigna un cable de la agencia Efe.<\/p>\n<p>El grupo del ex primer ministro Silvio Berlusconi, Forza Italia (FI), reiter\u00f3 su voto en blanco, como signo de rechazo al nombre propuesto por Renzi.<\/p>\n<p>El partido del \u00abexCavaliere\u00bb no aprueba el nombramiento de Mattarella y considera \u00abuna traici\u00f3n\u00bb no haber sido consultado, por lo que ha anunciado la conclusi\u00f3n del llamado \u00abPacto de Nazareno\u00bb, el acuerdo que manten\u00edan para sacar adelante algunas reformas constitucionales y el nuevo sistema electoral.<\/p>\n<p>Mattarella se convierte as\u00ed en el d\u00e9cimo segundo jefe de Estado -en la que ser\u00eda la d\u00e9cimo tercera presidencia tras la reelecci\u00f3n de Napolitano en 2013 -.<\/p>\n<p>En las pr\u00f3ximas horas se establecer\u00e1 cu\u00e1ndo recibir\u00e1 la investidura en el Parlamento, donde jurar\u00e1 el cargo y pronunciar\u00e1 un discurso, y que puede ser presumiblemente el lunes.<\/p>\n<h6>Fuente: T\u00e9lam<\/h6>\n","protected":false},"excerpt":{"rendered":"<p>Juez del Tribunal Constitucional y varias veces ministro, de 73 a\u00f1os, fue elegido en la cuarta votaci\u00f3n en el Parlamento y para la que s\u00f3lo se necesitaba la mayor\u00eda absoluta de 505 votos. En las pr\u00f3ximas horas se establecer\u00e1 cu\u00e1ndo recibir\u00e1 la investidura. Durante el escrutinio, cuando la presidenta de la C\u00e1mara de Diputados, Laura<\/p>\n","protected":false},"author":2,"featured_media":23690,"comment_status":"closed","ping_status":"closed","sticky":false,"template":"","format":"standard","meta":{"footnotes":""},"categories":[22],"tags":[57],"class_list":["post-23689","post","type-post","status-publish","format-standard","has-post-thumbnail","hentry","category-el-mundo","tag-el-mundo"],"_links":{"self":[{"href":"http:\/\/argentinamunicipal.com.ar\/argentina\/wp-json\/wp\/v2\/posts\/23689","targetHints":{"allow":["GET"]}}],"collection":[{"href":"http:\/\/argentinamunicipal.com.ar\/argentina\/wp-json\/wp\/v2\/posts"}],"about":[{"href":"http:\/\/argentinamunicipal.com.ar\/argentina\/wp-json\/wp\/v2\/types\/post"}],"author":[{"embeddable":true,"href":"http:\/\/argentinamunicipal.com.ar\/argentina\/wp-json\/wp\/v2\/users\/2"}],"replies":[{"embeddable":true,"href":"http:\/\/argentinamunicipal.com.ar\/argentina\/wp-json\/wp\/v2\/comments?post=23689"}],"version-history":[{"count":0,"href":"http:\/\/argentinamunicipal.com.ar\/argentina\/wp-json\/wp\/v2\/posts\/23689\/revisions"}],"wp:featuredmedia":[{"embeddable":true,"href":"http:\/\/argentinamunicipal.com.ar\/argentina\/wp-json\/wp\/v2\/media\/23690"}],"wp:attachment":[{"href":"http:\/\/argentinamunicipal.com.ar\/argentina\/wp-json\/wp\/v2\/media?parent=23689"}],"wp:term":[{"taxonomy":"category","embeddable":true,"href":"http:\/\/argentinamunicipal.com.ar\/argentina\/wp-json\/wp\/v2\/categories?post=23689"},{"taxonomy":"post_tag","embeddable":true,"href":"http:\/\/argentinamunicipal.com.ar\/argentina\/wp-json\/wp\/v2\/tags?post=23689"}],"curies":[{"name":"wp","href":"https:\/\/api.w.org\/{rel}","templated":true}]}}