{"id":23720,"date":"2015-02-02T09:00:44","date_gmt":"2015-02-02T12:00:44","guid":{"rendered":"http:\/\/argentinamunicipal.com.ar\/argentina\/?p=23720"},"modified":"2015-02-02T09:00:44","modified_gmt":"2015-02-02T12:00:44","slug":"una-escuela-islena-de-santa-fe-sera-abastecida-al-100-por-ciento-con-energia-eolica-y-solar","status":"publish","type":"post","link":"http:\/\/argentinamunicipal.com.ar\/argentina\/una-escuela-islena-de-santa-fe-sera-abastecida-al-100-por-ciento-con-energia-eolica-y-solar\/","title":{"rendered":"Una escuela isle\u00f1a de Santa Fe ser\u00e1 abastecida al 100 por ciento con energ\u00eda e\u00f3lica y solar"},"content":{"rendered":"<div id=\"attachment_23721\" style=\"width: 631px\" class=\"wp-caption aligncenter\"><a href=\"http:\/\/argentinamunicipal.com.ar\/argentina\/wp-content\/uploads\/2015\/02\/lr1601-.jpg_88717827.jpg\"><img loading=\"lazy\" decoding=\"async\" aria-describedby=\"caption-attachment-23721\" class=\"size-full wp-image-23721\" src=\"http:\/\/argentinamunicipal.com.ar\/argentina\/wp-content\/uploads\/2015\/02\/lr1601-.jpg_88717827.jpg\" alt=\"El parque fotovoltaico permitir\u00e1 abastecer, junto con el e\u00f3lico, todas las necesidades energ\u00e9ticas.\" width=\"621\" height=\"465\" srcset=\"http:\/\/argentinamunicipal.com.ar\/argentina\/wp-content\/uploads\/2015\/02\/lr1601-.jpg_88717827.jpg 621w, http:\/\/argentinamunicipal.com.ar\/argentina\/wp-content\/uploads\/2015\/02\/lr1601-.jpg_88717827-300x225.jpg 300w\" sizes=\"auto, (max-width: 621px) 100vw, 621px\" \/><\/a><p id=\"caption-attachment-23721\" class=\"wp-caption-text\">El parque fotovoltaico permitir\u00e1 abastecer, junto con el e\u00f3lico, todas las necesidades energ\u00e9ticas.<\/p><\/div>\n<p>Los equipos resuelven el engorroso problema de abastecimiento de los generadores a combusti\u00f3n en los parajes alejados. Est\u00e1 ubicada en el noreste provincial.<\/p>\n<p>Una escuela de las islas, ubicada en el noreste santafesino, ser\u00e1 abastecida totalmente con energ\u00eda e\u00f3lica y solar, en una experiencia que soluciona el gran problema de suministro el\u00e9ctrico en los lugares m\u00e1s aislados de la provincia, donde se reemplazan los generadores con motores a explosi\u00f3n y se garantiza un abastecimiento limpio, sustentable y amigable con el medio ambiente. Aunque no es la primera experiencia, fue bienvenida y muy ponderada por las autoridades provinciales, que ven en este sistema una importante alternativa que podr\u00e1 ser replicada en otros establecimientos.<\/p>\n<p>La obra, que demand\u00f3 una inversi\u00f3n de m\u00e1s de 250 mil pesos, mejorar\u00e1 las condiciones del establecimiento al que asisten ni\u00f1os y j\u00f3venes isle\u00f1os, ya que ampliar\u00e1 la potencia del suministro el\u00e9ctrico, que s\u00f3lo era posible gracias a generadores a nafta cuyo abastecimiento requer\u00eda de un esfuerzo de traslado desde lugares remotos.<\/p>\n<p>La escuela albergue Armada Argentina, de Isla las Palmas, tiene 14 alumnos y cinco personas adultas que conforman el equipo docente y no docente. Se encuentra en la jurisdicci\u00f3n del departamento San Javier, a unos 120 kil\u00f3metros al norte de la ciudad de Santa Fe, y se accede desde la ciudad de San Javier, por v\u00eda fluvial.<\/p>\n<p>\u00abDotamos a la escuela con energ\u00edas renovables y de una infraestructura adaptada al lugar, otorg\u00e1ndole as\u00ed la autonom\u00eda e independencia necesaria para lugares aislados como \u00e9ste, adem\u00e1s de los beneficios ambientales y econ\u00f3micos que esto les significa\u00bb, destac\u00f3 el subsecretario de Energ\u00edas Renovables, Dami\u00e1n Bleger. Es que para alimentar los generadores que abastec\u00edan de energ\u00eda al establecimiento era necesario comprar combustible que era acarreado en embarcaciones desde la ciudad de San Javier, a una hora y media de viaje.<\/p>\n<p><strong>En desuso.<\/strong> El establecimiento contaba con un equipo solar con 20 a\u00f1os de antig\u00fcedad que hace tiempo estaba fuera de uso. Desde el Ministerio de Educaci\u00f3n se aportaron 24 paneles fotovoltaicos conformando un parque generador con 48 paneles y otorgando una potencia nominal de 3.600 vatios. Asimismo, desde la Secretar\u00eda de Energ\u00eda Renovables se abasteci\u00f3 de la estructura de soporte de los paneles y el banco de bater\u00edas para darle independencia al sistema y as\u00ed poder almacenar energ\u00eda en las horas de sol y viento para el aerogenerador.<\/p>\n<p>\u00abEsta obra les permite utilizar todos los elementos que las autoridades del establecimiento nos relevaron como indispensables para la actividad diaria: los ventiladores, toda las luminarias, televisor, reproductor de DVD, computadoras, impresora, un frezzer de 200 litros, batidora industrial, radiograbador y un extractor bombeador para poder contar con agua para su utilizaci\u00f3n\u00bb detall\u00f3 el funcionario.<\/p>\n<p>Bleger cont\u00f3 adem\u00e1s que en el establecimiento isle\u00f1o se est\u00e1n colocando dos calefones solares de 180 litros cada uno para proveer de agua caliente sanitaria.<\/p>\n<p><strong>Aislamiento.<\/strong> Debido al grado de aislamiento, determinado por la ubicaci\u00f3n geogr\u00e1fica, se ha definido que las energ\u00edas renovables son la mejor opci\u00f3n para que el establecimiento pueda continuar con sus actividades diarias.<\/p>\n<p>\u00abEl objetivo es utilizar todos los beneficios que la naturaleza otorga y convertirlo en energ\u00eda, tales como el viento para poder hacer girar el aerogenerador montado a m\u00e1s de 30 metros de altura, o los paneles que reciben la radiaci\u00f3n solar y la convierten en energ\u00eda el\u00e9ctrica o esa misma radiaci\u00f3n que pasar\u00e1 por los paneles de los calefones solares y dar\u00e1 agua caliente de forma segura, constante, econ\u00f3mica y amigable con el medio ambiente, para que los chicos y los maestros que tienen un r\u00e9gimen semanal continuo lo puedan aprovechar\u00bb, remat\u00f3 Bleger.<\/p>\n<h3>Un sistema h\u00edbrido con dos fuentes que se complementan<\/h3>\n<p>La implementaci\u00f3n de un proyecto solar fotovoltaico y e\u00f3lico se fundamenta en la complementariedad de ambos sistemas, que trabajaran en paralelo y en los momentos en que no haya buena radiaci\u00f3n solar o en horarios nocturnos la energ\u00eda provendr\u00e1 del sistema e\u00f3lico. Por tal motivo, se denominan a estos proyectos como h\u00edbridos.<\/p>\n<p>Si el objetivo fuese exclusivamente la iluminaci\u00f3n y otros usos el\u00e9ctricos menores (radio y televisi\u00f2n), ser\u00eda suficiente con los paneles fotovoltaicos. Pero como este es un establecimiento-albergue, con actividad durante pr\u00e1cticamente todo el a\u00f1o, las necesidades de fr\u00edo para conservar alimentos y de ventilaci\u00f3n para climatizar los ambientes en verano implican que el generador debe funcionar compensado durante todo per\u00edodo anual. Por eso es importante contar con el banco de bater\u00eda.<\/p>\n<h3>Un plan con antecedentes<\/h3>\n<p>\u201cEsta pol\u00edtica de Estado ya tiene otros antecedentes en diferentes lugares de la provincia\u201d, acot\u00f3 Bleger. Y en ese sentido, apunt\u00f3 la provisi\u00f3n de energ\u00eda el\u00e9ctrica con recursos renovables en la escuela rural de la Isla Guaycur\u00fa en Villa Ocampo (departamento General Obligado), a la que asisten 65 alumnos, as\u00ed como el tendido de 7 mil metros de cables para proveer al Centro Educativo Radial N 511 del paraje El Bonete, en la cu\u00f1a boscosa santafesina.<\/p>\n<h6>Fuente: La Capital, Rosario<\/h6>\n","protected":false},"excerpt":{"rendered":"<p>Los equipos resuelven el engorroso problema de abastecimiento de los generadores a combusti\u00f3n en los parajes alejados. Est\u00e1 ubicada en el noreste provincial. Una escuela de las islas, ubicada en el noreste santafesino, ser\u00e1 abastecida totalmente con energ\u00eda e\u00f3lica y solar, en una experiencia que soluciona el gran problema de suministro el\u00e9ctrico en los lugares<\/p>\n","protected":false},"author":2,"featured_media":23721,"comment_status":"closed","ping_status":"closed","sticky":false,"template":"","format":"standard","meta":{"footnotes":""},"categories":[2],"tags":[10],"class_list":["post-23720","post","type-post","status-publish","format-standard","has-post-thumbnail","hentry","category-informe-municipal","tag-santa-fe"],"_links":{"self":[{"href":"http:\/\/argentinamunicipal.com.ar\/argentina\/wp-json\/wp\/v2\/posts\/23720","targetHints":{"allow":["GET"]}}],"collection":[{"href":"http:\/\/argentinamunicipal.com.ar\/argentina\/wp-json\/wp\/v2\/posts"}],"about":[{"href":"http:\/\/argentinamunicipal.com.ar\/argentina\/wp-json\/wp\/v2\/types\/post"}],"author":[{"embeddable":true,"href":"http:\/\/argentinamunicipal.com.ar\/argentina\/wp-json\/wp\/v2\/users\/2"}],"replies":[{"embeddable":true,"href":"http:\/\/argentinamunicipal.com.ar\/argentina\/wp-json\/wp\/v2\/comments?post=23720"}],"version-history":[{"count":0,"href":"http:\/\/argentinamunicipal.com.ar\/argentina\/wp-json\/wp\/v2\/posts\/23720\/revisions"}],"wp:featuredmedia":[{"embeddable":true,"href":"http:\/\/argentinamunicipal.com.ar\/argentina\/wp-json\/wp\/v2\/media\/23721"}],"wp:attachment":[{"href":"http:\/\/argentinamunicipal.com.ar\/argentina\/wp-json\/wp\/v2\/media?parent=23720"}],"wp:term":[{"taxonomy":"category","embeddable":true,"href":"http:\/\/argentinamunicipal.com.ar\/argentina\/wp-json\/wp\/v2\/categories?post=23720"},{"taxonomy":"post_tag","embeddable":true,"href":"http:\/\/argentinamunicipal.com.ar\/argentina\/wp-json\/wp\/v2\/tags?post=23720"}],"curies":[{"name":"wp","href":"https:\/\/api.w.org\/{rel}","templated":true}]}}