{"id":23729,"date":"2015-02-02T09:14:02","date_gmt":"2015-02-02T12:14:02","guid":{"rendered":"http:\/\/argentinamunicipal.com.ar\/argentina\/?p=23729"},"modified":"2015-02-02T09:14:02","modified_gmt":"2015-02-02T12:14:02","slug":"nacion-aprobo-el-proyecto-para-pavimentar-el-parque-industrial-de-rio-grande","status":"publish","type":"post","link":"http:\/\/argentinamunicipal.com.ar\/argentina\/nacion-aprobo-el-proyecto-para-pavimentar-el-parque-industrial-de-rio-grande\/","title":{"rendered":"Naci\u00f3n aprob\u00f3 el proyecto para pavimentar el parque industrial de R\u00edo Grande"},"content":{"rendered":"<p><a href=\"http:\/\/argentinamunicipal.com.ar\/argentina\/wp-content\/uploads\/2015\/02\/Parque-Industrial-Rio-Grande.jpg\"><img loading=\"lazy\" decoding=\"async\" class=\"aligncenter  wp-image-23730\" src=\"http:\/\/argentinamunicipal.com.ar\/argentina\/wp-content\/uploads\/2015\/02\/Parque-Industrial-Rio-Grande.jpg\" alt=\"Parque Industrial Rio Grande\" width=\"746\" height=\"336\" srcset=\"http:\/\/argentinamunicipal.com.ar\/argentina\/wp-content\/uploads\/2015\/02\/Parque-Industrial-Rio-Grande.jpg 1600w, http:\/\/argentinamunicipal.com.ar\/argentina\/wp-content\/uploads\/2015\/02\/Parque-Industrial-Rio-Grande-300x135.jpg 300w, http:\/\/argentinamunicipal.com.ar\/argentina\/wp-content\/uploads\/2015\/02\/Parque-Industrial-Rio-Grande-1024x461.jpg 1024w\" sizes=\"auto, (max-width: 746px) 100vw, 746px\" \/><\/a><\/p>\n<p>La propuesta del Municipio de R\u00edo Grande de pavimentar el Parque Industrial fue aprobada por el Ministerio de Planificaci\u00f3n Federal e Inversi\u00f3n P\u00fablica de la Naci\u00f3n. La iniciativa contempla tambi\u00e9n la colocaci\u00f3n de todo el drenaje pluvial en la zona. El intendente Gustavo Melella celebr\u00f3 este anuncio y agradeci\u00f3 al Gobierno nacional por este acompa\u00f1amiento y lo propio hizo con el Gobierno provincial por la gesti\u00f3n conjunta para conseguir los fondos necesarios.<\/p>\n<p>El intendente Gustavo Melella confirm\u00f3 la aprobaci\u00f3n por parte de Naci\u00f3n del proyecto municipal de pavimentaci\u00f3n del Parque Industrial, obra que pretende poner fin a los m\u00faltiples problemas que se acrecientan en \u00e9poca invernal. A la par de estas obras el Municipio ya concret\u00f3, con fondos propios, obras de pluviales y afront\u00f3 el hormigonado de calles estrat\u00e9gicas.<\/p>\n<p>\u201cLa verdad que es una alegr\u00eda porque hace mucho tiempo ven\u00edamos gestionando ante el Gobierno nacional para poder pavimentar y llevar los pluviales necesarios al Parque Industrial y sabemos lo que hemos pasado en los inviernos de muchos a\u00f1os\u201d, expres\u00f3 el mandatario riograndense.<\/p>\n<p>Explic\u00f3 que es el IPV el que tiene que llamar a licitaci\u00f3n y estim\u00f3 que en unos 45 d\u00edas \u201cya tienen que estar adjudic\u00e1ndose las obras y comenzarlas. Las temporadas nuestras son chicas por las condiciones del clima, pero tener asegurados los fondos, tener asegurada la aprobaci\u00f3n de Naci\u00f3n, no es menor\u201d.<\/p>\n<p>Ahora el Intendente espera de las empresas instaladas en esta zona industrial a acompa\u00f1ar con el mejoramiento de las veredas y a mantener limpio sus frentes. \u201cCon el pavimento muchos ya no tendr\u00e1n excusas para mantener limpio su lugar\u201d.<\/p>\n<p>Tambi\u00e9n record\u00f3 que \u201cel Municipio, con fondos propios, ha avanzado en calle Sarmiento, ha hecho un pluvial muy importante; ha avanzado con la ampliaci\u00f3n en calle Malvinas y ha hecho pavimento tambi\u00e9n, pero no se llega porque son muchos los lugares de la ciudad\u201d.<\/p>\n<p>En ese sentido coment\u00f3 que ante este panorama y ante la necesidad de brindar una soluci\u00f3n integral, \u201chemos presentado un proyecto de pavimentaci\u00f3n, el Gobierno nacional lo tom\u00f3 y en el d\u00eda de ayer, conjuntamente con el IPV \u2013porque en su momento hicimos un acuerdo con el Instituto Provincial de la Vivienda para poder gestionar juntos y tambi\u00e9n llevarlo juntos el proceso de licitaci\u00f3n y tambi\u00e9n despu\u00e9s todo lo que es la inspecci\u00f3n de obras- nos han comunicado que el Gobierno nacional han aprobado los fondos necesarios que estaban pedidos ah\u00ed para poder avanzar\u201d.<\/p>\n<p>El intendente Gustavo Melella confi\u00f3 que \u201ces una alegr\u00eda poder compartir esta noticia con los vecinos y sobre todo con los trabajadores\u201d y remarc\u00f3 que \u201ceste es un pedido a Naci\u00f3n que lo ven\u00edamos trabajando con la gobernadora Fabiana R\u00edos y con el diputado nacional Oscar Mart\u00ednez para poder avanzar en todo lo que tiene que ver para mejorar la log\u00edstica, mejorar la producci\u00f3n; mejorar los espacios \u2013los estacionamientos- donde los trabajadores dejan sus veh\u00edculos para llegar a las f\u00e1bricas donde trabajan y creo que es un beneficio para toda la ciudad en s\u00ed\u201d.<\/p>\n<p>El Jefe comunal agradeci\u00f3 \u201csinceramente al Gobierno nacional por el permanente acompa\u00f1amiento que tienen con nosotros; a la Presidenta de la Naci\u00f3n, al Ministro (Julio) De Vido quien es el que ha posibilitado los fondos y a todos los que han trabajado, secretarios, subsecretarios del Gobierno nacional; felicitar tambi\u00e9n a la gente de Obras P\u00fablicas de nuestro municipio que fue la que arm\u00f3 todo el proyecto y tambi\u00e9n felicitar y agradecer a la gente del IPV por todas las gestiones que ha hecho, a Jos\u00e9 Luis del Giudice (presidente del IPV) y a la Gobernadora tambi\u00e9n\u201d.<\/p>\n<h6>Fuente: Reporte Austral<\/h6>\n","protected":false},"excerpt":{"rendered":"<p>La propuesta del Municipio de R\u00edo Grande de pavimentar el Parque Industrial fue aprobada por el Ministerio de Planificaci\u00f3n Federal e Inversi\u00f3n P\u00fablica de la Naci\u00f3n. La iniciativa contempla tambi\u00e9n la colocaci\u00f3n de todo el drenaje pluvial en la zona. El intendente Gustavo Melella celebr\u00f3 este anuncio y agradeci\u00f3 al Gobierno nacional por este acompa\u00f1amiento<\/p>\n","protected":false},"author":2,"featured_media":23730,"comment_status":"closed","ping_status":"closed","sticky":false,"template":"","format":"standard","meta":{"footnotes":""},"categories":[2],"tags":[34],"class_list":["post-23729","post","type-post","status-publish","format-standard","has-post-thumbnail","hentry","category-informe-municipal","tag-tierra-del-fuego"],"_links":{"self":[{"href":"http:\/\/argentinamunicipal.com.ar\/argentina\/wp-json\/wp\/v2\/posts\/23729","targetHints":{"allow":["GET"]}}],"collection":[{"href":"http:\/\/argentinamunicipal.com.ar\/argentina\/wp-json\/wp\/v2\/posts"}],"about":[{"href":"http:\/\/argentinamunicipal.com.ar\/argentina\/wp-json\/wp\/v2\/types\/post"}],"author":[{"embeddable":true,"href":"http:\/\/argentinamunicipal.com.ar\/argentina\/wp-json\/wp\/v2\/users\/2"}],"replies":[{"embeddable":true,"href":"http:\/\/argentinamunicipal.com.ar\/argentina\/wp-json\/wp\/v2\/comments?post=23729"}],"version-history":[{"count":0,"href":"http:\/\/argentinamunicipal.com.ar\/argentina\/wp-json\/wp\/v2\/posts\/23729\/revisions"}],"wp:featuredmedia":[{"embeddable":true,"href":"http:\/\/argentinamunicipal.com.ar\/argentina\/wp-json\/wp\/v2\/media\/23730"}],"wp:attachment":[{"href":"http:\/\/argentinamunicipal.com.ar\/argentina\/wp-json\/wp\/v2\/media?parent=23729"}],"wp:term":[{"taxonomy":"category","embeddable":true,"href":"http:\/\/argentinamunicipal.com.ar\/argentina\/wp-json\/wp\/v2\/categories?post=23729"},{"taxonomy":"post_tag","embeddable":true,"href":"http:\/\/argentinamunicipal.com.ar\/argentina\/wp-json\/wp\/v2\/tags?post=23729"}],"curies":[{"name":"wp","href":"https:\/\/api.w.org\/{rel}","templated":true}]}}