{"id":23741,"date":"2015-02-02T09:33:53","date_gmt":"2015-02-02T12:33:53","guid":{"rendered":"http:\/\/argentinamunicipal.com.ar\/argentina\/?p=23741"},"modified":"2015-02-02T09:33:53","modified_gmt":"2015-02-02T12:33:53","slug":"con-una-multitudinaria-marcha-en-madrid-podemos-clamo-por-el-cambio","status":"publish","type":"post","link":"http:\/\/argentinamunicipal.com.ar\/argentina\/con-una-multitudinaria-marcha-en-madrid-podemos-clamo-por-el-cambio\/","title":{"rendered":"Con una multitudinaria marcha en Madrid, Podemos clam\u00f3 por el cambio"},"content":{"rendered":"<p><a href=\"http:\/\/argentinamunicipal.com.ar\/argentina\/wp-content\/uploads\/2015\/02\/54cd1b30128f9_800x533.jpg\"><img loading=\"lazy\" decoding=\"async\" class=\"aligncenter  wp-image-23742\" src=\"http:\/\/argentinamunicipal.com.ar\/argentina\/wp-content\/uploads\/2015\/02\/54cd1b30128f9_800x533.jpg\" alt=\"54cd1b30128f9_800x533\" width=\"689\" height=\"459\" srcset=\"http:\/\/argentinamunicipal.com.ar\/argentina\/wp-content\/uploads\/2015\/02\/54cd1b30128f9_800x533.jpg 800w, http:\/\/argentinamunicipal.com.ar\/argentina\/wp-content\/uploads\/2015\/02\/54cd1b30128f9_800x533-300x200.jpg 300w\" sizes=\"auto, (max-width: 689px) 100vw, 689px\" \/><\/a><br \/>\nMiles de personas desde distintos puntos de Espa\u00f1a participaron este s\u00e1bado en la Puerta del Sol de la movilizaci\u00f3n convocada por la agrupaci\u00f3n de izquierda para reivindicar que lleg\u00f3 la hora del pueblo.<\/p>\n<p>\u201cPresidente\u201d, \u201cPresidente\u201d, coreaba la multitud -100.000 personas seg\u00fan la polic\u00eda-, que aclam\u00f3 a Iglesias en el mismo escenario donde hace casi cuatro a\u00f1os naci\u00f3 el movimiento de los indignados espa\u00f1oles, que rechazaba los liderazgos as\u00ed como a los partidos pol\u00edticos, a los que culpaban de la sangr\u00eda provocada por las pol\u00edticas de austeridad neoliberales implementadas en el pa\u00eds.<\/p>\n<p>El polit\u00f3logo Pablo Iglesias era uno de esos indignados. Hoy es el l\u00edder de Podemos, una fuerza pol\u00edtica alternativa y anti neoliberal que intenta no parecerse a las dem\u00e1s, precisamente buscando que los ciudadanos se sientan part\u00edcipes del proceso pol\u00edtico de cambio que parece estar experimentando Espa\u00f1a.<\/p>\n<p>Con esa idea se gest\u00f3 la \u00abMarcha del Cambio\u00bb, una movilizaci\u00f3n at\u00edpica, ya que no reclamaba nada al gobierno espa\u00f1ol de Mariano Rajoy, y que se convirti\u00f3 en el primer gran mitin con el que Podemos quiso demostrar que cuenta con bases s\u00f3lidas para disputarle el poder al conservador Partido Popular (PP).<\/p>\n<p>\u00abHoy so\u00f1amos, pero nos tomamos muy en serio nuestros sue\u00f1os\u00bb, asegur\u00f3 Iglesias en numerosas ocasiones, al dirigirse como un verdadero l\u00edder de masas ante sus simpatizantes en el acto con el que concluy\u00f3 la marcha.<\/p>\n<p>\u00abSo\u00f1amos con un pa\u00eds mejor, pero no hemos llenado la Puerta del Sol para so\u00f1ar sino para hacer realidad nuestro sue\u00f1o en 2015\u00bb, subray\u00f3.<\/p>\n<p>\u00abEste a\u00f1o vamos a trabajar para que el cambio pol\u00edtico llegue. Este es el a\u00f1o del cambio y le vamos a ganar las elecciones al Partido Popular\u00bb, prometi\u00f3 el secretario general de Podemos, entre gritos de \u00abs\u00ed se puede\u00bb, \u00absi se puede\u00bb.<\/p>\n<p>\u00abEs emocionante ver a un pueblo sonre\u00edr y hablar con voz de gigante\u00bb, fueron sus primeras palabras a una multitud emocionada, que volv\u00eda al coraz\u00f3n de Madrid, esta vez en torno a una fuerza pol\u00edtica que ya reclama protagonismo liderando las encuestas de cara a las elecciones generales de noviembre, por delante del PP de Rajoy y del Partido Socialista (PSOE) de Pedro S\u00e1nchez, las dos grandes fuerzas pol\u00edticas de Espa\u00f1a.<\/p>\n<p>Pero con la victoria del partido de izquierda Syriza y de Alexis Tsipras en Grecia a\u00fan caliente, Iglesias inst\u00f3 a los espa\u00f1oles a mirar hacia el pa\u00eds heleno para corroborar que se abri\u00f3 una grieta que hay que aprovechar el momento hist\u00f3rico para forjar el cambio.<\/p>\n<p>\u00abEl viento de cambio empieza a soplar en Europa\u00bb, y \u00aba los espa\u00f1oles nos toca ser protagonistas de nuestra propia historia\u00bb, dijo.<\/p>\n<p>\u00ab\u00bfQui\u00e9n dec\u00eda que no se puede? \u00bfQui\u00e9n dec\u00eda que un Gobierno no puede cambiar cosas? En Grecia se han hecho m\u00e1s en seis d\u00edas que otros gobiernos en a\u00f1os\u00bb, afirm\u00f3.<\/p>\n<p>Con la actitud de quien ya se encuentra en campa\u00f1a, Iglesias no s\u00f3lo atac\u00f3 a sus adversarios sino que explic\u00f3 algunas propuestas e ideas que defiende su formaci\u00f3n.<\/p>\n<p>\u00abLas pol\u00edticas de Rajoy no crean empleo, reparten miseria, \u00bfeso es recuperaci\u00f3n?\u00bb, se pregunt\u00f3, al tiempo que denunci\u00f3 \u00ablos salarios de miseria\u00bb y la situaci\u00f3n de pobreza en la que viven muchos espa\u00f1oles mientras la elite sigue incrementando su riqueza.<\/p>\n<p>En l\u00ednea con las pol\u00edticas que defiende Tsipras, Iglesias, sostuvo que para salir de la crisis es necesario \u00abreestructurar la deuda de forma rigurosa, honesta y solvente acorde con la cuarta econom\u00eda del euro que es Espa\u00f1a\u00bb. Tambi\u00e9n prometi\u00f3 \u00abgarantizar las pensiones\u00bb, \u00abpotenciar a las PyMEs\u00bb, la investigaci\u00f3n y un cambio en el modelo energ\u00e9tico\u00bb.<\/p>\n<p>\u00abLas pol\u00edticas de austeridad han dividido nuestro pa\u00eds en dos, los que han ganado y los que est\u00e1n peor que antes: los de arriba y los de abajo. Al cambio, los de arriba lo llaman experimento y caos, los de abajo lo llamamos democracia\u00bb, asegur\u00f3.<\/p>\n<p>Y ya casi para concluir envi\u00f3 un mensaje de ilusi\u00f3n: \u00abHoy decimos a esos arist\u00f3cratas arrogantes: &#8216;la libertad y la igualdad triunfar\u00e1n\u00bb.<\/p>\n<p>Las intenciones de Podemos quedaron claras ya desde el inicio.<\/p>\n<p>\u00abLa marcha parte de Cibeles pero termina en la Moncloa\u00bb, dijo \u00abn\u00famero dos\u00bb de Podemos, I\u00f1igo Errej\u00f3n, en la apertura de la manifestaci\u00f3n que, en un ambiente festivo, recorri\u00f3 el centro de Madrid hasta la Puerta del Sol detr\u00e1s de una pancarta con el lema \u00abEs ahora\u00bb.<\/p>\n<p>El ya famoso \u00abTic, tac, tic, tac\u00bb popularizado por Iglesias y que hace referencia a la cuenta regresiva para el cambio de gobierno, fue una de las consignas m\u00e1s repetidas.<\/p>\n<p>El color violeta de Podemos inund\u00f3 la capital espa\u00f1ola, hacia donde se desplazaron m\u00e1s de 260 \u00f3mnibus organizados por ciudadanos provenientes de distintos puntos del pa\u00eds.<\/p>\n<p>Los manifestantes portaban banderas republicanas y griegas; y numerosas pancartas, entre las que se destacaba una enorme con el lema: \u00abPol\u00edticos, el pueblo ha despertado\u00bb.<\/p>\n<p>Entre gritos de \u00abel pueblo unido jam\u00e1s ser\u00e1 vencido\u00bb o \u00abCasta volvemos, somos Podemos\u00bb, miles de familias, jubilados y muchos j\u00f3venes -para envidia de los partidos tradicionales-, avanz\u00f3 hac\u00eda la Puerta del Sol, donde Iglesias fue el gran protagonista.<\/p>\n<p>\u201cHoy en un d\u00eda hist\u00f3rico, esta foto se va a a ver en los libros de texto, y vamos a poder decir: yo estuve aqu\u00ed, en 2015, el a\u00f1o que comenz\u00f3 el cambio\u201d, afirm\u00f3 Luis Alegre, secretario de \u00abparticipaci\u00f3n\u00bb de Podemos, felicitando a los simpatizantes por el \u00e9xito de la convocatoria.<\/p>\n<p>Mientras los manifestantes en la Plaza del Sol entonaban \u00abTodo Cambia\u00bb, canci\u00f3n popularizada por la argentina Mercedes Sosa, y un s\u00edmbolo contra la resignaci\u00f3n, Rajoy les avisaba desde Barcelona que \u00abNo lo van a conseguir\u00bb.<\/p>\n<p>En un mitin partidario, el Jefe del Ejecutivo advirti\u00f3 que no va aceptar esa \u00abEspa\u00f1a negra\u00bb que quieren \u00abpintar algunos\u00bb para sustituir a \u00abquienes est\u00e1n gobernando y han tenido que afrontar la crisis m\u00e1s dura que ha habido en d\u00e9cadas\u00bb.<\/p>\n<h6>Fuente: T\u00e9lam<\/h6>\n","protected":false},"excerpt":{"rendered":"<p>Miles de personas desde distintos puntos de Espa\u00f1a participaron este s\u00e1bado en la Puerta del Sol de la movilizaci\u00f3n convocada por la agrupaci\u00f3n de izquierda para reivindicar que lleg\u00f3 la hora del pueblo. \u201cPresidente\u201d, \u201cPresidente\u201d, coreaba la multitud -100.000 personas seg\u00fan la polic\u00eda-, que aclam\u00f3 a Iglesias en el mismo escenario donde hace casi cuatro<\/p>\n","protected":false},"author":2,"featured_media":23742,"comment_status":"closed","ping_status":"closed","sticky":false,"template":"","format":"standard","meta":{"footnotes":""},"categories":[22],"tags":[57],"class_list":["post-23741","post","type-post","status-publish","format-standard","has-post-thumbnail","hentry","category-el-mundo","tag-el-mundo"],"_links":{"self":[{"href":"http:\/\/argentinamunicipal.com.ar\/argentina\/wp-json\/wp\/v2\/posts\/23741","targetHints":{"allow":["GET"]}}],"collection":[{"href":"http:\/\/argentinamunicipal.com.ar\/argentina\/wp-json\/wp\/v2\/posts"}],"about":[{"href":"http:\/\/argentinamunicipal.com.ar\/argentina\/wp-json\/wp\/v2\/types\/post"}],"author":[{"embeddable":true,"href":"http:\/\/argentinamunicipal.com.ar\/argentina\/wp-json\/wp\/v2\/users\/2"}],"replies":[{"embeddable":true,"href":"http:\/\/argentinamunicipal.com.ar\/argentina\/wp-json\/wp\/v2\/comments?post=23741"}],"version-history":[{"count":0,"href":"http:\/\/argentinamunicipal.com.ar\/argentina\/wp-json\/wp\/v2\/posts\/23741\/revisions"}],"wp:featuredmedia":[{"embeddable":true,"href":"http:\/\/argentinamunicipal.com.ar\/argentina\/wp-json\/wp\/v2\/media\/23742"}],"wp:attachment":[{"href":"http:\/\/argentinamunicipal.com.ar\/argentina\/wp-json\/wp\/v2\/media?parent=23741"}],"wp:term":[{"taxonomy":"category","embeddable":true,"href":"http:\/\/argentinamunicipal.com.ar\/argentina\/wp-json\/wp\/v2\/categories?post=23741"},{"taxonomy":"post_tag","embeddable":true,"href":"http:\/\/argentinamunicipal.com.ar\/argentina\/wp-json\/wp\/v2\/tags?post=23741"}],"curies":[{"name":"wp","href":"https:\/\/api.w.org\/{rel}","templated":true}]}}