{"id":23747,"date":"2015-02-02T09:48:58","date_gmt":"2015-02-02T12:48:58","guid":{"rendered":"http:\/\/argentinamunicipal.com.ar\/argentina\/?p=23747"},"modified":"2015-02-02T09:48:58","modified_gmt":"2015-02-02T12:48:58","slug":"en-marzo-estara-terminado-el-primer-centro-de-convenciones-de-gualeguaychu","status":"publish","type":"post","link":"http:\/\/argentinamunicipal.com.ar\/argentina\/en-marzo-estara-terminado-el-primer-centro-de-convenciones-de-gualeguaychu\/","title":{"rendered":"En marzo estar\u00e1 terminado el primer Centro de Convenciones de Gualeguaych\u00fa"},"content":{"rendered":"<p><a href=\"http:\/\/argentinamunicipal.com.ar\/argentina\/wp-content\/uploads\/2015\/02\/centro-convenciones.jpg\"><img loading=\"lazy\" decoding=\"async\" class=\"aligncenter size-full wp-image-23748\" src=\"http:\/\/argentinamunicipal.com.ar\/argentina\/wp-content\/uploads\/2015\/02\/centro-convenciones.jpg\" alt=\"centro-convenciones\" width=\"533\" height=\"400\" srcset=\"http:\/\/argentinamunicipal.com.ar\/argentina\/wp-content\/uploads\/2015\/02\/centro-convenciones.jpg 533w, http:\/\/argentinamunicipal.com.ar\/argentina\/wp-content\/uploads\/2015\/02\/centro-convenciones-300x225.jpg 300w\" sizes=\"auto, (max-width: 533px) 100vw, 533px\" \/><\/a><\/p>\n<p>El edificio se emplaza en el antiguo galp\u00f3n de carga del ferrocarril y presenta una dimensi\u00f3n de 500 m2 y tendr\u00e1 una capacidad para 200 personas sentadas, con un sal\u00f3n principal de 300 m2, hall principal de acceso de 60 m2, servicios sanitarios, office, dep\u00f3sito y entrepiso<\/p>\n<p>El intendente de Gualeguaych\u00fa, Juan Jos\u00e9 Bahillo, confirm\u00f3 que en marzo finalizar\u00e1 la obra del primer Centro de Convenciones municipal de la ciudad, que estar\u00e1 ubicado en el predio del Parque de la Estaci\u00f3n. Dicho centro implica una inversi\u00f3n de alrededor de 3 millones de pesos. \u201cLa culminaci\u00f3n de esta obra permitir\u00e1 a todos los vecinos disponer de un espacio para la realizaci\u00f3n de eventos, reuniones, exposiciones y diferentes actividades, algo que ten\u00edamos pendiente y hoy estamos pr\u00f3ximo a concretarlo\u201d sostuvo Bahillo y adelant\u00f3 que \u201cla obra est\u00e1 en su etapa final con un 82 por ciento de avance\u201d y aclar\u00f3 que \u201cla empresa se encuentra trabajando con los plazos estipulados, pero una vez finalizado el Carnaval, concluiremos con la obra\u201d.<\/p>\n<p>\u201cLa construcci\u00f3n se realiza con fondos municipales y corresponde a un proyecto de la secretaria de Planeamiento Urbano de la Municipalidad, dentro de un plan de proyectos y mejoras para el Parque de la Estaci\u00f3n. Impulsamos diferentes proyectos y obras con presupuesto municipal, entre ellos, la puesta en valor del Palacio municipal, la obra de camarines del Teatro entre otras. Esto es el resultado del esfuerzo y el trabajo iniciado cuando asumimos la gesti\u00f3n, con el objetivo de lograr un municipio con las cuentas ordenadas\u201d, indic\u00f3 el Intendente.<\/p>\n<p>Con respecto a los \u00faltimos detalles en los trabajos, Bahillo adelant\u00f3 que \u201crestan los detalles en la parte exterior del edificio e instalar la grifer\u00eda y los artefactos el\u00e9ctricos en los sanitarios y el sal\u00f3n\u201d.<\/p>\n<p>Cabe destacar, que el edificio se emplaza en el antiguo galp\u00f3n de carga del ferrocarril y \u00a0presenta una dimensi\u00f3n de 500 m2. Tendr\u00e1 una capacidad para 200 personas sentadas, con un sal\u00f3n principal de 300 m2, hall principal de acceso de 60 m2, servicios sanitarios, office, dep\u00f3sito y entrepiso.<\/p>\n<p>Adem\u00e1s contar\u00e1 con sistemas de proyecci\u00f3n audiovisual, sonido, acondicionamiento de aire, acceso vehicular y estacionamiento desde calle Estrada (lado sur) y todo lo necesario para que responda a sus fines.<\/p>\n<p>Seg\u00fan Radio M\u00e1xima, la empresa que trabaja es L\u00e1zaro Doello Construcciones, en el marco de la licitaci\u00f3n p\u00fablica adjudicada con la provisi\u00f3n de materiales y mano de obra para la puesta en valor del edificio para el Centro de Convenciones.<\/p>\n<h6>Fuente: APF Digital<\/h6>\n","protected":false},"excerpt":{"rendered":"<p>El edificio se emplaza en el antiguo galp\u00f3n de carga del ferrocarril y presenta una dimensi\u00f3n de 500 m2 y tendr\u00e1 una capacidad para 200 personas sentadas, con un sal\u00f3n principal de 300 m2, hall principal de acceso de 60 m2, servicios sanitarios, office, dep\u00f3sito y entrepiso El intendente de Gualeguaych\u00fa, Juan Jos\u00e9 Bahillo, confirm\u00f3<\/p>\n","protected":false},"author":2,"featured_media":23748,"comment_status":"closed","ping_status":"closed","sticky":false,"template":"","format":"standard","meta":{"footnotes":""},"categories":[2],"tags":[17],"class_list":["post-23747","post","type-post","status-publish","format-standard","has-post-thumbnail","hentry","category-informe-municipal","tag-entre-rios"],"_links":{"self":[{"href":"http:\/\/argentinamunicipal.com.ar\/argentina\/wp-json\/wp\/v2\/posts\/23747","targetHints":{"allow":["GET"]}}],"collection":[{"href":"http:\/\/argentinamunicipal.com.ar\/argentina\/wp-json\/wp\/v2\/posts"}],"about":[{"href":"http:\/\/argentinamunicipal.com.ar\/argentina\/wp-json\/wp\/v2\/types\/post"}],"author":[{"embeddable":true,"href":"http:\/\/argentinamunicipal.com.ar\/argentina\/wp-json\/wp\/v2\/users\/2"}],"replies":[{"embeddable":true,"href":"http:\/\/argentinamunicipal.com.ar\/argentina\/wp-json\/wp\/v2\/comments?post=23747"}],"version-history":[{"count":0,"href":"http:\/\/argentinamunicipal.com.ar\/argentina\/wp-json\/wp\/v2\/posts\/23747\/revisions"}],"wp:featuredmedia":[{"embeddable":true,"href":"http:\/\/argentinamunicipal.com.ar\/argentina\/wp-json\/wp\/v2\/media\/23748"}],"wp:attachment":[{"href":"http:\/\/argentinamunicipal.com.ar\/argentina\/wp-json\/wp\/v2\/media?parent=23747"}],"wp:term":[{"taxonomy":"category","embeddable":true,"href":"http:\/\/argentinamunicipal.com.ar\/argentina\/wp-json\/wp\/v2\/categories?post=23747"},{"taxonomy":"post_tag","embeddable":true,"href":"http:\/\/argentinamunicipal.com.ar\/argentina\/wp-json\/wp\/v2\/tags?post=23747"}],"curies":[{"name":"wp","href":"https:\/\/api.w.org\/{rel}","templated":true}]}}