{"id":23759,"date":"2015-02-02T10:06:57","date_gmt":"2015-02-02T13:06:57","guid":{"rendered":"http:\/\/argentinamunicipal.com.ar\/argentina\/?p=23759"},"modified":"2015-02-02T10:06:57","modified_gmt":"2015-02-02T13:06:57","slug":"incendios-descontrolados-entre-lago-puelo-y-el-hoyo","status":"publish","type":"post","link":"http:\/\/argentinamunicipal.com.ar\/argentina\/incendios-descontrolados-entre-lago-puelo-y-el-hoyo\/","title":{"rendered":"Incendios descontrolados entre Lago Puelo y El Hoyo"},"content":{"rendered":"<p><a href=\"http:\/\/argentinamunicipal.com.ar\/argentina\/wp-content\/uploads\/2015\/02\/54cf1e541545f_628_353.jpg\"><img loading=\"lazy\" decoding=\"async\" class=\"aligncenter size-full wp-image-23760\" src=\"http:\/\/argentinamunicipal.com.ar\/argentina\/wp-content\/uploads\/2015\/02\/54cf1e541545f_628_353.jpg\" alt=\"54cf1e541545f_628_353!\" width=\"628\" height=\"353\" srcset=\"http:\/\/argentinamunicipal.com.ar\/argentina\/wp-content\/uploads\/2015\/02\/54cf1e541545f_628_353.jpg 628w, http:\/\/argentinamunicipal.com.ar\/argentina\/wp-content\/uploads\/2015\/02\/54cf1e541545f_628_353-300x169.jpg 300w\" sizes=\"auto, (max-width: 628px) 100vw, 628px\" \/><\/a><\/p>\n<p>Dotaciones de bomberos de Trelew; Puerto Madryn y Dolavon fueron desplazados hacia la zona de Lago Puelo para sumarse a brigadistas cordilleranos en el combate de los incendios forestales declarados en la reserva provincial El Turbio y en El Desemboque, que estaban fuera de control.<\/p>\n<p>Al primero, s\u00f3lo se accede por aire \u00f3 agua y al restante desde El Hoyo, a 20 kil\u00f3metros.<\/p>\n<p>Hay 60 brigadistas en los focos de El Turbio donde han sido afectadas m\u00e1s de 80 hect\u00e1reas de bosque nativo seg\u00fan dijo a Radio 3, el Director de Defensa Civil de Chubut, Evaristo Melo.<br \/>\nNo hay pobladores ni viviendas rurales en riesgo aclar\u00f3 el funcionario, agregando que, \u00abel clima no ayuda por el calor\u00bb.<br \/>\nLa informaci\u00f3n da cuenta que tambi\u00e9n combaten los incendios, brigadistas pertenecientes al SPLIF de R\u00edo Negro.<\/p>\n<p><strong>En El Desemboque<\/strong><\/p>\n<p>El \u00faltimo incendio declarado es en el paraje El Desemboque, un bell\u00edsimo lugar donde las aguas del r\u00edo Epuy\u00e9n vuelcan al Lago Puelo, y seg\u00fan Evaristo Melo hay sospechas de que fue provocado, por lo que se dio intervenci\u00f3n a la Polic\u00eda.<\/p>\n<p><strong>Cinco focos \u00edgneos<\/strong><\/p>\n<p>El Director General de Defensa Civil, Evaristo Melo, inform\u00f3 que, \u00abhay 60 personas trabajando, dos aviones hidrantes y un helic\u00f3ptero que est\u00e1 haciendo tareas de relevamiento porque el lugar donde se est\u00e1 desarrollando el principal foco de incendio es de muy dif\u00edcil acceso y est\u00e1 alejado de la ciudad\u00bb.<br \/>\n\u00abEn el Paraje &#8216;El Turbio &#8211; reiter\u00f3 &#8211; en la zona de Lago Puelo, alejado de la ciudad, hay cinco focos \u00edgneos que est\u00e1n activos\u00bb, coment\u00f3 al cierre de esta edici\u00f3n.<\/p>\n<p><strong>Instituciones involucradas<\/strong><\/p>\n<p>Las instituciones que est\u00e1n involucradas colaborando son el Servicio Provincial de Manejo del Fuego (SPMF), son personal de Defensa Civil establecida en Lago Puelo, el Servicio Nacional de Manejo del Fuego (SNMF), conjuntamente con efectivos de Parques Nacionales, quienes est\u00e1n haciendo una apoyatura de log\u00edstica para el combate de las llamas.<\/p>\n<p><strong>Otros detalles<\/strong><\/p>\n<p>En referencia a los focos de incendio, Melo explic\u00f3 que, \u00abel lugar donde se est\u00e1 desarrollando el principal foco \u00edgneo es de muy dif\u00edcil acceso, a este momento no hay viviendas, ni personas en peligro, y tampoco hay caminos para poder llegar,\u00a0 solo contamos con la v\u00eda a\u00e9rea o caminando\u00bb.<\/p>\n<p>Agreg\u00f3: \u00abLas condiciones no son las mejores porque hay elevadas temperaturas, con viento y baja humedad en el ambiente, con lo cual los indicies de peligrosidad de incendio son pr\u00e1cticamente extremos, as\u00ed que sobre todas las cosas se va preservar la seguridad de los combatientes\u00bb.<\/p>\n<p>Cayendo la tarde de ayer , Melo dijo que, \u00abhoy se trabaj\u00f3 durante todo el d\u00eda, aun no sabemos la cantidad de hect\u00e1reas de afectaci\u00f3n que hay, porque todav\u00eda la gente no ha bajado, pero m\u00e1s tarde tendremos una idea de la superficie que se han quemado\u00bb, adelant\u00f3.<\/p>\n<h6>Fuente: El Oeste<\/h6>\n","protected":false},"excerpt":{"rendered":"<p>Dotaciones de bomberos de Trelew; Puerto Madryn y Dolavon fueron desplazados hacia la zona de Lago Puelo para sumarse a brigadistas cordilleranos en el combate de los incendios forestales declarados en la reserva provincial El Turbio y en El Desemboque, que estaban fuera de control. Al primero, s\u00f3lo se accede por aire \u00f3 agua y<\/p>\n","protected":false},"author":2,"featured_media":23760,"comment_status":"closed","ping_status":"closed","sticky":false,"template":"","format":"standard","meta":{"footnotes":""},"categories":[48],"tags":[14],"class_list":["post-23759","post","type-post","status-publish","format-standard","has-post-thumbnail","hentry","category-contingencias","tag-chubut"],"_links":{"self":[{"href":"http:\/\/argentinamunicipal.com.ar\/argentina\/wp-json\/wp\/v2\/posts\/23759","targetHints":{"allow":["GET"]}}],"collection":[{"href":"http:\/\/argentinamunicipal.com.ar\/argentina\/wp-json\/wp\/v2\/posts"}],"about":[{"href":"http:\/\/argentinamunicipal.com.ar\/argentina\/wp-json\/wp\/v2\/types\/post"}],"author":[{"embeddable":true,"href":"http:\/\/argentinamunicipal.com.ar\/argentina\/wp-json\/wp\/v2\/users\/2"}],"replies":[{"embeddable":true,"href":"http:\/\/argentinamunicipal.com.ar\/argentina\/wp-json\/wp\/v2\/comments?post=23759"}],"version-history":[{"count":0,"href":"http:\/\/argentinamunicipal.com.ar\/argentina\/wp-json\/wp\/v2\/posts\/23759\/revisions"}],"wp:featuredmedia":[{"embeddable":true,"href":"http:\/\/argentinamunicipal.com.ar\/argentina\/wp-json\/wp\/v2\/media\/23760"}],"wp:attachment":[{"href":"http:\/\/argentinamunicipal.com.ar\/argentina\/wp-json\/wp\/v2\/media?parent=23759"}],"wp:term":[{"taxonomy":"category","embeddable":true,"href":"http:\/\/argentinamunicipal.com.ar\/argentina\/wp-json\/wp\/v2\/categories?post=23759"},{"taxonomy":"post_tag","embeddable":true,"href":"http:\/\/argentinamunicipal.com.ar\/argentina\/wp-json\/wp\/v2\/tags?post=23759"}],"curies":[{"name":"wp","href":"https:\/\/api.w.org\/{rel}","templated":true}]}}