{"id":23771,"date":"2015-02-02T10:26:52","date_gmt":"2015-02-02T13:26:52","guid":{"rendered":"http:\/\/argentinamunicipal.com.ar\/argentina\/?p=23771"},"modified":"2015-02-02T10:35:07","modified_gmt":"2015-02-02T13:35:07","slug":"consolidaran-una-alianza-estrategica-argentina-china","status":"publish","type":"post","link":"http:\/\/argentinamunicipal.com.ar\/argentina\/consolidaran-una-alianza-estrategica-argentina-china\/","title":{"rendered":"Consolidar\u00e1n una alianza estrat\u00e9gica Argentina-China"},"content":{"rendered":"<p><a href=\"http:\/\/argentinamunicipal.com.ar\/argentina\/wp-content\/uploads\/2015\/02\/54cd54a6e2824_651x460.jpg\"><img loading=\"lazy\" decoding=\"async\" class=\"aligncenter size-full wp-image-23772\" src=\"http:\/\/argentinamunicipal.com.ar\/argentina\/wp-content\/uploads\/2015\/02\/54cd54a6e2824_651x460.jpg\" alt=\"54cd54a6e2824_651x460\" width=\"651\" height=\"460\" srcset=\"http:\/\/argentinamunicipal.com.ar\/argentina\/wp-content\/uploads\/2015\/02\/54cd54a6e2824_651x460.jpg 651w, http:\/\/argentinamunicipal.com.ar\/argentina\/wp-content\/uploads\/2015\/02\/54cd54a6e2824_651x460-300x212.jpg 300w\" sizes=\"auto, (max-width: 651px) 100vw, 651px\" \/><\/a><br \/>\nEl ministro de Planificaci\u00f3n Federal, Julio De Vido, resalt\u00f3 en Beijing la \u201cconsolidaci\u00f3n de la alianza estrat\u00e9gica con China\u201d al adelantar que, adem\u00e1s de la concreci\u00f3n de 20 acuerdos en el mes de julio pasado, la presidenta Cristina Fern\u00e1ndez de Kirchner y su par chino Xi Jinping realizar\u00e1n nuevos acuerdos \u201cconstruyendo esta uni\u00f3n tan fundamental no s\u00f3lo para Argentina sino tambi\u00e9n para China\u201d.<\/p>\n<p>De Vido lo expres\u00f3 en di\u00e1logo en el hotel Saint Regis de esta capital, tras culminar una extensa jornada de intercambio con directivos de las empresas constructoras CUC (China United Engineering Corporation) y CRBC (China Road and Bridge Corporation); y de visitar la planta de Huawei, el gigante asi\u00e1tico de las telecomunicaciones.<\/p>\n<p>\u201cEstamos desde el jueves trabajando tal cual lo plante\u00f3 la Presidenta con el equipo de Planificaci\u00f3n y Econom\u00eda, con quienes logramos la grata noticia de acordar el mi\u00e9rcoles a \u00faltima hora la operatividad del cr\u00e9dito para la construcci\u00f3n de las represas en Santa Cruz\u201d, se\u00f1al\u00f3 De Vido al hacer referencia a la primera transferencia realizada por el Banco de Desarrollo Chino.<\/p>\n<p>Se trata del primer desembolso acordado para la inversi\u00f3n en las represas N\u00e9stor Kirchner y Jorge Cepernic de Santa Cruz, que contar\u00e1n con un plazo de ejecuci\u00f3n de cinco a\u00f1os por parte de la empresa china ganadora de la licitaci\u00f3n, Gezhouba, quien tiene como socio a la local Electroingenier\u00eda.<\/p>\n<p>Adem\u00e1s de resaltar lo ya acordado por Cristina y Xi Jinping en materia de inversi\u00f3n ferroviaria entre los bancos centrales, De Vido adelant\u00f3 que en el encuentro bilateral entre los mandatarios, que se concretar\u00e1 el jueves, habr\u00e1 novedades \u201cen el \u00e1rea aeroespacial\u201d.<\/p>\n<p>Por otra parte, el ministro destac\u00f3 que \u201cadem\u00e1s de lo pactado en infraestructura hay un fuerte componente en el \u00e1rea de agricultura, dado que China es uno de los principales importadores de productos argentinos\u201d.<\/p>\n<p>\u201cLa econom\u00eda china es de inclusi\u00f3n como la argentina; y no caben dudas que ambos pa\u00edses buscan incluir a todos los sectores de su sociedad en el consumo y la econom\u00eda\u201d, resalt\u00f3 De Vido.<\/p>\n<p>En cuanto al swap de monedas acordado por Cristina y Xi Jinping, indic\u00f3 que \u201cotorga un panorama de reservas muy por arriba de los 30.000 millones de d\u00f3lares\u201d, y agreg\u00f3 que \u201ccon estos casi U$S 300 millones para las represas van a incorporarse primero en divisas y luego en pesos a partir de los pagos a la UTE, que se traducir\u00e1 en m\u00e1s puestos de trabajo y consumo\u201d.<\/p>\n<p>En ese sentido, precis\u00f3 que con la construcci\u00f3n de las represas Kirchner-Cepernic se crear\u00e1n 5.000 empleos directos y 20.000 indirectos.<\/p>\n<p>De cara al encuentro bilateral de esta semana, De Vido expres\u00f3 que \u201cexisten conversaciones adelantadas con la CNNC (Compan\u00eda at\u00f3mica de China), adem\u00e1s de novedades en el \u00e1rea aeroespacial y de la ciencia y tecnolog\u00eda aplicada, que es de lo que se ocupa el Ministerio de Planificaci\u00f3n\u201d.<\/p>\n<p>De Vido visit\u00f3 el centro de desarrollo e investigaci\u00f3n de Huawei en las afueras de Beijing, donde dialog\u00f3 junto a directivos de la empresa respecto a la aplicaci\u00f3n del 4G, para establecerlo en Argentina, y se\u00f1al\u00f3 que \u201cla empresa manifest\u00f3 un fuerte inter\u00e9s y el compromiso de seguir contribuyendo con los operadores de telecomunicaciones para la implementaci\u00f3n del 4G en nuestro pa\u00eds\u201d.De hecho, el ministro record\u00f3 que Huawei ya se present\u00f3 en licitaciones y sostuvo que \u201cm\u00e1s all\u00e1 de las asociaciones que realicen con el sector privado, es por dem\u00e1s importante para nosotros porque tenemos la empresa ArSat, y desde all\u00ed se puede construir institucional y asociativamente\u201d.<\/p>\n<p>A la vez confirm\u00f3 que el secretario de Comunicaciones Norberto Berner se reunir\u00e1 en los pr\u00f3ximos d\u00edas con representantes de la empresa para \u201cmaterializar y consolidar este proyecto\u201d; y record\u00f3 que Huawei ya trabaja en el desarrollo del 5G, y tiene previstas pruebas aplicadas para el a\u00f1o 2018.<\/p>\n<p>Por \u00faltimo, al ser consultado acerca de los cuestionamientos de la oposici\u00f3n en la consolidaci\u00f3n de la relaci\u00f3n con China, De Vido expres\u00f3: \u201cs\u00f3lo hay que tener memoria y recordar que algunos sectores quieren hacer prevalecer la Argentina de los \u201890 y ah\u00ed es donde tenemos que acordarnos del 23 por ciento de desocupaci\u00f3n y el 55% de pobreza\u201d.<\/p>\n<p>\u201cQuieren hacer prevalecer la vieja Argentina; mientras tanto, seguimos en la b\u00fasqueda de la soberan\u00eda, de la autodeterminaci\u00f3n y de buscar el desarrollo en energ\u00eda y tambi\u00e9n energ\u00eda nuclear, para un pa\u00eds que una d\u00e9cada atr\u00e1s ni so\u00f1aba con tener un sat\u00e9lite y privatizaba su espacio\u201d, finaliz\u00f3.<\/p>\n<h6>Fuente: Preg\u00f3n<\/h6>\n","protected":false},"excerpt":{"rendered":"<p>El ministro de Planificaci\u00f3n Federal, Julio De Vido, resalt\u00f3 en Beijing la \u201cconsolidaci\u00f3n de la alianza estrat\u00e9gica con China\u201d al adelantar que, adem\u00e1s de la concreci\u00f3n de 20 acuerdos en el mes de julio pasado, la presidenta Cristina Fern\u00e1ndez de Kirchner y su par chino Xi Jinping realizar\u00e1n nuevos acuerdos \u201cconstruyendo esta uni\u00f3n tan fundamental<\/p>\n","protected":false},"author":2,"featured_media":23772,"comment_status":"closed","ping_status":"closed","sticky":false,"template":"","format":"standard","meta":{"footnotes":""},"categories":[8],"tags":[21],"class_list":["post-23771","post","type-post","status-publish","format-standard","has-post-thumbnail","hentry","category-informe-nacional","tag-argentina"],"_links":{"self":[{"href":"http:\/\/argentinamunicipal.com.ar\/argentina\/wp-json\/wp\/v2\/posts\/23771","targetHints":{"allow":["GET"]}}],"collection":[{"href":"http:\/\/argentinamunicipal.com.ar\/argentina\/wp-json\/wp\/v2\/posts"}],"about":[{"href":"http:\/\/argentinamunicipal.com.ar\/argentina\/wp-json\/wp\/v2\/types\/post"}],"author":[{"embeddable":true,"href":"http:\/\/argentinamunicipal.com.ar\/argentina\/wp-json\/wp\/v2\/users\/2"}],"replies":[{"embeddable":true,"href":"http:\/\/argentinamunicipal.com.ar\/argentina\/wp-json\/wp\/v2\/comments?post=23771"}],"version-history":[{"count":0,"href":"http:\/\/argentinamunicipal.com.ar\/argentina\/wp-json\/wp\/v2\/posts\/23771\/revisions"}],"wp:featuredmedia":[{"embeddable":true,"href":"http:\/\/argentinamunicipal.com.ar\/argentina\/wp-json\/wp\/v2\/media\/23772"}],"wp:attachment":[{"href":"http:\/\/argentinamunicipal.com.ar\/argentina\/wp-json\/wp\/v2\/media?parent=23771"}],"wp:term":[{"taxonomy":"category","embeddable":true,"href":"http:\/\/argentinamunicipal.com.ar\/argentina\/wp-json\/wp\/v2\/categories?post=23771"},{"taxonomy":"post_tag","embeddable":true,"href":"http:\/\/argentinamunicipal.com.ar\/argentina\/wp-json\/wp\/v2\/tags?post=23771"}],"curies":[{"name":"wp","href":"https:\/\/api.w.org\/{rel}","templated":true}]}}