{"id":23775,"date":"2015-02-02T18:35:19","date_gmt":"2015-02-02T21:35:19","guid":{"rendered":"http:\/\/argentinamunicipal.com.ar\/argentina\/?p=23775"},"modified":"2015-02-02T10:43:38","modified_gmt":"2015-02-02T13:43:38","slug":"enero-con-balance-positivo-en-los-principales-centros-turisticos-de-mar-sierras-y-montanas","status":"publish","type":"post","link":"http:\/\/argentinamunicipal.com.ar\/argentina\/enero-con-balance-positivo-en-los-principales-centros-turisticos-de-mar-sierras-y-montanas\/","title":{"rendered":"Enero, con balance positivo en los principales centros tur\u00edsticos de mar, sierras y monta\u00f1as"},"content":{"rendered":"<p><a href=\"http:\/\/argentinamunicipal.com.ar\/argentina\/wp-content\/uploads\/2015\/02\/cabalgata-bariloche.jpg\"><img loading=\"lazy\" decoding=\"async\" class=\"aligncenter size-full wp-image-23778\" src=\"http:\/\/argentinamunicipal.com.ar\/argentina\/wp-content\/uploads\/2015\/02\/cabalgata-bariloche.jpg\" alt=\"cabalgata-bariloche\" width=\"640\" height=\"480\" srcset=\"http:\/\/argentinamunicipal.com.ar\/argentina\/wp-content\/uploads\/2015\/02\/cabalgata-bariloche.jpg 640w, http:\/\/argentinamunicipal.com.ar\/argentina\/wp-content\/uploads\/2015\/02\/cabalgata-bariloche-300x225.jpg 300w\" sizes=\"auto, (max-width: 640px) 100vw, 640px\" \/><\/a><br \/>\nLos principales destinos tur\u00edsticos del pa\u00eds en verano, en especial los de playa y mar, finalizaron enero con un alto nivel de ocupaci\u00f3n, que tambi\u00e9n se replic\u00f3 en los de sierras, monta\u00f1as, lagos y r\u00edos, en tanto se registraban buenos niveles de reservas para febrero. Intenso tr\u00e1nsito en el recambio.<\/p>\n<p>En Mar del Plata, el mayor centro tur\u00edstico del pa\u00eds -en especial en verano- la ocupaci\u00f3n promedio fue del 80 por ciento, seg\u00fan fuentes de la Asociaci\u00f3n Hotelera y Gastron\u00f3mica local, que destacaron los altos niveles de ocupaci\u00f3n en hoteles de 3 y 4 estrellas, que tuvieron una ocupaci\u00f3n de entre el 75% y el 80%.<\/p>\n<p>Para febrero, las mismas fuentes son optimistas y aseguran que ya existen gran cantidad de reservas en hoteles y departamentos de alquiler.<\/p>\n<p>Tambi\u00e9n en la costa bonaerense, Pinamar cerr\u00f3 el primer mes del a\u00f1o con entre un 92% y un 98% de ocupaci\u00f3n de sus hospedajes, seg\u00fan la Secretar\u00eda de Turismo de ese municipio.<\/p>\n<p>La cabecera del partido, Pinamar, estuvo en un 92% de ocupaci\u00f3n hotelera, en tanto en las localidades de Caril\u00f3 y Ostende se registr\u00f3 un 96% de ocupaci\u00f3n y Valeria del Mar tuvo un r\u00e9cord de 98%.<\/p>\n<p>El tambi\u00e9n bonaerense Partido de la Costa inform\u00f3 que recibi\u00f3 durante este verano m\u00e1s de 1.700.000 turistas, cifra que \u00abrepresenta un crecimiento muy notable en relaci\u00f3n al a\u00f1o pasado\u00bb, seg\u00fan el secretario de turismo local, Rodrigo Torre.<\/p>\n<p>Durante el \u00faltimo fin de semana de enero hubo un movimiento muy importante en las localidades de San Clemente del Tuy\u00fa, Mar de Aj\u00f3, Santa Teresita, San Bernardo, Costa Azul y Lucila del Mar.<\/p>\n<p>En las sierras de C\u00f3rdoba, la mayor\u00eda de los operadores tur\u00edsticos coincid\u00eda en que fue el mejor enero de los \u00faltimos a\u00f1os, en buena medida gracias al paso del Rally Dakar por sus valles, con una parada en Villa Carlos Paz.<\/p>\n<p>Esa ciudad, la principal para el turismo en la provincia, lleg\u00f3 a tener el 99% de su capacidad hotelera ocupada y, si se mantiene la tendencia, podr\u00eda alcanzar un r\u00e9cord hist\u00f3rico de 1.400.000 visitantes para el final de la temporada.<\/p>\n<p>El Festival Nacional de Folklore que se realiz\u00f3 en Cosqu\u00edn afect\u00f3 tambi\u00e9n favorablemente a todas las localidades del Valle de Punilla, en especial La Falda y La Cumbre.<\/p>\n<p>Los otros valles cordobeses, como el de Traslasierra y de Calamuchita, con de menor capacidad hotelera que Carlos Paz, estuvieron en el orden del 100% y el 99%, respectivamente, en momentos pico del mes.<\/p>\n<p>La vecina y tambi\u00e9n serrana provincia de San Luis registr\u00f3 una gran temporada en la villa tur\u00edstica de Merlo, donde en la primera quincena la ocupaci\u00f3n fue del 90% y en las \u00faltimas semanas de enero estuvo en el 100%.<\/p>\n<p><a href=\"http:\/\/argentinamunicipal.com.ar\/argentina\/wp-content\/uploads\/2015\/02\/jujuy73.jpg\"><img loading=\"lazy\" decoding=\"async\" class=\"aligncenter size-full wp-image-23777\" src=\"http:\/\/argentinamunicipal.com.ar\/argentina\/wp-content\/uploads\/2015\/02\/jujuy73.jpg\" alt=\"jujuy73\" width=\"600\" height=\"398\" srcset=\"http:\/\/argentinamunicipal.com.ar\/argentina\/wp-content\/uploads\/2015\/02\/jujuy73.jpg 600w, http:\/\/argentinamunicipal.com.ar\/argentina\/wp-content\/uploads\/2015\/02\/jujuy73-300x199.jpg 300w\" sizes=\"auto, (max-width: 600px) 100vw, 600px\" \/><\/a><\/p>\n<p>En el Noroeste Argentino, Jujuy cerr\u00f3 el mes con un crecimiento del 26% m\u00e1s de arribos de turistas que en enero del a\u00f1o anterior, seg\u00fan el secretario de Turismo provincial, Juan Martearena.<\/p>\n<p>Los visitantes, que se distribuyeron por sus cuatro regiones -Quebrada, Puna, Yungas y Valles- dejaron en la provincia m\u00e1s de 64 millones de pesos.<\/p>\n<p>Salta mantiene la tendencia de crecimiento sostenido en materia tur\u00edstica durante los \u00faltimos a\u00f1os, y en el primer mes del a\u00f1o tuvo unos 245 mil arribos, un 10% m\u00e1s respecto al 2014, seg\u00fan un informe difundido por el secretario de Turismo provincial, Fernando Garc\u00eda Soria, y titulares de las c\u00e1maras del sector.<\/p>\n<p>En la ciudad capital, el punto m\u00e1s alto lo reflej\u00f3 el paso del Dakar, cuando la ocupaci\u00f3n hotelera fue del 80%, con una fuerte presencia de turismo extranjero.<\/p>\n<p>En cuanto a las perspectivas para febrero, la provincia de Buenos Aires inform\u00f3 de un promedio de reservas de m\u00e1s del 70% en los principales destinos tur\u00edsticos de la costa Atl\u00e1ntica.<\/p>\n<p>El relevamiento realizado por la Secretar\u00eda de Turismo bonaerense indica el mismo porcentaje de reservas en centros veraniegos como Mar del Plata, Villa Gesell y Necochea, mientras que en Pinamar se encuentran en el orden del 85%.<\/p>\n<p>En otros puntos balnearios de menor cantidad de plazas, como Monte Hermoso, las reservas eran del 95%, en tanto en Miramar y San Clemente del Tuy\u00fa tienen tomadas el 75% de sus plazas hoteleras, y en Mar de Aj\u00f3 y San Bernardo llegan al 61%.<\/p>\n<p><a href=\"http:\/\/argentinamunicipal.com.ar\/argentina\/wp-content\/uploads\/2015\/02\/monte-hermoso-615x409.jpg\"><img loading=\"lazy\" decoding=\"async\" class=\"aligncenter size-full wp-image-23776\" src=\"http:\/\/argentinamunicipal.com.ar\/argentina\/wp-content\/uploads\/2015\/02\/monte-hermoso-615x409.jpg\" alt=\"monte-hermoso-615x409\" width=\"615\" height=\"409\" srcset=\"http:\/\/argentinamunicipal.com.ar\/argentina\/wp-content\/uploads\/2015\/02\/monte-hermoso-615x409.jpg 615w, http:\/\/argentinamunicipal.com.ar\/argentina\/wp-content\/uploads\/2015\/02\/monte-hermoso-615x409-300x200.jpg 300w\" sizes=\"auto, (max-width: 615px) 100vw, 615px\" \/><\/a><\/p>\n<p>La ciudad entrerriana de Gualeguaych\u00fa ten\u00eda reservado el 95% de su capacidad hoteleras para la sexta fecha del Carnaval del Pa\u00eds, que se desarrollar\u00e1 del 14 al 16 pr\u00f3ximo en el Cors\u00f3dromo local, que tiene una capacidad para 40 mil personas sentadas, inform\u00f3 ese municipio.<\/p>\n<h6>Fuente: T\u00e9lam<\/h6>\n","protected":false},"excerpt":{"rendered":"<p>Los principales destinos tur\u00edsticos del pa\u00eds en verano, en especial los de playa y mar, finalizaron enero con un alto nivel de ocupaci\u00f3n, que tambi\u00e9n se replic\u00f3 en los de sierras, monta\u00f1as, lagos y r\u00edos, en tanto se registraban buenos niveles de reservas para febrero. Intenso tr\u00e1nsito en el recambio. En Mar del Plata, el<\/p>\n","protected":false},"author":2,"featured_media":23778,"comment_status":"closed","ping_status":"closed","sticky":false,"template":"","format":"standard","meta":{"footnotes":""},"categories":[8],"tags":[21],"class_list":["post-23775","post","type-post","status-publish","format-standard","has-post-thumbnail","hentry","category-informe-nacional","tag-argentina"],"_links":{"self":[{"href":"http:\/\/argentinamunicipal.com.ar\/argentina\/wp-json\/wp\/v2\/posts\/23775","targetHints":{"allow":["GET"]}}],"collection":[{"href":"http:\/\/argentinamunicipal.com.ar\/argentina\/wp-json\/wp\/v2\/posts"}],"about":[{"href":"http:\/\/argentinamunicipal.com.ar\/argentina\/wp-json\/wp\/v2\/types\/post"}],"author":[{"embeddable":true,"href":"http:\/\/argentinamunicipal.com.ar\/argentina\/wp-json\/wp\/v2\/users\/2"}],"replies":[{"embeddable":true,"href":"http:\/\/argentinamunicipal.com.ar\/argentina\/wp-json\/wp\/v2\/comments?post=23775"}],"version-history":[{"count":0,"href":"http:\/\/argentinamunicipal.com.ar\/argentina\/wp-json\/wp\/v2\/posts\/23775\/revisions"}],"wp:featuredmedia":[{"embeddable":true,"href":"http:\/\/argentinamunicipal.com.ar\/argentina\/wp-json\/wp\/v2\/media\/23778"}],"wp:attachment":[{"href":"http:\/\/argentinamunicipal.com.ar\/argentina\/wp-json\/wp\/v2\/media?parent=23775"}],"wp:term":[{"taxonomy":"category","embeddable":true,"href":"http:\/\/argentinamunicipal.com.ar\/argentina\/wp-json\/wp\/v2\/categories?post=23775"},{"taxonomy":"post_tag","embeddable":true,"href":"http:\/\/argentinamunicipal.com.ar\/argentina\/wp-json\/wp\/v2\/tags?post=23775"}],"curies":[{"name":"wp","href":"https:\/\/api.w.org\/{rel}","templated":true}]}}