{"id":23798,"date":"2015-02-02T11:49:29","date_gmt":"2015-02-02T14:49:29","guid":{"rendered":"http:\/\/argentinamunicipal.com.ar\/argentina\/?p=23798"},"modified":"2015-02-02T11:57:45","modified_gmt":"2015-02-02T14:57:45","slug":"fiesta-nacional-del-asado-en-cholila-5-6-7-y-8-de-febrero","status":"publish","type":"post","link":"http:\/\/argentinamunicipal.com.ar\/argentina\/fiesta-nacional-del-asado-en-cholila-5-6-7-y-8-de-febrero\/","title":{"rendered":"Fiesta Nacional del Asado en Cholila 5, 6, 7 y 8 de Febrero."},"content":{"rendered":"<p><a href=\"http:\/\/argentinamunicipal.com.ar\/argentina\/wp-content\/uploads\/2015\/02\/FNACholila2015.jpg\"><img loading=\"lazy\" decoding=\"async\" class=\"aligncenter  wp-image-23799\" src=\"http:\/\/argentinamunicipal.com.ar\/argentina\/wp-content\/uploads\/2015\/02\/FNACholila2015.jpg\" alt=\"FNACholila2015-Afiche\" width=\"505\" height=\"714\" srcset=\"http:\/\/argentinamunicipal.com.ar\/argentina\/wp-content\/uploads\/2015\/02\/FNACholila2015.jpg 540w, http:\/\/argentinamunicipal.com.ar\/argentina\/wp-content\/uploads\/2015\/02\/FNACholila2015-212x300.jpg 212w\" sizes=\"auto, (max-width: 505px) 100vw, 505px\" \/><\/a><br \/>\nLa localidad cordillerana de Cholila, ultima detalles de lo que ser\u00e1 una nueva edici\u00f3n de la Fiesta Nacional del Asado, que este a\u00f1o se llevar\u00e1 a cabo los d\u00edas 5, 6, 7 y 8 de Febrero.<\/p>\n<p>La Fiesta Nacional del Asado, es una Fiesta Argentina que rinde homenaje al tradicional Asado de nuestro pa\u00eds. Tiene su epicentro en la localidad de Cholila, a 733 kil\u00f3metros de la ciudad petrolera.<\/p>\n<p>Como es habitual, durante el primer fin de semana de cada mes de Febrero en el predio El Morro, se dan cita miles de turistas nacionales e internacionales que se suman a los vecinos de la Comarca para disfrutar de una edici\u00f3n de lo que, desde hace cuatro a\u00f1os, es la Fiesta Nacional del Asado.<\/p>\n<p>Se trata del evento popular m\u00e1s convocante de la Provincia del Chubut, que propone disfrutar de la mejor carne argentina en un marco cultural y geogr\u00e1fico, aut\u00e9nticamente patag\u00f3nico. Cabe recordar que en la edici\u00f3n del 2014 visitaron la ciudad m\u00e1s de 70 mil personas.<\/p>\n<p>Este a\u00f1o, la Fiesta Nacional del Asado 2015, invita a degustar m\u00e1s de 25 mil kilos de asado, que ser\u00e1n cocidos durante cuatro d\u00edas en \u201cel fog\u00f3n m\u00e1s caliente de Am\u00e9rica\u201d, un singular show de asadores, de caracter\u00edsticas \u00fanicas en la regi\u00f3n por sus proporciones y magnitud del evento. Casi 100 novillos y m\u00e1s de 600 corderos formar\u00e1n parte del plato.<\/p>\n<p>Un escenario con m\u00e1s de 100 artistas de renombre nacional como Facundo Toro, y Leonardo Miranda completar\u00e1n el cronograma de actividades, al que se suman carreras de caballo, jineteadas, y destrezas gauchas.<\/p>\n<p>Durante los cuatro d\u00edas de fiesta, se pueden degustar de todos los tipos de carne en un solo lugar, y bajo un marco de naturaleza y tranquilidad inigualable.<\/p>\n<p><a href=\"http:\/\/argentinamunicipal.com.ar\/argentina\/wp-content\/uploads\/2015\/02\/fiesta-de-las-estacas.jpg\"><img loading=\"lazy\" decoding=\"async\" class=\"aligncenter  wp-image-23800\" src=\"http:\/\/argentinamunicipal.com.ar\/argentina\/wp-content\/uploads\/2015\/02\/fiesta-de-las-estacas.jpg\" alt=\"fiesta de las estacas\" width=\"674\" height=\"253\" srcset=\"http:\/\/argentinamunicipal.com.ar\/argentina\/wp-content\/uploads\/2015\/02\/fiesta-de-las-estacas.jpg 1274w, http:\/\/argentinamunicipal.com.ar\/argentina\/wp-content\/uploads\/2015\/02\/fiesta-de-las-estacas-300x113.jpg 300w, http:\/\/argentinamunicipal.com.ar\/argentina\/wp-content\/uploads\/2015\/02\/fiesta-de-las-estacas-1024x384.jpg 1024w\" sizes=\"auto, (max-width: 674px) 100vw, 674px\" \/><\/a><\/p>\n<p><strong>HISTORIA DE LA FIESTA<\/strong><\/p>\n<p>La Fiesta naci\u00f3 en 1993 como Fiesta Provincial y hace cuatro a\u00f1os logr\u00f3 el rango de Fiesta Nacional. Tal es as\u00ed que durante la edici\u00f3n del a\u00f1o 2013 super\u00f3 los 50.000 visitantes, por ello en esa oportunidad la Fiesta fue declarada de Inter\u00e9s Nacional por el Honorable Congreso de la Naci\u00f3n.<\/p>\n<p>La dimensi\u00f3n actual de la Fiesta la ubica como un factor esencial y estrat\u00e9gico en el desarrollo de diversas pol\u00edticas tanto tur\u00edsticas como culturales y sociales dentro del entorno cordillerano.<\/p>\n<p>La Fiesta es un evento de cualidades \u00fanicas para la zona, y esto se logra gracias a los esfuerzos de todos los cholinenses para lograr mejorar con cada edici\u00f3n de la Fiesta.<\/p>\n<p><strong>OTRAS BELLEZAS<\/strong><\/p>\n<p>Adem\u00e1s de la fiesta, la localidad de Cholila, propone un entorno tur\u00edstico sin igual por estar ubicada en el acceso norte del Parque Nacional los Alerces, al noroeste chubutense, eje tur\u00edstico de la Comarca Andina del Paralelo 42\u00b0.<\/p>\n<p>Conservando a\u00fan el alma del pueblo, se ofrece una combinaci\u00f3n ideal de tranquilidad y confort, contando con todos los servicios adecuados para recibir al visitante con calidez y hospitalidad.<\/p>\n<p>Cholila cuenta con hospedajes y gastronom\u00eda, pero adem\u00e1s los visitantes pueden disfrutar de actividades al aire libre, ya que es un lugar \u00f3ptimo para los pescadores que a\u00f1o tras a\u00f1o se acercan atra\u00eddos por la pesca deportiva.<\/p>\n<p>Uno de los lugares que no se pueden pasar por alto es el Cerro Pintado, que est\u00e1 ubicado a 8 kil\u00f3metros del valle El Rinc\u00f3n. All\u00ed se pueden apreciar las huellas que dej\u00f3 la ocupaci\u00f3n humana de hace aproximadamente 2000 a\u00f1os. Las pinturas rupestres que se pueden observar son generalmente figuras geom\u00e9tricas y formas m\u00e1s complejas denominadas \u201cgrecas\u201d.<\/p>\n<p>Por otra parte, la famosa caba\u00f1a de Butch Cassidy, Sundance Kids y Etha Place es un lugar \u00fanico. La legendaria banda de delincuentes norteamericanos que, perseguidos en su pa\u00eds, emigraron a Cholila en 1902 pasaron por all\u00ed y dejaron su huella. La vida de estos bandidos fue varias veces representada en pel\u00edculas de Hollywood por lo que la leyenda atrae a muchos turistas.<\/p>\n<h6>Fuente: Patag\u00f3nico<\/h6>\n","protected":false},"excerpt":{"rendered":"<p>La localidad cordillerana de Cholila, ultima detalles de lo que ser\u00e1 una nueva edici\u00f3n de la Fiesta Nacional del Asado, que este a\u00f1o se llevar\u00e1 a cabo los d\u00edas 5, 6, 7 y 8 de Febrero. La Fiesta Nacional del Asado, es una Fiesta Argentina que rinde homenaje al tradicional Asado de nuestro pa\u00eds. Tiene<\/p>\n","protected":false},"author":2,"featured_media":23803,"comment_status":"closed","ping_status":"closed","sticky":false,"template":"","format":"standard","meta":{"footnotes":""},"categories":[47],"tags":[14],"class_list":["post-23798","post","type-post","status-publish","format-standard","has-post-thumbnail","hentry","category-fiestas","tag-chubut"],"_links":{"self":[{"href":"http:\/\/argentinamunicipal.com.ar\/argentina\/wp-json\/wp\/v2\/posts\/23798","targetHints":{"allow":["GET"]}}],"collection":[{"href":"http:\/\/argentinamunicipal.com.ar\/argentina\/wp-json\/wp\/v2\/posts"}],"about":[{"href":"http:\/\/argentinamunicipal.com.ar\/argentina\/wp-json\/wp\/v2\/types\/post"}],"author":[{"embeddable":true,"href":"http:\/\/argentinamunicipal.com.ar\/argentina\/wp-json\/wp\/v2\/users\/2"}],"replies":[{"embeddable":true,"href":"http:\/\/argentinamunicipal.com.ar\/argentina\/wp-json\/wp\/v2\/comments?post=23798"}],"version-history":[{"count":0,"href":"http:\/\/argentinamunicipal.com.ar\/argentina\/wp-json\/wp\/v2\/posts\/23798\/revisions"}],"wp:featuredmedia":[{"embeddable":true,"href":"http:\/\/argentinamunicipal.com.ar\/argentina\/wp-json\/wp\/v2\/media\/23803"}],"wp:attachment":[{"href":"http:\/\/argentinamunicipal.com.ar\/argentina\/wp-json\/wp\/v2\/media?parent=23798"}],"wp:term":[{"taxonomy":"category","embeddable":true,"href":"http:\/\/argentinamunicipal.com.ar\/argentina\/wp-json\/wp\/v2\/categories?post=23798"},{"taxonomy":"post_tag","embeddable":true,"href":"http:\/\/argentinamunicipal.com.ar\/argentina\/wp-json\/wp\/v2\/tags?post=23798"}],"curies":[{"name":"wp","href":"https:\/\/api.w.org\/{rel}","templated":true}]}}