{"id":23828,"date":"2015-02-03T08:30:51","date_gmt":"2015-02-03T11:30:51","guid":{"rendered":"http:\/\/argentinamunicipal.com.ar\/argentina\/?p=23828"},"modified":"2015-02-03T08:49:21","modified_gmt":"2015-02-03T11:49:21","slug":"municipales-de-concordia-aspiran-lograr-un-35-por-ciento-de-aumento-para-el-2015","status":"publish","type":"post","link":"http:\/\/argentinamunicipal.com.ar\/argentina\/municipales-de-concordia-aspiran-lograr-un-35-por-ciento-de-aumento-para-el-2015\/","title":{"rendered":"Municipales de Concordia aspiran a lograr un 35 por ciento de aumento para el 2015"},"content":{"rendered":"<p><a href=\"http:\/\/argentinamunicipal.com.ar\/argentina\/wp-content\/uploads\/2015\/02\/concord.jpg_2069580699.jpg\"><img loading=\"lazy\" decoding=\"async\" class=\"alignleft  wp-image-23829\" src=\"http:\/\/argentinamunicipal.com.ar\/argentina\/wp-content\/uploads\/2015\/02\/concord.jpg_2069580699.jpg\" alt=\"concord.jpg_2069580699\" width=\"420\" height=\"280\" srcset=\"http:\/\/argentinamunicipal.com.ar\/argentina\/wp-content\/uploads\/2015\/02\/concord.jpg_2069580699.jpg 761w, http:\/\/argentinamunicipal.com.ar\/argentina\/wp-content\/uploads\/2015\/02\/concord.jpg_2069580699-300x200.jpg 300w\" sizes=\"auto, (max-width: 420px) 100vw, 420px\" \/><\/a>Los trabajadores de la Municipalidad de Concordia pedir\u00e1n formalmente este jueves que las autoridades los convoquen a negociar salarios y categorizaciones \u00b7 Seg\u00fan detall\u00f3 a APFDigital el secretario General del Sindicato \u00danico de Empleados Municipales de Concordia (Suoem), Iv\u00e1n Alal\u00ed, pedir\u00e1n un aumento del 35 por ciento para el 2015 \u00b7 Por otro lado, en enero cobraron la primera parte de un bono extra de 2 mil pesos<\/p>\n<p>\u201cFinalmente, cobramos el primer pago del bono el 13 de enero, mientras que el segundo lo cobraremos entre el 13 y el 14 de febrero. Son dos cuotas de mil pesos. Por otra parte, el jueves haremos una presentaci\u00f3n por el tema de las categor\u00edas, ya que se deben otorgar cada cuatro a\u00f1os seg\u00fan estipula una ordenanza. No queremos que se extienda mucho en el tiempo\u201d, indic\u00f3 Alal\u00ed.<\/p>\n<p>Seg\u00fan acot\u00f3 el representante, los trabajadores quieren poner en agenda el tema de las negociaciones paritarias, ya que pretenden cobrar en marzo los incrementos logrados. \u201cCuando negociamos el bono de los 2 mil pesos quedamos en juntarnos los primeros d\u00edas de febrero, por lo cual pensamos que la semana que viene nos estaremos reuniendo. Tenemos que tener todo cerrado antes del 20 o 21 de febrero, que es cuando se hacen las liquidaciones\u201d, inform\u00f3.<\/p>\n<p>\u201cLamentablemente, la plata alcanza cada vez menos por la inflaci\u00f3n. Queremos que el aumento no sea menor al 20 o 21 por ciento para el primer semestre y que en el a\u00f1o no sea menor al 35 por ciento. Igual quedamos lejos de lo que deber\u00eda ser\u201d, culmin\u00f3 Alal\u00ed en declaraciones a esta Agencia.<\/p>\n<h6>Fuente: APF Digital<\/h6>\n","protected":false},"excerpt":{"rendered":"<p>Los trabajadores de la Municipalidad de Concordia pedir\u00e1n formalmente este jueves que las autoridades los convoquen a negociar salarios y categorizaciones \u00b7 Seg\u00fan detall\u00f3 a APFDigital el secretario General del Sindicato \u00danico de Empleados Municipales de Concordia (Suoem), Iv\u00e1n Alal\u00ed, pedir\u00e1n un aumento del 35 por ciento para el 2015 \u00b7 Por otro lado, en<\/p>\n","protected":false},"author":2,"featured_media":23829,"comment_status":"closed","ping_status":"closed","sticky":false,"template":"","format":"standard","meta":{"footnotes":""},"categories":[7],"tags":[17],"class_list":["post-23828","post","type-post","status-publish","format-standard","has-post-thumbnail","hentry","category-informe-sindical","tag-entre-rios"],"_links":{"self":[{"href":"http:\/\/argentinamunicipal.com.ar\/argentina\/wp-json\/wp\/v2\/posts\/23828","targetHints":{"allow":["GET"]}}],"collection":[{"href":"http:\/\/argentinamunicipal.com.ar\/argentina\/wp-json\/wp\/v2\/posts"}],"about":[{"href":"http:\/\/argentinamunicipal.com.ar\/argentina\/wp-json\/wp\/v2\/types\/post"}],"author":[{"embeddable":true,"href":"http:\/\/argentinamunicipal.com.ar\/argentina\/wp-json\/wp\/v2\/users\/2"}],"replies":[{"embeddable":true,"href":"http:\/\/argentinamunicipal.com.ar\/argentina\/wp-json\/wp\/v2\/comments?post=23828"}],"version-history":[{"count":0,"href":"http:\/\/argentinamunicipal.com.ar\/argentina\/wp-json\/wp\/v2\/posts\/23828\/revisions"}],"wp:featuredmedia":[{"embeddable":true,"href":"http:\/\/argentinamunicipal.com.ar\/argentina\/wp-json\/wp\/v2\/media\/23829"}],"wp:attachment":[{"href":"http:\/\/argentinamunicipal.com.ar\/argentina\/wp-json\/wp\/v2\/media?parent=23828"}],"wp:term":[{"taxonomy":"category","embeddable":true,"href":"http:\/\/argentinamunicipal.com.ar\/argentina\/wp-json\/wp\/v2\/categories?post=23828"},{"taxonomy":"post_tag","embeddable":true,"href":"http:\/\/argentinamunicipal.com.ar\/argentina\/wp-json\/wp\/v2\/tags?post=23828"}],"curies":[{"name":"wp","href":"https:\/\/api.w.org\/{rel}","templated":true}]}}