{"id":23850,"date":"2015-02-03T09:25:35","date_gmt":"2015-02-03T12:25:35","guid":{"rendered":"http:\/\/argentinamunicipal.com.ar\/argentina\/?p=23850"},"modified":"2015-02-03T09:25:35","modified_gmt":"2015-02-03T12:25:35","slug":"la-onu-tratara-el-marco-legal-de-reestructuracion-de-las-deudas-soberanas","status":"publish","type":"post","link":"http:\/\/argentinamunicipal.com.ar\/argentina\/la-onu-tratara-el-marco-legal-de-reestructuracion-de-las-deudas-soberanas\/","title":{"rendered":"La ONU tratar\u00e1 el marco legal de reestructuraci\u00f3n de las deudas soberanas"},"content":{"rendered":"<p><a href=\"http:\/\/argentinamunicipal.com.ar\/argentina\/wp-content\/uploads\/2015\/02\/signe_de_lonu_geneve.jpg\"><img loading=\"lazy\" decoding=\"async\" class=\"aligncenter  wp-image-23851\" src=\"http:\/\/argentinamunicipal.com.ar\/argentina\/wp-content\/uploads\/2015\/02\/signe_de_lonu_geneve.jpg\" alt=\"signe_de_lonu_geneve\" width=\"599\" height=\"449\" srcset=\"http:\/\/argentinamunicipal.com.ar\/argentina\/wp-content\/uploads\/2015\/02\/signe_de_lonu_geneve.jpg 1600w, http:\/\/argentinamunicipal.com.ar\/argentina\/wp-content\/uploads\/2015\/02\/signe_de_lonu_geneve-300x225.jpg 300w, http:\/\/argentinamunicipal.com.ar\/argentina\/wp-content\/uploads\/2015\/02\/signe_de_lonu_geneve-1024x768.jpg 1024w\" sizes=\"auto, (max-width: 599px) 100vw, 599px\" \/><\/a><\/p>\n<p>La Organizaci\u00f3n de Naciones Unidas llevar\u00e1 adelante la primera sesi\u00f3n de trabajo para la creaci\u00f3n de un marco regulatorio multilateral para la reestructuraci\u00f3n de deudas soberanas, con una agenda de tres d\u00edas que incluye la concreci\u00f3n de distintos paneles de discusi\u00f3n y la presencia de expertos internacionales.<\/p>\n<p>El encuentro desarrollado por el Comit\u00e9 ad hoc de la Asamblea General de la ONU sobre procesos de reestructuraci\u00f3n de deudas soberanas comenzar\u00e1 a las 10 (hora de Nueva York, las 12 en Argentina), con la elecci\u00f3n del presidente y otros miembros de dicho cuerpo, para dar espacio luego a la apertura de las presentaciones y discusiones.<\/p>\n<p>El encargado de abrir el debate que que se extender\u00e1 hasta el jueves en Nueva York, ser\u00e1 el ex ministro de Econom\u00eda colombiano y actual profesor de la Universidad de Columbia, Jos\u00e9 Antonio Ocampo.<\/p>\n<p>Por la tarde, la primera jornada de trabajo estar\u00e1 dedicada exclusivamente a las negociaciones generales sobre el marco multilateral para reestructuraciones de deudas soberanas.<\/p>\n<p>En tanto, el mi\u00e9rcoles las actividades estar\u00e1n centradas en una serie de paneles de expertos provenientes de distintos sectores, que finalizar\u00e1n con di\u00e1logos interactivos junto a los funcionarios y miembros de la comunidad internacional presentes.<\/p>\n<p>En el primer panel ser\u00e1n analizadas las \u201cbrechas en el sistema de reestructuraci\u00f3n actual\u201d, con la participaci\u00f3n de Richard Kozul Wright, de la Conferencia de ONU sobre Comercio y Desarrollo; Benu Schneider, encargado del Departamento de Asuntos Econ\u00f3micos y Sociales de ONU; Anna Gelpern, profesora de Derecho de la Universidad de Georgetown; y James Haley, director Ejecutivo de Canad\u00e1 en el Banco Interamericano de Desarrollo (BID).<br \/>\nA continuaci\u00f3n ser\u00e1n abordadas las \u201copciones para ir hacia adelante\u201d sobre el tema, que estar\u00e1n a cargo de Yuefen Li; asesor especial de la organizaci\u00f3n intergubernamental de pa\u00edses en desarrollo, Centro Sur (The South Center); Eric Lecompte, director Ejecutivo de la Red Jubileo USA; y Hans Humes, presidente de la compa\u00f1\u00eda Greylock Capital.<\/p>\n<p>El \u00faltimo panel del d\u00eda se abocar\u00e1 a discutir sobre la \u201cresoluci\u00f3n multilateral de disputas econ\u00f3micas: lecciones de la experiencia\u201d, liderada por el asesor legal principal de la Corte Permanente de Arbitraje, Garth Schofield; el profesor de la Universidad de Boston, Kevin Gallaher; el experto independiente del Club de Par\u00eds, Enrique Cosio-Pascal; y la profesora de Derecho de la Northeastern University, Sonia Rolland.<\/p>\n<p>La agenda del jueves, ser\u00e1 inaugurada a las 10 de la ma\u00f1ana (12 horas en Argentina) por los profesores Robert Kuttner, de la Universidad Brandeis; Odette Lienau, de la Universidad de Cornell; y Mark Weidemaier, de la Universidad de Carolina del Norte, quienes tendr\u00e1n a cargo el debate sobre \u201cla econ\u00f3mica pol\u00edtica de reestructuraci\u00f3n de deuda\u201d.<\/p>\n<p>Luego los presentes tratar\u00e1n las \u201cPerspectivas econ\u00f3micas\u201d de los \u201cstandstills\u201d (acuerdos de no exigibilidad de obligaciones), \u201croll-overs\u201d (refinanciaci\u00f3n) y las \u201ccancelaciones\u201d de deuda, liderados por Yilmaz Akyuz, economista superior de la organizaci\u00f3n The South Center; el profesor de la Universidad New School, Barry Herman; y el experto de la Universidad de Columbia, Mart\u00edn Guzm\u00e1n.<\/p>\n<p>El tercer d\u00eda de actividades desarrolladas en Naciones Unidas culminar\u00e1 con una discusi\u00f3n interactiva sobre los posibles elementos para la elaboraci\u00f3n de un marco legal internacional para el proceso de reestructuraci\u00f3n de deudas soberanas<\/p>\n<p>La pr\u00f3xima reuni\u00f3n del \u00abcomit\u00e9 ad hoc\u00bb para continuar con las negociaciones sobre el tema, tendr\u00e1 lugar en la sede principal de ONU en la Gran Manzana del 28 al 30 de abril mientras que el tercer encuentro ser\u00e1 entre los meses de junio y julio, en fechas a definir.<\/p>\n<h6>Fuente: El Zonda<\/h6>\n","protected":false},"excerpt":{"rendered":"<p>La Organizaci\u00f3n de Naciones Unidas llevar\u00e1 adelante la primera sesi\u00f3n de trabajo para la creaci\u00f3n de un marco regulatorio multilateral para la reestructuraci\u00f3n de deudas soberanas, con una agenda de tres d\u00edas que incluye la concreci\u00f3n de distintos paneles de discusi\u00f3n y la presencia de expertos internacionales. El encuentro desarrollado por el Comit\u00e9 ad hoc<\/p>\n","protected":false},"author":2,"featured_media":23851,"comment_status":"closed","ping_status":"closed","sticky":false,"template":"","format":"standard","meta":{"footnotes":""},"categories":[22],"tags":[57],"class_list":["post-23850","post","type-post","status-publish","format-standard","has-post-thumbnail","hentry","category-el-mundo","tag-el-mundo"],"_links":{"self":[{"href":"http:\/\/argentinamunicipal.com.ar\/argentina\/wp-json\/wp\/v2\/posts\/23850","targetHints":{"allow":["GET"]}}],"collection":[{"href":"http:\/\/argentinamunicipal.com.ar\/argentina\/wp-json\/wp\/v2\/posts"}],"about":[{"href":"http:\/\/argentinamunicipal.com.ar\/argentina\/wp-json\/wp\/v2\/types\/post"}],"author":[{"embeddable":true,"href":"http:\/\/argentinamunicipal.com.ar\/argentina\/wp-json\/wp\/v2\/users\/2"}],"replies":[{"embeddable":true,"href":"http:\/\/argentinamunicipal.com.ar\/argentina\/wp-json\/wp\/v2\/comments?post=23850"}],"version-history":[{"count":0,"href":"http:\/\/argentinamunicipal.com.ar\/argentina\/wp-json\/wp\/v2\/posts\/23850\/revisions"}],"wp:featuredmedia":[{"embeddable":true,"href":"http:\/\/argentinamunicipal.com.ar\/argentina\/wp-json\/wp\/v2\/media\/23851"}],"wp:attachment":[{"href":"http:\/\/argentinamunicipal.com.ar\/argentina\/wp-json\/wp\/v2\/media?parent=23850"}],"wp:term":[{"taxonomy":"category","embeddable":true,"href":"http:\/\/argentinamunicipal.com.ar\/argentina\/wp-json\/wp\/v2\/categories?post=23850"},{"taxonomy":"post_tag","embeddable":true,"href":"http:\/\/argentinamunicipal.com.ar\/argentina\/wp-json\/wp\/v2\/tags?post=23850"}],"curies":[{"name":"wp","href":"https:\/\/api.w.org\/{rel}","templated":true}]}}