{"id":23863,"date":"2015-02-03T09:49:57","date_gmt":"2015-02-03T12:49:57","guid":{"rendered":"http:\/\/argentinamunicipal.com.ar\/argentina\/?p=23863"},"modified":"2015-02-03T09:49:57","modified_gmt":"2015-02-03T12:49:57","slug":"los-rosarinos-se-preparan-para-debatir-el-transporte-de-pasajeros-que-pretenden","status":"publish","type":"post","link":"http:\/\/argentinamunicipal.com.ar\/argentina\/los-rosarinos-se-preparan-para-debatir-el-transporte-de-pasajeros-que-pretenden\/","title":{"rendered":"Los rosarinos se preparan para debatir el transporte de pasajeros que pretenden"},"content":{"rendered":"<div id=\"attachment_23864\" style=\"width: 631px\" class=\"wp-caption aligncenter\"><a href=\"http:\/\/argentinamunicipal.com.ar\/argentina\/wp-content\/uploads\/2015\/02\/02-03-c601-hector_rio.jpg_88717827.jpg\"><img loading=\"lazy\" decoding=\"async\" aria-describedby=\"caption-attachment-23864\" class=\"size-full wp-image-23864\" src=\"http:\/\/argentinamunicipal.com.ar\/argentina\/wp-content\/uploads\/2015\/02\/02-03-c601-hector_rio.jpg_88717827.jpg\" alt=\"Los reclamos de usuarios de colectivos motivaron la convocatoria a una jornada de discusi\u00f3n abierta\" width=\"621\" height=\"465\" srcset=\"http:\/\/argentinamunicipal.com.ar\/argentina\/wp-content\/uploads\/2015\/02\/02-03-c601-hector_rio.jpg_88717827.jpg 621w, http:\/\/argentinamunicipal.com.ar\/argentina\/wp-content\/uploads\/2015\/02\/02-03-c601-hector_rio.jpg_88717827-300x225.jpg 300w\" sizes=\"auto, (max-width: 621px) 100vw, 621px\" \/><\/a><p id=\"caption-attachment-23864\" class=\"wp-caption-text\">Los reclamos de usuarios de colectivos motivaron la convocatoria a una jornada de discusi\u00f3n abierta<\/p><\/div>\n<p>Audiencia p\u00fablica. El Concejo Municipal rosarino recibir\u00e1 el jueves pr\u00f3ximo a ediles, distintas organizaciones barriales y de defensa del consumidor y vecinos.<\/p>\n<p>El Concejo Municipal ser\u00e1 epicentro el jueves pr\u00f3ximo de una asamblea p\u00fablica en la que se debatir\u00e1 el transporte urbano de pasajeros. Ediles, organizaciones barriales y de defensa del consumidor y vecinos de distintos puntos de la ciudad analizar\u00e1n el presente de los \u00f3mnibus rosarinos y plantear\u00e1n iniciativas para mejorar la prestaci\u00f3n.<\/p>\n<p>De hecho, la Oficina Municipal del Consumidor, junto a la Asociaci\u00f3n Casco Hist\u00f3rico de Rosario, se apresta a concluir un relevamiento del \u00e1rea central de la ciudad referido al transporte p\u00fablico de pasajeros.<\/p>\n<p>Los resultados de ese sondeo ser\u00e1n expuestos en el marco de la audiencia p\u00fablica que, desde las 18, se realizar\u00e1 en el Palacio Vasallo.<\/p>\n<p>La audiencia tendr\u00e1 lugar pocos d\u00edas despu\u00e9s de que la intendenta M\u00f3nica Fein anunciara mejoras en el sistema, que sumar\u00e1 99 unidades cero kil\u00f3metros y cuatro nuevas l\u00edneas.<\/p>\n<p>Tambi\u00e9n contar\u00e1 con la extensi\u00f3n en el recorrido de las l\u00edneas 115 y 153. Seg\u00fan precis\u00f3 la jefa del Palacio de los Leones, las modificaciones comenzar\u00e1n a regir a partir de marzo pr\u00f3ximo.<\/p>\n<p>Para participar de la jornada del jueves no har\u00e1 falta inscripci\u00f3n ya que las puertas del Concejo estar\u00e1n abiertas para la presencia de todas las organizaciones y vecinos que quieran participar de la discusi\u00f3n.<\/p>\n<p>La realizaci\u00f3n de la jornada de debate p\u00fablico fue definida d\u00edas atr\u00e1s, durante una reuni\u00f3n convocada bajo el lema \u00abEmpalme dice basta\u00bb, a la que asistieron el presidente del Concejo, el socialista Miguel Zamarini, y los ediles Roberto Sukerman (FpV), Carlos Cardozo (Uni\u00f3n PRO Federal) y Diego Giuliano (Rosario Federal).<\/p>\n<p>En ese marco, los concejales recibieron reclamos sobre inconvenientes con las frecuencias de los colectivos, el mal estado de las unidades, la higiene de los coches, problemas con los puntos de recarga de la tarjeta sin contacto (TSC) e inconvenientes con los trasbordos entre diferentes l\u00edneas.<\/p>\n<p>Los ediles no ocultaron su preocupaci\u00f3n por el diagn\u00f3stico de la realidad del transporte urbano de pasajeros que reciben por parte de los usuarios en cada visita a los barrios.<\/p>\n<p>Asimismo, recordaron medidas tomadas por el Concejo para paliar algunas de esas problem\u00e1ticas, como el endurecimiento de las multas por incumplimiento en las frecuencias, que se elevan a los 50 mil pesos.<\/p>\n<p>Entre los temas abordados, figur\u00f3 el centro de denuncias por incumplimiento en las frecuencias puesto en marcha recientemente por el propio Zamarini y otros proyectos presentados por distintas fuerzas pol\u00edticas para buscar mejoras en el sistema de colectivos.<\/p>\n<p>Piden cambios. Por su parte, la concejala Fernanda Gigliani (Iniciativa Popular) solicit\u00f3 ayer al municipio que el sistema de trasbordo del transporte p\u00fabico sea modificado \u00abpara que acepte tantos trasbordos como pasajes hayan sido adquiridos con una \u00fanica tarjeta\u00bb.<\/p>\n<p>Actualmente, el sistema de trasbordo permite a los usuarios, una vez cancelada la totalidad del primer viaje, subirse a otra l\u00ednea pagando s\u00f3lo el 33 por ciento de la tarifa vigente, dentro de determinado lapso.<\/p>\n<p>\u00abSin embargo, el sistema no contempla que hay muchas familias cuyos miembros viajan juntos con una \u00fanica tarjeta sin contacto (TSC) y, al momento de hacer un trasbordo, s\u00f3lo se reconoce un pasaje\u00bb, advirti\u00f3 la concejala.<\/p>\n<p>En ese sentido, Gigliani agreg\u00f3: \u00abEn las recorridas que hacemos en los barrios es recurrente el reclamo de los vecinos sobre la necesidad de extender el sistema de trasbordo a la cantidad de pasajes que se marcan en un lapso breve\u00bb.<\/p>\n<p>\u00abLa idea es que se elimine el l\u00edmite que existe para un solo pasaje y que ampl\u00eden la cantidad de trasbordos que se pueden hacer con una sola tarjeta\u00bb, agreg\u00f3.<\/p>\n<h3>Herramientas y beneficios<\/h3>\n<p>El Ente de la Movilidad (EMR) lanz\u00f3 una campa\u00f1a para que los usuarios puedan conocer todas las herramientas y beneficios con las que cuenta el transporte de pasajeros (sistemas \u201cCu\u00e1ndo llego\u201d y \u201cC\u00f3mo llego\u201d y el sitio www.emr.com.ar, entre otras). Se busca resaltar la importancia que implica la planificaci\u00f3n del viaje, promover el uso del transporte urbano y resolver dudas e inquietudes sobre las diversas herramientas que el usuario tiene a su disposici\u00f3n.<\/p>\n<h6>Fuente: La Capital, Rosario<\/h6>\n","protected":false},"excerpt":{"rendered":"<p>Audiencia p\u00fablica. El Concejo Municipal rosarino recibir\u00e1 el jueves pr\u00f3ximo a ediles, distintas organizaciones barriales y de defensa del consumidor y vecinos. El Concejo Municipal ser\u00e1 epicentro el jueves pr\u00f3ximo de una asamblea p\u00fablica en la que se debatir\u00e1 el transporte urbano de pasajeros. Ediles, organizaciones barriales y de defensa del consumidor y vecinos de<\/p>\n","protected":false},"author":2,"featured_media":23864,"comment_status":"closed","ping_status":"closed","sticky":false,"template":"","format":"standard","meta":{"footnotes":""},"categories":[2],"tags":[10],"class_list":["post-23863","post","type-post","status-publish","format-standard","has-post-thumbnail","hentry","category-informe-municipal","tag-santa-fe"],"_links":{"self":[{"href":"http:\/\/argentinamunicipal.com.ar\/argentina\/wp-json\/wp\/v2\/posts\/23863","targetHints":{"allow":["GET"]}}],"collection":[{"href":"http:\/\/argentinamunicipal.com.ar\/argentina\/wp-json\/wp\/v2\/posts"}],"about":[{"href":"http:\/\/argentinamunicipal.com.ar\/argentina\/wp-json\/wp\/v2\/types\/post"}],"author":[{"embeddable":true,"href":"http:\/\/argentinamunicipal.com.ar\/argentina\/wp-json\/wp\/v2\/users\/2"}],"replies":[{"embeddable":true,"href":"http:\/\/argentinamunicipal.com.ar\/argentina\/wp-json\/wp\/v2\/comments?post=23863"}],"version-history":[{"count":0,"href":"http:\/\/argentinamunicipal.com.ar\/argentina\/wp-json\/wp\/v2\/posts\/23863\/revisions"}],"wp:featuredmedia":[{"embeddable":true,"href":"http:\/\/argentinamunicipal.com.ar\/argentina\/wp-json\/wp\/v2\/media\/23864"}],"wp:attachment":[{"href":"http:\/\/argentinamunicipal.com.ar\/argentina\/wp-json\/wp\/v2\/media?parent=23863"}],"wp:term":[{"taxonomy":"category","embeddable":true,"href":"http:\/\/argentinamunicipal.com.ar\/argentina\/wp-json\/wp\/v2\/categories?post=23863"},{"taxonomy":"post_tag","embeddable":true,"href":"http:\/\/argentinamunicipal.com.ar\/argentina\/wp-json\/wp\/v2\/tags?post=23863"}],"curies":[{"name":"wp","href":"https:\/\/api.w.org\/{rel}","templated":true}]}}