{"id":23869,"date":"2015-02-03T09:57:42","date_gmt":"2015-02-03T12:57:42","guid":{"rendered":"http:\/\/argentinamunicipal.com.ar\/argentina\/?p=23869"},"modified":"2015-02-03T09:57:42","modified_gmt":"2015-02-03T12:57:42","slug":"dilma-sufre-una-derrota-estrategica-en-el-congreso-que-la-debilita-futuro","status":"publish","type":"post","link":"http:\/\/argentinamunicipal.com.ar\/argentina\/dilma-sufre-una-derrota-estrategica-en-el-congreso-que-la-debilita-futuro\/","title":{"rendered":"Dilma sufre una derrota estrat\u00e9gica en el Congreso que la debilita a futuro"},"content":{"rendered":"<div id=\"attachment_23870\" style=\"width: 631px\" class=\"wp-caption aligncenter\"><a href=\"http:\/\/argentinamunicipal.com.ar\/argentina\/wp-content\/uploads\/2015\/02\/02-03-em2701-rt.jpg_88717827.jpg\"><img loading=\"lazy\" decoding=\"async\" aria-describedby=\"caption-attachment-23870\" class=\"size-full wp-image-23870\" src=\"http:\/\/argentinamunicipal.com.ar\/argentina\/wp-content\/uploads\/2015\/02\/02-03-em2701-rt.jpg_88717827.jpg\" alt=\"Euf\u00f3rico, Eduardo Cunha celebra con su bloque su elecci\u00f3n a titular de la C\u00e1mara. Es del PMDB.\" width=\"621\" height=\"465\" srcset=\"http:\/\/argentinamunicipal.com.ar\/argentina\/wp-content\/uploads\/2015\/02\/02-03-em2701-rt.jpg_88717827.jpg 621w, http:\/\/argentinamunicipal.com.ar\/argentina\/wp-content\/uploads\/2015\/02\/02-03-em2701-rt.jpg_88717827-300x225.jpg 300w\" sizes=\"auto, (max-width: 621px) 100vw, 621px\" \/><\/a><p id=\"caption-attachment-23870\" class=\"wp-caption-text\">Euf\u00f3rico, Eduardo Cunha celebra con su bloque su elecci\u00f3n a titular de la C\u00e1mara. Es del PMDB.<\/p><\/div>\n<p>La primera mandataria de Brasil no pudo imponer al presidente de la C\u00e1mara baja, el tercer cargo en importancia pol\u00edtica del pa\u00eds vecino. Fue para un \u00abaliado infiel\u00bb.<\/p>\n<p>Con \u00edndices econ\u00f3micos preocupantes y una \u00abbomba de tiempo\u00bb a punto de estallar _las denuncias de corrupci\u00f3n en la estatal Petrobras_, la presidenta brasile\u00f1a Dilma Rousseff sufri\u00f3 el domingo una derrota estrepitosa y de muy mal ag\u00fcero: la elecci\u00f3n del diputado Eduardo Cunha como presidente de la C\u00e1mara baja.<\/p>\n<p>La llegada de un \u00abaliado infiel\u00bb al tercer cargo m\u00e1s importante del pa\u00eds se configura como una espada de Damocles sobre la cabeza de la mandataria, una vez que depende del apoyo de ese Congreso liderado por un \u00abenemigo\u00bb para votar medidas antipopulares, como son los recortes de gastos y el aumento de impuestos imprescindibles para reacomodar las cuentas p\u00fablicas.<\/p>\n<p><strong>Grandes poderes<\/strong>. Tambi\u00e9n resulta nefasta para el gobierno la concentraci\u00f3n de los poderes inherentes al cargo de presidente de Diputados en las manos de un \u00aboficialista\u00bb que pese a militar en la mayor fuerza pol\u00edtica aliada del gobierno, el Partido del Movimiento Democr\u00e1tico Brasile\u00f1o (PMDB), act\u00faa como un opositor.<\/p>\n<p>En aras de su nuevo cargo, Cunha tiene la facultad de rechazar o aceptar pedidos de juicio pol\u00edtico contra la mandataria, algo no menor si se tiene en cuenta que no est\u00e1 descartado que Rousseff se vea salpicada directamente por las denuncias de corrupci\u00f3n en Petrobras, cuyo Consejo de Administraci\u00f3n presid\u00eda en la \u00e9poca de los desmanes.<\/p>\n<p>Tambi\u00e9n podr\u00e1 promover o rechazar la instalaci\u00f3n de comisiones parlamentarias de investigaci\u00f3n, algo que, a\u00fan contrariando al gobierno, ya dijo que har\u00e1, para que el Congreso investigue los fraudes en la petrolera estatal, en el cual \u00e9l mismo es apuntado como part\u00edcipe.<\/p>\n<p>La dimensi\u00f3n de los problemas que Cunha podr\u00e1 ocasionarle al gobierno desde su nuevo cargo puede inferirse de su actuaci\u00f3n en los \u00faltimos cuatro a\u00f1os, durante los cuales promovi\u00f3 varias \u00abrebeliones\u00bb entre los aliados para dificultar la aprobaci\u00f3n de propuestas presidenciales.<\/p>\n<p>Asimismo, fue un f\u00e9rreo defensor de que su partido deje de ser un \u00abvasallo\u00bb del gobierno y de que la C\u00e1mara Baja se \u00abindependice\u00bb del Palacio del Planalto (Presidencia).<\/p>\n<p><strong>Insumiso.<\/strong> \u00abNo ser\u00e9 sumiso al gobierno\u00bb, fue el eslogan de campa\u00f1a del pol\u00edtico evang\u00e9lico, quien no solo derrot\u00f3 al candidato del gobernante Partido de los Trabajadores (PT), Arlindo Chinaglia, sino que lo hizo con un margen de votaci\u00f3n que super\u00f3 las expectativas: 267 votos contra 136.<\/p>\n<p>Una vez triunfador, su discurso intent\u00f3 matizar el mote de opositor, pero ratific\u00f3 su reivindicaci\u00f3n de independencia pol\u00edtica respecto al gobierno central.<\/p>\n<p>\u00abBuscaremos enaltecer y realzar la independencia del Parlamento. Independencia que no quiere decir oposici\u00f3n, pero tampoco quiere decir sumisi\u00f3n. (&#8230;) No hay posibilidad de que yo ejerza una gesti\u00f3n de oposici\u00f3n, pero tampoco nadie me ver\u00e1 doblegarme o ser sumiso a cualquier cosa que no sea la voluntad de la mayor\u00eda de esta c\u00e1mara\u00bb, asever\u00f3.<\/p>\n<p>El pol\u00edtico de 56 a\u00f1os hizo notar su malestar por la \u00abinfanter\u00eda\u00bb de los ministros que el gobierno design\u00f3 y envi\u00f3 al Parlamento para evitar a toda costa su triunfo.<\/p>\n<p><strong>Ofertas y aprietes<\/strong>. Seg\u00fan coinciden medios de prensa, el s\u00e9quito de secretarios de Estado enviados por Rousseff al Parlamento ofrecieron cargos y recursos a legisladores aliados, y tambi\u00e9n amenazaron con represalias para lograr apoyo a favor de Chinaglia.<\/p>\n<p>Al respecto, Cunha dijo que el PT no tiene \u00abadversarios\u00bb, tiene \u00abenemigos\u00bb. \u00abTodos los que osan enfrentar al PT acaban volvi\u00e9ndose enemigos y v\u00edctimas de toda suerte de ataques. Nosotros fuimos v\u00edctimas\u00bb, afirm\u00f3.<\/p>\n<p>Precisamente, la enorme y ostensible movilizaci\u00f3n de representantes del Ejecutivo en favor de Chinaglia fue la que le dio dimensiones astron\u00f3micas a su derrota.<\/p>\n<p><strong>Humillante<\/strong>.\u00bbLa victoria de Eduardo Cunha en la primera vuelta es una de las mayores humillaciones que un presidente de la Rep\u00fablica haya sufrido al comienzo de su mandato. En la aurora de su segundo mandato, Dilma Rousseff entr\u00f3 en la disputa con el peso de cinco ministros de Estado; ofreci\u00f3 mundos, y sobre todo fondos, para elegir al petista Arlindo Chinaglia. Sin perjuicio de eso, prevaleci\u00f3 Eduardo Cunha, que es un enemigo de la presidenta de la Rep\u00fablica\u00bb, sintetiz\u00f3 el columnista del portal \u00abUOL\u00bb, Josias de Souza.<\/p>\n<p>Una \u00abhumillaci\u00f3n\u00bb que se perfila como la primera de una larga cadena de sinsabores que amenazan empa\u00f1ar un segundo mandato por dem\u00e1s complicado, durante el cual el Congreso puede convertirse en un nuevo frente de lucha.<\/p>\n<h6>Fuente: La Capital, Rosario<\/h6>\n","protected":false},"excerpt":{"rendered":"<p>La primera mandataria de Brasil no pudo imponer al presidente de la C\u00e1mara baja, el tercer cargo en importancia pol\u00edtica del pa\u00eds vecino. Fue para un \u00abaliado infiel\u00bb. Con \u00edndices econ\u00f3micos preocupantes y una \u00abbomba de tiempo\u00bb a punto de estallar _las denuncias de corrupci\u00f3n en la estatal Petrobras_, la presidenta brasile\u00f1a Dilma Rousseff sufri\u00f3<\/p>\n","protected":false},"author":2,"featured_media":23870,"comment_status":"closed","ping_status":"closed","sticky":false,"template":"","format":"standard","meta":{"footnotes":""},"categories":[22],"tags":[57],"class_list":["post-23869","post","type-post","status-publish","format-standard","has-post-thumbnail","hentry","category-el-mundo","tag-el-mundo"],"_links":{"self":[{"href":"http:\/\/argentinamunicipal.com.ar\/argentina\/wp-json\/wp\/v2\/posts\/23869","targetHints":{"allow":["GET"]}}],"collection":[{"href":"http:\/\/argentinamunicipal.com.ar\/argentina\/wp-json\/wp\/v2\/posts"}],"about":[{"href":"http:\/\/argentinamunicipal.com.ar\/argentina\/wp-json\/wp\/v2\/types\/post"}],"author":[{"embeddable":true,"href":"http:\/\/argentinamunicipal.com.ar\/argentina\/wp-json\/wp\/v2\/users\/2"}],"replies":[{"embeddable":true,"href":"http:\/\/argentinamunicipal.com.ar\/argentina\/wp-json\/wp\/v2\/comments?post=23869"}],"version-history":[{"count":0,"href":"http:\/\/argentinamunicipal.com.ar\/argentina\/wp-json\/wp\/v2\/posts\/23869\/revisions"}],"wp:featuredmedia":[{"embeddable":true,"href":"http:\/\/argentinamunicipal.com.ar\/argentina\/wp-json\/wp\/v2\/media\/23870"}],"wp:attachment":[{"href":"http:\/\/argentinamunicipal.com.ar\/argentina\/wp-json\/wp\/v2\/media?parent=23869"}],"wp:term":[{"taxonomy":"category","embeddable":true,"href":"http:\/\/argentinamunicipal.com.ar\/argentina\/wp-json\/wp\/v2\/categories?post=23869"},{"taxonomy":"post_tag","embeddable":true,"href":"http:\/\/argentinamunicipal.com.ar\/argentina\/wp-json\/wp\/v2\/tags?post=23869"}],"curies":[{"name":"wp","href":"https:\/\/api.w.org\/{rel}","templated":true}]}}