{"id":23872,"date":"2015-02-03T08:45:51","date_gmt":"2015-02-03T11:45:51","guid":{"rendered":"http:\/\/argentinamunicipal.com.ar\/argentina\/?p=23872"},"modified":"2015-02-03T10:00:21","modified_gmt":"2015-02-03T13:00:21","slug":"analizan-concretar-obras-viales-para-distintas-comunas-de-santa-fe","status":"publish","type":"post","link":"http:\/\/argentinamunicipal.com.ar\/argentina\/analizan-concretar-obras-viales-para-distintas-comunas-de-santa-fe\/","title":{"rendered":"Analizan concretar obras viales para distintas comunas de Santa Fe"},"content":{"rendered":"<p><a href=\"http:\/\/argentinamunicipal.com.ar\/argentina\/wp-content\/uploads\/2015\/02\/109817_provinciales.jpg\"><img loading=\"lazy\" decoding=\"async\" class=\"alignright size-full wp-image-23873\" src=\"http:\/\/argentinamunicipal.com.ar\/argentina\/wp-content\/uploads\/2015\/02\/109817_provinciales.jpg\" alt=\"109817_provinciales\" width=\"544\" height=\"293\" srcset=\"http:\/\/argentinamunicipal.com.ar\/argentina\/wp-content\/uploads\/2015\/02\/109817_provinciales.jpg 544w, http:\/\/argentinamunicipal.com.ar\/argentina\/wp-content\/uploads\/2015\/02\/109817_provinciales-300x162.jpg 300w\" sizes=\"auto, (max-width: 544px) 100vw, 544px\" \/><\/a>El administrador general de vialidad Omar Saab analiz\u00f3 proyectos y obras viales para distintas comunas de la provincia. Mantuvo encuentros con representantes de Humberto Primo, Nuevo Torino, Bernardo de Irigoyen, Casalegno, Traill y Saguier.<\/p>\n<p>El administrador de la Direcci\u00f3n Provincial de Vialidad (DPV), Omar Saab, recibi\u00f3 a presidentes comunales para analizar e intercambiar opiniones relacionadas con proyectos y obras vinculadas a cada distrito.<\/p>\n<p>El encuentro se desarroll\u00f3 en la sala \u00ab5 de Octubre\u00bb, en el marco de las reuniones que se vienen realizando peri\u00f3dicamente con diferentes municipios y comunas santafesinas, en la sede administrativa que el organismo posee en bulevar Mutis 880 de la ciudad de Santa Fe.<\/p>\n<p>En esta ocasi\u00f3n, participaron de la reuni\u00f3n los representantes de las comunas de Humberto Primo, Julio C\u00f3rdoba; de Nuevo Torino, Juan Carlos Imsteyf; de Bernardo de Irigoyen; Jorge Carcavilla; de Casalegno, Gustavo Bar\u00f3n; de Traill, Oscar Biolatto; y del Comit\u00e9 de Cuenca Saguier, Miguel Bertoni; con quienes se evalu\u00f3 las inquietudes y necesidades que atraviesa cada una de las localidades.<\/p>\n<p>En primera instancia, el administrador general de la DPV escuch\u00f3 las presentaciones de cada representante del organismo comunal que expuso en la mesa, para luego planificar en conjunto los trabajos para dar soluciones paliativas a los diversos problemas planteados.<\/p>\n<p>Durante la reuni\u00f3n, Omar Saab y su equipo de trabajo expusieron el plan de obras que Vialidad viene ejecutando en la provincia, e informaron sobre las tareas que se est\u00e1n desarrollando en la gesti\u00f3n.<\/p>\n<p>Finalizando el encuentro, el funcionario provincial manifest\u00f3 optimismo de cara al futuro y destac\u00f3 la importancia del di\u00e1logo para seguir proyectando obras en el territorio, como as\u00ed tambi\u00e9n su predisposici\u00f3n a un pr\u00f3ximo encuentro para cuando las comunas lo requieran.<\/p>\n<h6>Fuente: Sin Mordaza<\/h6>\n","protected":false},"excerpt":{"rendered":"<p>El administrador general de vialidad Omar Saab analiz\u00f3 proyectos y obras viales para distintas comunas de la provincia. Mantuvo encuentros con representantes de Humberto Primo, Nuevo Torino, Bernardo de Irigoyen, Casalegno, Traill y Saguier. El administrador de la Direcci\u00f3n Provincial de Vialidad (DPV), Omar Saab, recibi\u00f3 a presidentes comunales para analizar e intercambiar opiniones relacionadas<\/p>\n","protected":false},"author":2,"featured_media":23873,"comment_status":"closed","ping_status":"closed","sticky":false,"template":"","format":"standard","meta":{"footnotes":""},"categories":[2],"tags":[10],"class_list":["post-23872","post","type-post","status-publish","format-standard","has-post-thumbnail","hentry","category-informe-municipal","tag-santa-fe"],"_links":{"self":[{"href":"http:\/\/argentinamunicipal.com.ar\/argentina\/wp-json\/wp\/v2\/posts\/23872","targetHints":{"allow":["GET"]}}],"collection":[{"href":"http:\/\/argentinamunicipal.com.ar\/argentina\/wp-json\/wp\/v2\/posts"}],"about":[{"href":"http:\/\/argentinamunicipal.com.ar\/argentina\/wp-json\/wp\/v2\/types\/post"}],"author":[{"embeddable":true,"href":"http:\/\/argentinamunicipal.com.ar\/argentina\/wp-json\/wp\/v2\/users\/2"}],"replies":[{"embeddable":true,"href":"http:\/\/argentinamunicipal.com.ar\/argentina\/wp-json\/wp\/v2\/comments?post=23872"}],"version-history":[{"count":0,"href":"http:\/\/argentinamunicipal.com.ar\/argentina\/wp-json\/wp\/v2\/posts\/23872\/revisions"}],"wp:featuredmedia":[{"embeddable":true,"href":"http:\/\/argentinamunicipal.com.ar\/argentina\/wp-json\/wp\/v2\/media\/23873"}],"wp:attachment":[{"href":"http:\/\/argentinamunicipal.com.ar\/argentina\/wp-json\/wp\/v2\/media?parent=23872"}],"wp:term":[{"taxonomy":"category","embeddable":true,"href":"http:\/\/argentinamunicipal.com.ar\/argentina\/wp-json\/wp\/v2\/categories?post=23872"},{"taxonomy":"post_tag","embeddable":true,"href":"http:\/\/argentinamunicipal.com.ar\/argentina\/wp-json\/wp\/v2\/tags?post=23872"}],"curies":[{"name":"wp","href":"https:\/\/api.w.org\/{rel}","templated":true}]}}