{"id":23909,"date":"2015-02-04T10:22:44","date_gmt":"2015-02-04T13:22:44","guid":{"rendered":"http:\/\/argentinamunicipal.com.ar\/argentina\/?p=23909"},"modified":"2015-02-04T10:22:44","modified_gmt":"2015-02-04T13:22:44","slug":"los-municipales-de-colon-siguen-analizando-una-presentacion-legal-por-el-acuerdo-firmado-entre-la-comuna-y-otro-gremio","status":"publish","type":"post","link":"http:\/\/argentinamunicipal.com.ar\/argentina\/los-municipales-de-colon-siguen-analizando-una-presentacion-legal-por-el-acuerdo-firmado-entre-la-comuna-y-otro-gremio\/","title":{"rendered":"Los municipales de Col\u00f3n siguen analizando una presentaci\u00f3n legal por el acuerdo firmado entre la comuna y otro gremio"},"content":{"rendered":"<p><a href=\"http:\/\/argentinamunicipal.com.ar\/argentina\/wp-content\/uploads\/2015\/02\/apfdigital_246631_tapa_322015_92911.jpg\"><img loading=\"lazy\" decoding=\"async\" class=\"alignleft size-full wp-image-23910\" src=\"http:\/\/argentinamunicipal.com.ar\/argentina\/wp-content\/uploads\/2015\/02\/apfdigital_246631_tapa_322015_92911.jpg\" alt=\"apfdigital_246631_tapa_322015_92911\" width=\"300\" height=\"168\" \/><\/a>El secretario general de Sitram, Adolfo Camanduli, inform\u00f3 a APFDigital que los abogados buscar\u00e1n asesoramiento con colegas de Buenos Aires para realizar una presentaci\u00f3n contra el municipio \u2022 Desde el a\u00f1o pasado manifestaron su malestar por la decisi\u00f3n del Ejecutivo de Col\u00f3n de cerrar un acuerdo salarial con un gremio minoritario<\/p>\n<p>\u201cEs un tema bastante complejo as\u00ed que los abogados se van a asesorar con unos colegas de Buenos Aires\u201d, anticip\u00f3 Camandili.<\/p>\n<p>Mientras tanto, no han tenido ning\u00fan acercamiento desde la comuna respecto a posibles aumentos salariales. \u201cHasta marzo tenemos firmado, que es lo acordado unilateralmente con el otro gremio\u201d, record\u00f3 a esta Agencia.<\/p>\n<p>Los trabajadores de la Municipalidad de Col\u00f3n nucleados en el Sindicato de Trabajadores Municipales (Sitram) cuestionan la decisi\u00f3n del Ejecutivo de cerrar un acuerdo salarial con un gremio minoritario hace meses atr\u00e1s. Aducen que eso viola la Ley de Asociaciones Sindicales.<\/p>\n<p>Concretamente, acord\u00f3 con ATE, que tiene 80 afiliados, y dej\u00f3 afuera a la Sitram, que tiene 300 afiliados. Por este motivo, aducen que la comuna llev\u00f3 adelante una \u201cpr\u00e1ctica desleal\u201d, por entender que \u201cest\u00e1 faltando a la ley 23.551 de Asociaciones Sindicales, en su art\u00edculo 53 inciso F y D\u201d.<\/p>\n<p>Antes de terminar el 2014, hubo un acercamiento informal con la comuna, por lo cual los sindicalistas decidieron esperar. Sin embargo, \u201cqued\u00f3 todo trunco\u201d, dijo el gremialista.<\/p>\n<h6>Fuente: APF Digital<\/h6>\n","protected":false},"excerpt":{"rendered":"<p>El secretario general de Sitram, Adolfo Camanduli, inform\u00f3 a APFDigital que los abogados buscar\u00e1n asesoramiento con colegas de Buenos Aires para realizar una presentaci\u00f3n contra el municipio \u2022 Desde el a\u00f1o pasado manifestaron su malestar por la decisi\u00f3n del Ejecutivo de Col\u00f3n de cerrar un acuerdo salarial con un gremio minoritario \u201cEs un tema bastante<\/p>\n","protected":false},"author":2,"featured_media":23910,"comment_status":"closed","ping_status":"closed","sticky":false,"template":"","format":"standard","meta":{"footnotes":""},"categories":[7],"tags":[17],"class_list":["post-23909","post","type-post","status-publish","format-standard","has-post-thumbnail","hentry","category-informe-sindical","tag-entre-rios"],"_links":{"self":[{"href":"http:\/\/argentinamunicipal.com.ar\/argentina\/wp-json\/wp\/v2\/posts\/23909","targetHints":{"allow":["GET"]}}],"collection":[{"href":"http:\/\/argentinamunicipal.com.ar\/argentina\/wp-json\/wp\/v2\/posts"}],"about":[{"href":"http:\/\/argentinamunicipal.com.ar\/argentina\/wp-json\/wp\/v2\/types\/post"}],"author":[{"embeddable":true,"href":"http:\/\/argentinamunicipal.com.ar\/argentina\/wp-json\/wp\/v2\/users\/2"}],"replies":[{"embeddable":true,"href":"http:\/\/argentinamunicipal.com.ar\/argentina\/wp-json\/wp\/v2\/comments?post=23909"}],"version-history":[{"count":0,"href":"http:\/\/argentinamunicipal.com.ar\/argentina\/wp-json\/wp\/v2\/posts\/23909\/revisions"}],"wp:featuredmedia":[{"embeddable":true,"href":"http:\/\/argentinamunicipal.com.ar\/argentina\/wp-json\/wp\/v2\/media\/23910"}],"wp:attachment":[{"href":"http:\/\/argentinamunicipal.com.ar\/argentina\/wp-json\/wp\/v2\/media?parent=23909"}],"wp:term":[{"taxonomy":"category","embeddable":true,"href":"http:\/\/argentinamunicipal.com.ar\/argentina\/wp-json\/wp\/v2\/categories?post=23909"},{"taxonomy":"post_tag","embeddable":true,"href":"http:\/\/argentinamunicipal.com.ar\/argentina\/wp-json\/wp\/v2\/tags?post=23909"}],"curies":[{"name":"wp","href":"https:\/\/api.w.org\/{rel}","templated":true}]}}