{"id":23912,"date":"2015-02-04T10:26:50","date_gmt":"2015-02-04T13:26:50","guid":{"rendered":"http:\/\/argentinamunicipal.com.ar\/argentina\/?p=23912"},"modified":"2015-02-04T10:26:50","modified_gmt":"2015-02-04T13:26:50","slug":"el-turismo-dejo-en-villa-elisa-casi-200-millones-de-pesos-en-2014","status":"publish","type":"post","link":"http:\/\/argentinamunicipal.com.ar\/argentina\/el-turismo-dejo-en-villa-elisa-casi-200-millones-de-pesos-en-2014\/","title":{"rendered":"El turismo dej\u00f3 en Villa Elisa casi 200 millones de pesos en 2014"},"content":{"rendered":"<p><a href=\"http:\/\/argentinamunicipal.com.ar\/argentina\/wp-content\/uploads\/2015\/02\/termas_villa_elisa_6.jpg\"><img loading=\"lazy\" decoding=\"async\" class=\"aligncenter  wp-image-23913\" src=\"http:\/\/argentinamunicipal.com.ar\/argentina\/wp-content\/uploads\/2015\/02\/termas_villa_elisa_6.jpg\" alt=\"Termas de Villa Elisa\" width=\"625\" height=\"469\" srcset=\"http:\/\/argentinamunicipal.com.ar\/argentina\/wp-content\/uploads\/2015\/02\/termas_villa_elisa_6.jpg 700w, http:\/\/argentinamunicipal.com.ar\/argentina\/wp-content\/uploads\/2015\/02\/termas_villa_elisa_6-300x225.jpg 300w\" sizes=\"auto, (max-width: 625px) 100vw, 625px\" \/><\/a><br \/>\nLas estad\u00edsticas de los \u00faltimos a\u00f1os muestran el aumento en la llegada de turistas y su permanencia en la ciudad. El a\u00f1o pasado la ciudad Jard\u00edn recibi\u00f3 a 153.000 personas que generaron un importante movimiento econ\u00f3mico.<\/p>\n<p>Villa Elisa junto a la Microregi\u00f3n \u201cTierra de Palmares\u201d contin\u00faa consolid\u00e1ndose como el destino elegido por miles de turistas de todo el pa\u00eds y pa\u00edses lim\u00edtrofes.<\/p>\n<p>En 2014, Villa Elisa recibi\u00f3 a 153 mil personas, que dejaron un total de 198,5 millones de pesos generando una gran din\u00e1mica para la econom\u00eda de la ciudad. En los \u00faltimos cinco a\u00f1os, la cantidad de visitantes que estuvo en la \u201cciudad jard\u00edn\u201d aument\u00f3 en 17.000 personas.<\/p>\n<p>En las estad\u00edsticas que se llevan adelante desde la Direcci\u00f3n Municipal de Turismo, en los \u00faltimos a\u00f1os se nota el aumento en la permanencia de los turistas en nuestra ciudad. Durante el a\u00f1o que finaliz\u00f3 la estad\u00eda promedio fue de 3,04 noches mientras que hasta 2012 hab\u00eda oscilado como m\u00e1ximo en 2,8 noches. Este dato muestra la respuesta ante el incremento en la oferta de atractivos tur\u00edsticos sumado al complejo termal, que se han ido fortaleciendo en los \u00faltimos a\u00f1os vinculados al turismo rural, los paseos en tren, la gastronom\u00eda de la regi\u00f3n, los sitios de inter\u00e9s hist\u00f3rico y religioso y las alternativas para el verano, como son el Balneario Municipal y la Pileta.<\/p>\n<p>En tanto, en lo que hace a la procedencia de los turistas se destaca el notable incremento en los turistas que provienen del extranjero, en especial de la Rep\u00fablica Oriental del Uruguay, que en 2009 representaban un 1% del total de turistas y en el \u00faltimo a\u00f1o representaron el 9,3%.<\/p>\n<p>El turismo es una de las principales actividades econ\u00f3micas de la ciudad y la regi\u00f3n, representando una fuente de ingresos y de generaci\u00f3n de mano de obra a lo largo de todo el a\u00f1o.<\/p>\n<h6>Fuente: El Once<\/h6>\n","protected":false},"excerpt":{"rendered":"<p>Las estad\u00edsticas de los \u00faltimos a\u00f1os muestran el aumento en la llegada de turistas y su permanencia en la ciudad. El a\u00f1o pasado la ciudad Jard\u00edn recibi\u00f3 a 153.000 personas que generaron un importante movimiento econ\u00f3mico. Villa Elisa junto a la Microregi\u00f3n \u201cTierra de Palmares\u201d contin\u00faa consolid\u00e1ndose como el destino elegido por miles de turistas<\/p>\n","protected":false},"author":2,"featured_media":23913,"comment_status":"closed","ping_status":"closed","sticky":false,"template":"","format":"standard","meta":{"footnotes":""},"categories":[5],"tags":[17],"class_list":["post-23912","post","type-post","status-publish","format-standard","has-post-thumbnail","hentry","category-informe-economico","tag-entre-rios"],"_links":{"self":[{"href":"http:\/\/argentinamunicipal.com.ar\/argentina\/wp-json\/wp\/v2\/posts\/23912","targetHints":{"allow":["GET"]}}],"collection":[{"href":"http:\/\/argentinamunicipal.com.ar\/argentina\/wp-json\/wp\/v2\/posts"}],"about":[{"href":"http:\/\/argentinamunicipal.com.ar\/argentina\/wp-json\/wp\/v2\/types\/post"}],"author":[{"embeddable":true,"href":"http:\/\/argentinamunicipal.com.ar\/argentina\/wp-json\/wp\/v2\/users\/2"}],"replies":[{"embeddable":true,"href":"http:\/\/argentinamunicipal.com.ar\/argentina\/wp-json\/wp\/v2\/comments?post=23912"}],"version-history":[{"count":0,"href":"http:\/\/argentinamunicipal.com.ar\/argentina\/wp-json\/wp\/v2\/posts\/23912\/revisions"}],"wp:featuredmedia":[{"embeddable":true,"href":"http:\/\/argentinamunicipal.com.ar\/argentina\/wp-json\/wp\/v2\/media\/23913"}],"wp:attachment":[{"href":"http:\/\/argentinamunicipal.com.ar\/argentina\/wp-json\/wp\/v2\/media?parent=23912"}],"wp:term":[{"taxonomy":"category","embeddable":true,"href":"http:\/\/argentinamunicipal.com.ar\/argentina\/wp-json\/wp\/v2\/categories?post=23912"},{"taxonomy":"post_tag","embeddable":true,"href":"http:\/\/argentinamunicipal.com.ar\/argentina\/wp-json\/wp\/v2\/tags?post=23912"}],"curies":[{"name":"wp","href":"https:\/\/api.w.org\/{rel}","templated":true}]}}