{"id":23962,"date":"2015-02-04T11:40:14","date_gmt":"2015-02-04T14:40:14","guid":{"rendered":"http:\/\/argentinamunicipal.com.ar\/argentina\/?p=23962"},"modified":"2015-02-04T12:02:27","modified_gmt":"2015-02-04T15:02:27","slug":"se-cerca-el-inicio-de-las-obras-para-levantar-el-centro-de-convenciones-de-parana","status":"publish","type":"post","link":"http:\/\/argentinamunicipal.com.ar\/argentina\/se-cerca-el-inicio-de-las-obras-para-levantar-el-centro-de-convenciones-de-parana\/","title":{"rendered":"Se\u00a0acerca el inicio de las obras para levantar el Centro de Convenciones de Paran\u00e1"},"content":{"rendered":"<div id=\"attachment_23963\" style=\"width: 650px\" class=\"wp-caption aligncenter\"><a href=\"http:\/\/argentinamunicipal.com.ar\/argentina\/wp-content\/uploads\/2015\/02\/o_1423031055.jpg\"><img loading=\"lazy\" decoding=\"async\" aria-describedby=\"caption-attachment-23963\" class=\"size-full wp-image-23963\" src=\"http:\/\/argentinamunicipal.com.ar\/argentina\/wp-content\/uploads\/2015\/02\/o_1423031055.jpg\" alt=\"El lugar tendr\u00e1 una capacidad para alojar a 2.500 personas y ser\u00e1 levantada por una UTE local.\" width=\"640\" height=\"360\" srcset=\"http:\/\/argentinamunicipal.com.ar\/argentina\/wp-content\/uploads\/2015\/02\/o_1423031055.jpg 640w, http:\/\/argentinamunicipal.com.ar\/argentina\/wp-content\/uploads\/2015\/02\/o_1423031055-300x169.jpg 300w\" sizes=\"auto, (max-width: 640px) 100vw, 640px\" \/><\/a><p id=\"caption-attachment-23963\" class=\"wp-caption-text\">El lugar tendr\u00e1 una capacidad para alojar a 2.500 personas y ser\u00e1 levantada por una UTE local.<\/p><\/div>\n<p>Alta expectativa genera en el sector privado la construcci\u00f3n del establecimiento \u201cque modificar\u00e1 la econom\u00eda de la ciudad\u201d. Una inversi\u00f3n estatal de m\u00e1s de 90 millones de pesos que \u201char\u00e1 necesaria una fuerte inversi\u00f3n privada para lo que se viene\u201d.<\/p>\n<p>El dato reson\u00f3 con la fuerza de una bella melod\u00eda en los o\u00eddos del presidente de la Asociaci\u00f3n de Empresarios Hoteleros Gastron\u00f3micos de Paran\u00e1. Roberto Charras habr\u00eda recibido a comienzos de esta semana el llamado del presidente del Instituto del Seguro de Entre R\u00edos, Jorge Menc\u00eda, quien le comunic\u00f3 que \u201cen breve comienza la obra civil del Centro de Convenciones, Congresos y Exposiciones de Paran\u00e1\u201d, el sue\u00f1o del sector privado para mejorar la performance tur\u00edstica de la ciudad.<\/p>\n<p>Seg\u00fan fuentes confiables, ser\u00eda antes de finalizar el mes de febrero en que el \u201csue\u00f1o de muchos que quieren que esta obra que contar\u00e1 con capacidad para 2.500 personas se materialice porque est\u00e1 llamada a reconvertir la econom\u00eda de la ciudad y su sola presencia generar\u00e1 un derrame de servicios que generar\u00e1 empleo y mejorar\u00e1 los ingresos a la ciudad\u201d, seg\u00fan confirm\u00f3 a EL DIARIO un empresario consultado sobre la veracidad de la versi\u00f3n. El organismo asegurador ser\u00e1 quien realice la inversi\u00f3n principal \u2013que superar\u00e1 los 90 millones de pesos-y a quien se le ha cedido desde la Comuna, con la anuencia del HCD, el inmueble ubicado en los fondos de la Vieja Usina y que limita con la barranca de calle San Mart\u00edn.<\/p>\n<p>Seg\u00fan consignan quienes siguen el tema de cerca, ya se realizaron trabajos previos en el lugar en cuanto a la disposici\u00f3n de l\u00edmites y mensura, como as\u00ed tambi\u00e9n los movimientos de tierra, para pasar ahora a la disposici\u00f3n final de lo que ser\u00e1 la arquitectura del sal\u00f3n que tendr\u00e1 capacidad para 2.500 personas. \u201cA esto hay que sumarle la puesta en valor de la Vieja Usina con motivo de la Cumbre del Mercosur que tiene aire acondicionado y se mejoraron notablemente las instalaciones\u201d, dijo el empresario consultado quien describi\u00f3 las ventajas que tendr\u00e1 Paran\u00e1 no s\u00f3lo desde lo edilicio sino tambi\u00e9n desde lo paisaj\u00edstico. El 26 de mayo pasado se abrieron los sobres de la licitaci\u00f3n y para su realizaci\u00f3n se present\u00f3 una UTE conformada por las empresas constructoras locales Cemyc SRL y Caballi SA y Szczech y Szczech.<\/p>\n<p><strong>OBRA<\/strong>. Va a ser una obra de relevancia que seguramente impactar\u00e1 en todo el mercado. Para los hoteleros, \u201ces indudable que traer\u00e1 inversiones en hoteler\u00eda y gastronom\u00eda porque estamos hablando de 2.500 personas y hoy la ciudad no est\u00e1 preparada para brindar un servicio a tanta gente, por lo que habr\u00e1 que ponerse a la altura. Pero tambi\u00e9n ser\u00e1 necesaria la inversi\u00f3n en plazas hoteleras, quiz\u00e1 de cinco y cuatro estrellas, que es el target del turismo de congresos y convenciones, porque la ciudad hoy posee s\u00f3lo 1.800 plazas, a las que hay que sumar unas 1.500 m\u00e1s de hoteler\u00eda sindical, del Ej\u00e9rcito, Polic\u00eda y dem\u00e1s, pero eso no alcanza para una ciudad que quiere tener convenciones. Yo estoy al tanto que ya se habla de futuras inversiones en hoteler\u00eda en la ciudad\u201d, confi\u00f3 la fuente.<\/p>\n<p>En este sentido, la expectativa es superior en el sector privado a lo que puede advertirse desde la sociedad civil sobre la obra. A tal punto que consideran como muy importante el viaje realizado por funcionarios de la Comuna a Barcelona junto a Alfredo Brennan \u2013secretario de Turismo de la provincia- al encuentro sobre ciudades destinos, como as\u00ed tambi\u00e9n la presentaci\u00f3n que se hizo en la ciudad ante el bur\u00f3 de entidades que organizaci\u00f3n la asociaci\u00f3n que los nuclea en la ciudad para ser presentada e incorporada en la oferta nacional. \u201cEl Centro de Convenciones va a modificar la econom\u00eda de la ciudad, va a derramar en servicios y ser\u00e1 necesario pensar nuevas inversiones desde el sector privado. Debemos prepararnos para la llegada de m\u00e1s de 2.500 personas a encuentros deportivos, culturales, profesionales, religiosos, pol\u00edticos, etc., donde cada uno tiene su particularidad y a los que tenemos que ofrecerles productos de acuerdo a sus necesidades\u201d, confi\u00f3 la fuente.<\/p>\n<h3>Relevamiento<\/h3>\n<p>Un relevamiento realizado durante el mes de enero por la Asociaci\u00f3n de Empresarios Hoteleros Gastron\u00f3micos de Paran\u00e1, y cuyos resultados conocieron ayer al mediod\u00eda, arroj\u00f3 que durante enero hubo un 50 % de capacidad hotelera ocupado en los hoteles socios de la entidad. \u201cEn realidad este es el promedio, y si bien pudo haber fin de semanas con alta ocupaci\u00f3n, el promedio se ubica en este enero muy cercano a los que es el promedio durante todo el a\u00f1o. Nosotros medimos la actividad mensual tanto en hoteler\u00eda como en gastronom\u00eda, y quiz\u00e1 un s\u00e1bado los restaurantes se pueden ver llenos, pero eso no ocurre los otros d\u00edas, por lo que el promedio termina siendo m\u00e1s bajo\u201d, aseguraron desde la entidad. En el mismo sentido aseguraron que se vio un movimiento similar al enero del a\u00f1o pasado, a pesar que Paran\u00e1 cuenta con playas y en la Costa del Uruguay tuvo problemas con el r\u00edo, y esto favoreci\u00f3 tanto a la capital provincial como a Victoria. Sin embargo, los n\u00fameros no var\u00edan demasiado y est\u00e1n dentro de lo esperado. \u201cPor ejemplo: Iguaz\u00fa tuvo un promedio de 75 % en todas las categor\u00edas, desde hoteles cinco estrellas a bungalows; pero el impacto sobre la econom\u00eda de la ciudad es muy alto. Lo mismo sucede en Col\u00f3n donde hay 6 mil plazas. No es lo mismo un 50 % all\u00ed que un 50 % en Paran\u00e1, que tenemos alrededor de 1.800 plazas. En cuanto a la gastronom\u00eda vemos un poquito menos que el a\u00f1o pasado, ya que hay muchos paranaenses de vacaciones que se va a otros lugares. Paran\u00e1 sigue teniendo dos noches promedio de pernocte, y debemos trabajar mucho para incrementar esto\u201d, aseguraron desde la entidad empresaria.<\/p>\n<h6>Fuente: El Diario de Entre R\u00edos<\/h6>\n","protected":false},"excerpt":{"rendered":"<p>Alta expectativa genera en el sector privado la construcci\u00f3n del establecimiento \u201cque modificar\u00e1 la econom\u00eda de la ciudad\u201d. Una inversi\u00f3n estatal de m\u00e1s de 90 millones de pesos que \u201char\u00e1 necesaria una fuerte inversi\u00f3n privada para lo que se viene\u201d. El dato reson\u00f3 con la fuerza de una bella melod\u00eda en los o\u00eddos del presidente<\/p>\n","protected":false},"author":2,"featured_media":23963,"comment_status":"closed","ping_status":"closed","sticky":false,"template":"","format":"standard","meta":{"footnotes":""},"categories":[2],"tags":[17],"class_list":["post-23962","post","type-post","status-publish","format-standard","has-post-thumbnail","hentry","category-informe-municipal","tag-entre-rios"],"_links":{"self":[{"href":"http:\/\/argentinamunicipal.com.ar\/argentina\/wp-json\/wp\/v2\/posts\/23962","targetHints":{"allow":["GET"]}}],"collection":[{"href":"http:\/\/argentinamunicipal.com.ar\/argentina\/wp-json\/wp\/v2\/posts"}],"about":[{"href":"http:\/\/argentinamunicipal.com.ar\/argentina\/wp-json\/wp\/v2\/types\/post"}],"author":[{"embeddable":true,"href":"http:\/\/argentinamunicipal.com.ar\/argentina\/wp-json\/wp\/v2\/users\/2"}],"replies":[{"embeddable":true,"href":"http:\/\/argentinamunicipal.com.ar\/argentina\/wp-json\/wp\/v2\/comments?post=23962"}],"version-history":[{"count":0,"href":"http:\/\/argentinamunicipal.com.ar\/argentina\/wp-json\/wp\/v2\/posts\/23962\/revisions"}],"wp:featuredmedia":[{"embeddable":true,"href":"http:\/\/argentinamunicipal.com.ar\/argentina\/wp-json\/wp\/v2\/media\/23963"}],"wp:attachment":[{"href":"http:\/\/argentinamunicipal.com.ar\/argentina\/wp-json\/wp\/v2\/media?parent=23962"}],"wp:term":[{"taxonomy":"category","embeddable":true,"href":"http:\/\/argentinamunicipal.com.ar\/argentina\/wp-json\/wp\/v2\/categories?post=23962"},{"taxonomy":"post_tag","embeddable":true,"href":"http:\/\/argentinamunicipal.com.ar\/argentina\/wp-json\/wp\/v2\/tags?post=23962"}],"curies":[{"name":"wp","href":"https:\/\/api.w.org\/{rel}","templated":true}]}}