{"id":24039,"date":"2015-02-05T09:47:48","date_gmt":"2015-02-05T12:47:48","guid":{"rendered":"http:\/\/argentinamunicipal.com.ar\/argentina\/?p=24039"},"modified":"2015-02-05T09:47:48","modified_gmt":"2015-02-05T12:47:48","slug":"el-partido-de-los-indignados-ya-es-la-segunda-fuerza-en-espana","status":"publish","type":"post","link":"http:\/\/argentinamunicipal.com.ar\/argentina\/el-partido-de-los-indignados-ya-es-la-segunda-fuerza-en-espana\/","title":{"rendered":"El partido de los \u201cIndignados\u201d ya es la segunda fuerza en Espa\u00f1a"},"content":{"rendered":"<div id=\"attachment_24040\" style=\"width: 616px\" class=\"wp-caption aligncenter\"><a href=\"http:\/\/argentinamunicipal.com.ar\/argentina\/wp-content\/uploads\/2015\/02\/image54d2c66d5812d2.40988554.jpg\"><img loading=\"lazy\" decoding=\"async\" aria-describedby=\"caption-attachment-24040\" class=\" wp-image-24040\" src=\"http:\/\/argentinamunicipal.com.ar\/argentina\/wp-content\/uploads\/2015\/02\/image54d2c66d5812d2.40988554.jpg\" alt=\"El 31 de enero pasado, Podemos reuni\u00f3 una multitud en la plaza Mayor de Madrid. \" width=\"606\" height=\"396\" srcset=\"http:\/\/argentinamunicipal.com.ar\/argentina\/wp-content\/uploads\/2015\/02\/image54d2c66d5812d2.40988554.jpg 1228w, http:\/\/argentinamunicipal.com.ar\/argentina\/wp-content\/uploads\/2015\/02\/image54d2c66d5812d2.40988554-300x196.jpg 300w, http:\/\/argentinamunicipal.com.ar\/argentina\/wp-content\/uploads\/2015\/02\/image54d2c66d5812d2.40988554-1024x670.jpg 1024w\" sizes=\"auto, (max-width: 606px) 100vw, 606px\" \/><\/a><p id=\"caption-attachment-24040\" class=\"wp-caption-text\">El 31 de enero pasado, Podemos reuni\u00f3 una multitud en la plaza Mayor de Madrid.<\/p><\/div>\n<p>A un a\u00f1o de su creaci\u00f3n, ya tiene 23,9% de intenci\u00f3n de voto, desbancando al socialismo (22,2%) y quedando a 4,5% del gobernante PP.<\/p>\n<p>El partido antiliberal espa\u00f1ol Podemos se convierte en segunda fuerza por intenci\u00f3n de voto en Espa\u00f1a, desbancando a los socialistas y acerc\u00e1ndose al gobernante Partido Popular (conservador), seg\u00fan un sondeo de un instituto p\u00fablico difundido ayer en Madrid.<\/p>\n<p>Seg\u00fan la encuesta del Centro de Investigaciones Sociol\u00f3gicas (CIS), dependiente del gobierno espa\u00f1ol, el Partido Popular de Mariano Rajoy, en el poder desde finales de 2011, conservar\u00eda la primera posici\u00f3n con un 27,3% de los votos si los comicios se celebraran inmediatamente.<\/p>\n<p>Podemos, creado hace s\u00f3lo un a\u00f1o, confirmar\u00eda su mete\u00f3rica ascensi\u00f3n con un 23,9% de los sufragios, desbancando a la otra gran formaci\u00f3n del pa\u00eds, el Partido Socialista Obrero Espa\u00f1ol (PSOE), que conseguir\u00eda un 22,2% de los votos seg\u00fan esta encuesta realizada entre el 2 y el 12 de enero.<\/p>\n<p>Este sondeo llega a principios de un a\u00f1o crucial en el pa\u00eds, con elecciones regionales y municipales en mayo y legislativas previstas para noviembre. Adem\u00e1s, Andaluc\u00eda y Catalu\u00f1a, las dos regiones m\u00e1s pobladas, celebrar\u00e1n comicios en marzo y setiembre.<\/p>\n<p>En la \u00faltima encuesta del CIS publicada en octubre, Podemos aparec\u00eda en tercera posici\u00f3n con un 22,5%, lo que demuestra su progresi\u00f3n en detrimento del PSOE (entonces segundo con un 23,9%) mientras que el PP se mantiene (27,5%).<\/p>\n<p>Los resultados del sondeo realizado a 2.481 personas se ponderan teniendo en cuenta la abstenci\u00f3n. Sin esta ponderaci\u00f3n, Podemos aparec\u00eda en cabeza con un 19,3%, por delante del PP (12,9%) y el PSOE (12,4%).<\/p>\n<p>Las encuestas se realizaron antes de las elecciones legislativas griegas del 25 de enero que encumbraron a Syriza, un partido pr\u00f3ximo a Podemos.<\/p>\n<p>Esta formaci\u00f3n liderada por un profesor universitario, Pablo Iglesias, surgi\u00f3 del movimiento de los \u201cIndignados\u201d nacido en 2011 en Espa\u00f1a denunciando la corrupci\u00f3n, el poder financiero y la austeridad.<\/p>\n<p>Con s\u00f3lo unos meses de existencia, el partido sorprendi\u00f3 en las elecciones europeas de mayo con 1,2 millones de votos y no deja de crecer en los sondeos, superando en ocasiones al PP.<\/p>\n<p>Los principales temas de su discurso, la desigualdad y la corrupci\u00f3n, tambi\u00e9n son las principales preocupaciones de los espa\u00f1oles seg\u00fan el CIS.<\/p>\n<p>A pesar del crecimiento del 1,4% del PBI en 2014, muchos encuestados definieron la situaci\u00f3n econ\u00f3mica como \u201cmuy mala\u201d (36,4%) o \u201cmala\u201d (40,1%).<\/p>\n<p>Para un 79,4%, su principal inquietud era el desempleo, que todav\u00eda afecta a un 23% de la poblaci\u00f3n activa.<\/p>\n<h6>Fuente: Los Andes<\/h6>\n","protected":false},"excerpt":{"rendered":"<p>A un a\u00f1o de su creaci\u00f3n, ya tiene 23,9% de intenci\u00f3n de voto, desbancando al socialismo (22,2%) y quedando a 4,5% del gobernante PP. El partido antiliberal espa\u00f1ol Podemos se convierte en segunda fuerza por intenci\u00f3n de voto en Espa\u00f1a, desbancando a los socialistas y acerc\u00e1ndose al gobernante Partido Popular (conservador), seg\u00fan un sondeo de<\/p>\n","protected":false},"author":2,"featured_media":24040,"comment_status":"closed","ping_status":"closed","sticky":false,"template":"","format":"standard","meta":{"footnotes":""},"categories":[22],"tags":[57],"class_list":["post-24039","post","type-post","status-publish","format-standard","has-post-thumbnail","hentry","category-el-mundo","tag-el-mundo"],"_links":{"self":[{"href":"http:\/\/argentinamunicipal.com.ar\/argentina\/wp-json\/wp\/v2\/posts\/24039","targetHints":{"allow":["GET"]}}],"collection":[{"href":"http:\/\/argentinamunicipal.com.ar\/argentina\/wp-json\/wp\/v2\/posts"}],"about":[{"href":"http:\/\/argentinamunicipal.com.ar\/argentina\/wp-json\/wp\/v2\/types\/post"}],"author":[{"embeddable":true,"href":"http:\/\/argentinamunicipal.com.ar\/argentina\/wp-json\/wp\/v2\/users\/2"}],"replies":[{"embeddable":true,"href":"http:\/\/argentinamunicipal.com.ar\/argentina\/wp-json\/wp\/v2\/comments?post=24039"}],"version-history":[{"count":0,"href":"http:\/\/argentinamunicipal.com.ar\/argentina\/wp-json\/wp\/v2\/posts\/24039\/revisions"}],"wp:featuredmedia":[{"embeddable":true,"href":"http:\/\/argentinamunicipal.com.ar\/argentina\/wp-json\/wp\/v2\/media\/24040"}],"wp:attachment":[{"href":"http:\/\/argentinamunicipal.com.ar\/argentina\/wp-json\/wp\/v2\/media?parent=24039"}],"wp:term":[{"taxonomy":"category","embeddable":true,"href":"http:\/\/argentinamunicipal.com.ar\/argentina\/wp-json\/wp\/v2\/categories?post=24039"},{"taxonomy":"post_tag","embeddable":true,"href":"http:\/\/argentinamunicipal.com.ar\/argentina\/wp-json\/wp\/v2\/tags?post=24039"}],"curies":[{"name":"wp","href":"https:\/\/api.w.org\/{rel}","templated":true}]}}