{"id":24123,"date":"2015-02-06T10:24:19","date_gmt":"2015-02-06T13:24:19","guid":{"rendered":"http:\/\/argentinamunicipal.com.ar\/argentina\/?p=24123"},"modified":"2015-02-06T10:24:19","modified_gmt":"2015-02-06T13:24:19","slug":"fuerte-temporal-en-concepcion-del-uruguay","status":"publish","type":"post","link":"http:\/\/argentinamunicipal.com.ar\/argentina\/fuerte-temporal-en-concepcion-del-uruguay\/","title":{"rendered":"Fuerte temporal en Concepci\u00f3n del Uruguay."},"content":{"rendered":"<p><a href=\"http:\/\/argentinamunicipal.com.ar\/argentina\/wp-content\/uploads\/2015\/02\/197822_10200144737806357_322209016_n.jpg\"><img loading=\"lazy\" decoding=\"async\" class=\"aligncenter  wp-image-24124\" src=\"http:\/\/argentinamunicipal.com.ar\/argentina\/wp-content\/uploads\/2015\/02\/197822_10200144737806357_322209016_n.jpg\" alt=\"197822_10200144737806357_322209016_n\" width=\"572\" height=\"429\" srcset=\"http:\/\/argentinamunicipal.com.ar\/argentina\/wp-content\/uploads\/2015\/02\/197822_10200144737806357_322209016_n.jpg 960w, http:\/\/argentinamunicipal.com.ar\/argentina\/wp-content\/uploads\/2015\/02\/197822_10200144737806357_322209016_n-300x225.jpg 300w\" sizes=\"auto, (max-width: 572px) 100vw, 572px\" \/><\/a><br \/>\nAdem\u00e1s, hay cientos de familias que resultaron damnificadas por una tormenta que vol\u00f3 techos y derrib\u00f3 \u00e1rboles, alrededor de las 19.30, en la ciudad entrerriana de Concepci\u00f3n del Uruguay.<\/p>\n<p>Por lo menos un tercio de la zona afectada se encuentra sin suministro el\u00e9ctrico por la ca\u00edda de \u00e1rboles que arrastraron el cableado y toda la ciudad qued\u00f3 moment\u00e1neamente sin agua corriente debido a que la planta potabilizadora se vio afectada por el corte de energ\u00eda.<\/p>\n<p>El jefe departamental de la polic\u00eda entrerriana, Marcos Antoni\u00fa, inform\u00f3 a T\u00e9lam que \u00abesta tarde una tormenta que fuertes r\u00e1fagas de vientos y granizo ingres\u00f3 a la ciudad desde el sur provocando voladuras de techos, cortes de luz y ca\u00eddas de \u00e1rboles, los da\u00f1os fueron m\u00e1s grandes en el norte del casco urbano, d\u00f3nde est\u00e1n los asentamientos m\u00e1s precarios y se volaron muchos techos\u00bb.<\/p>\n<p>\u00abLa tormenta fue breve por lo que no hay registro de evacuados, pero si muchos da\u00f1os materiales, varios cortes de electricidad y por ahora estamos sin agua potable porque la planta se qued\u00f3 sin suministro de energ\u00eda para bombear\u00bb, agreg\u00f3.<\/p>\n<p>El presidente de la asociaci\u00f3n de Bomberos Voluntarios de la ciudad entrerriana, Pedro Pablo Bisoni, confirm\u00f3 a T\u00e9lam que \u00abuna fuerte tormenta, con vientos potentes como los de un tornado y abundante ca\u00edda de lluvia afect\u00f3 toda la ciudad de Concepci\u00f3n del Uruguay esta tarde y debimos realizar m\u00e1s de treinta intervenciones de emergencia en distintos puntos del casco urbano\u00bb.<\/p>\n<p>Bisoni detall\u00f3 que \u00abEn una de las casas en las que se volaron los techos una viga de hierro cay\u00f3 sobre el brazo de una mujer que debi\u00f3 ser hospitalizada, adem\u00e1s la gran cantidad de agua caus\u00f3 algunas inundaciones y la ca\u00edda de \u00e1rboles cort\u00f3 varios cables del tendido el\u00e9ctrico\u00bb.<\/p>\n<p>\u00abLa tormenta comenz\u00f3 cerca de las 19.30 y dur\u00f3 alrededor de 40 minutos, por su intensidad se volaron varios techos, estallaron vidrios y varios autos fueron aplastados por \u00e1rboles, pero no tenemos registro de evacuados y el clima ya mejor\u00f3\u00bb, a\u00f1adi\u00f3 el bombero.<\/p>\n<h6>Fuente: T\u00e9lam<\/h6>\n","protected":false},"excerpt":{"rendered":"<p>Adem\u00e1s, hay cientos de familias que resultaron damnificadas por una tormenta que vol\u00f3 techos y derrib\u00f3 \u00e1rboles, alrededor de las 19.30, en la ciudad entrerriana de Concepci\u00f3n del Uruguay. Por lo menos un tercio de la zona afectada se encuentra sin suministro el\u00e9ctrico por la ca\u00edda de \u00e1rboles que arrastraron el cableado y toda la<\/p>\n","protected":false},"author":2,"featured_media":24124,"comment_status":"closed","ping_status":"closed","sticky":false,"template":"","format":"standard","meta":{"footnotes":""},"categories":[48],"tags":[17],"class_list":["post-24123","post","type-post","status-publish","format-standard","has-post-thumbnail","hentry","category-contingencias","tag-entre-rios"],"_links":{"self":[{"href":"http:\/\/argentinamunicipal.com.ar\/argentina\/wp-json\/wp\/v2\/posts\/24123","targetHints":{"allow":["GET"]}}],"collection":[{"href":"http:\/\/argentinamunicipal.com.ar\/argentina\/wp-json\/wp\/v2\/posts"}],"about":[{"href":"http:\/\/argentinamunicipal.com.ar\/argentina\/wp-json\/wp\/v2\/types\/post"}],"author":[{"embeddable":true,"href":"http:\/\/argentinamunicipal.com.ar\/argentina\/wp-json\/wp\/v2\/users\/2"}],"replies":[{"embeddable":true,"href":"http:\/\/argentinamunicipal.com.ar\/argentina\/wp-json\/wp\/v2\/comments?post=24123"}],"version-history":[{"count":0,"href":"http:\/\/argentinamunicipal.com.ar\/argentina\/wp-json\/wp\/v2\/posts\/24123\/revisions"}],"wp:featuredmedia":[{"embeddable":true,"href":"http:\/\/argentinamunicipal.com.ar\/argentina\/wp-json\/wp\/v2\/media\/24124"}],"wp:attachment":[{"href":"http:\/\/argentinamunicipal.com.ar\/argentina\/wp-json\/wp\/v2\/media?parent=24123"}],"wp:term":[{"taxonomy":"category","embeddable":true,"href":"http:\/\/argentinamunicipal.com.ar\/argentina\/wp-json\/wp\/v2\/categories?post=24123"},{"taxonomy":"post_tag","embeddable":true,"href":"http:\/\/argentinamunicipal.com.ar\/argentina\/wp-json\/wp\/v2\/tags?post=24123"}],"curies":[{"name":"wp","href":"https:\/\/api.w.org\/{rel}","templated":true}]}}