{"id":24126,"date":"2015-02-06T09:00:38","date_gmt":"2015-02-06T12:00:38","guid":{"rendered":"http:\/\/argentinamunicipal.com.ar\/argentina\/?p=24126"},"modified":"2015-02-06T10:27:06","modified_gmt":"2015-02-06T13:27:06","slug":"expertos-legitimaron-el-debate-en-naciones-unidas-para-crear-un-nuevo-marco-de-quiebras-de-paises","status":"publish","type":"post","link":"http:\/\/argentinamunicipal.com.ar\/argentina\/expertos-legitimaron-el-debate-en-naciones-unidas-para-crear-un-nuevo-marco-de-quiebras-de-paises\/","title":{"rendered":"Expertos \u00ablegitimaron\u00bb el debate en Naciones Unidas para crear un nuevo marco de quiebras de pa\u00edses"},"content":{"rendered":"<p><a href=\"http:\/\/argentinamunicipal.com.ar\/argentina\/wp-content\/uploads\/2015\/02\/528524c7b5956_662x441.jpg\"><img loading=\"lazy\" decoding=\"async\" class=\"aligncenter size-full wp-image-24127\" src=\"http:\/\/argentinamunicipal.com.ar\/argentina\/wp-content\/uploads\/2015\/02\/528524c7b5956_662x441.jpg\" alt=\"528524c7b5956_662x441\" width=\"662\" height=\"441\" srcset=\"http:\/\/argentinamunicipal.com.ar\/argentina\/wp-content\/uploads\/2015\/02\/528524c7b5956_662x441.jpg 662w, http:\/\/argentinamunicipal.com.ar\/argentina\/wp-content\/uploads\/2015\/02\/528524c7b5956_662x441-300x200.jpg 300w\" sizes=\"auto, (max-width: 662px) 100vw, 662px\" \/><\/a><br \/>\nLa primera sesi\u00f3n formal de discusiones de Naciones Unidas que analiz\u00f3 la elaboraci\u00f3n de un marco regulatorio multilateral para reestructuraciones de deudas soberanas concluy\u00f3 con un acuerdo entre expertos de la comunidad internacional.<\/p>\n<p>En este primer encuentro de tres d\u00edas se logr\u00f3 \u201clegitimizar el debate\u201d sobre el tema y adem\u00e1s llegar a \u201cun acuerdo\u201d respecto a que \u201cel sistema basado puramente en los mercados no resuelve los problemas\u201d de la deuda externa de los pa\u00edses, explic\u00f3 a T\u00e9lam el economista e investigador argentino de la Universidad de Columbia, Mart\u00edn Guzm\u00e1n.<\/p>\n<p>Por el contrario, \u201clo que est\u00e1 haciendo es generar que las crisis sean m\u00e1s largas y m\u00e1s profundas\u201d, agreg\u00f3.<\/p>\n<p>Durante las reuniones llevadas adelante por el Comit\u00e9 ad hoc de la Asamblea General de ONU se dio por terminado con el debate sobre qu\u00e9 tipo de enfoque tomar, coincidiendo en que lo necesario es establecer un marco estatutario que ordene las reestructuraciones de deudas soberanas.<\/p>\n<p>\u201cSi se lleva a cabo este marco, si se sanciona, permitir\u00eda reestructuraciones m\u00e1s ordenadas para los pa\u00edses que formen parte del mismo y, en particular, sobre las deudas emitidas en aquellas jurisdicciones que adhieren al mecanismo\u201d, detall\u00f3 Guzm\u00e1n tras haber formado parte de uno de los paneles de expertos que tuvieron lugar en las jornadas.<\/p>\n<p>El investigador de Columbia comparti\u00f3 all\u00ed la propuesta dise\u00f1ada junto a su equipo de trabajo, la cual establece un \u201cmarco jur\u00eddico no vinculante\u201d (soft law, en su original en ingl\u00e9s) que permite \u201crestaurar la inmunidad soberana\u201d de los pa\u00edses, as\u00ed como permitir\u00eda alcanzar \u201cun proceso que legitima la forma en que se reestructuran las deudas\u201d.<\/p>\n<p>Este enfoque contar\u00eda con un proceso limitado en el tiempo y con espacio para la supervisi\u00f3n, mediaci\u00f3n y registro de deudas de una Comisi\u00f3n que no tomar\u00eda decisi\u00f3n pero emitir\u00eda declaraci\u00f3n.<\/p>\n<p>Sin embargo, para el debate se tom\u00f3 de base la propuesta presentada por Argentina que busca facilitar \u00abuna reestructuraci\u00f3n ordenada\u201d, \u201cel restablecimiento de viabilidad y crecimiento\u201d y que promueve la creaci\u00f3n de un Mecanismo de Reestructuraci\u00f3n de Deuda Soberana y de una Comisi\u00f3n de Supervisi\u00f3n conformada por tres Estados.<\/p>\n<p>Con vistas a la segunda etapa de reuniones que tendr\u00e1 lugar del 28 al 30 de abril en Nueva York, el pr\u00f3ximo paso deber\u00eda estar sentado ahora en el an\u00e1lisis sobre \u201clos detalles\u201d de ese documento, se\u00f1al\u00f3 Guzm\u00e1n.<\/p>\n<p>En este sentido, habr\u00e1 una tercera etapa formal, prevista para junio o julio pr\u00f3ximo, con fechas a\u00fan a convenir, antes de que queda plasmada la redacci\u00f3n del texto final.<\/p>\n<p>De seguir avanzando por ese camino y de ser confirmado el plan servir\u00eda entonces como \u201cuna gu\u00eda a los jueces, sobre cu\u00e1les son las pr\u00e1cticas razonables en temas de reestructuraci\u00f3n de deudas\u201d dado su aval brindado no s\u00f3lo por los pa\u00edses de Naciones Unidas que adhieran, sino por el arco acad\u00e9mico, privado y del tercer sector que integran el debate.<\/p>\n<p>\u201cLa presi\u00f3n internacional ser\u00eda mucho m\u00e1s fuerte porque ya habr\u00eda un marco reconocido internacionalmente del cual un juez decidir\u00eda desviarse\u201d, concluy\u00f3 el economista argentino.<\/p>\n<h6>Fuente: T\u00e9lam<\/h6>\n","protected":false},"excerpt":{"rendered":"<p>La primera sesi\u00f3n formal de discusiones de Naciones Unidas que analiz\u00f3 la elaboraci\u00f3n de un marco regulatorio multilateral para reestructuraciones de deudas soberanas concluy\u00f3 con un acuerdo entre expertos de la comunidad internacional. En este primer encuentro de tres d\u00edas se logr\u00f3 \u201clegitimizar el debate\u201d sobre el tema y adem\u00e1s llegar a \u201cun acuerdo\u201d respecto<\/p>\n","protected":false},"author":2,"featured_media":24127,"comment_status":"closed","ping_status":"closed","sticky":false,"template":"","format":"standard","meta":{"footnotes":""},"categories":[22],"tags":[57],"class_list":["post-24126","post","type-post","status-publish","format-standard","has-post-thumbnail","hentry","category-el-mundo","tag-el-mundo"],"_links":{"self":[{"href":"http:\/\/argentinamunicipal.com.ar\/argentina\/wp-json\/wp\/v2\/posts\/24126","targetHints":{"allow":["GET"]}}],"collection":[{"href":"http:\/\/argentinamunicipal.com.ar\/argentina\/wp-json\/wp\/v2\/posts"}],"about":[{"href":"http:\/\/argentinamunicipal.com.ar\/argentina\/wp-json\/wp\/v2\/types\/post"}],"author":[{"embeddable":true,"href":"http:\/\/argentinamunicipal.com.ar\/argentina\/wp-json\/wp\/v2\/users\/2"}],"replies":[{"embeddable":true,"href":"http:\/\/argentinamunicipal.com.ar\/argentina\/wp-json\/wp\/v2\/comments?post=24126"}],"version-history":[{"count":0,"href":"http:\/\/argentinamunicipal.com.ar\/argentina\/wp-json\/wp\/v2\/posts\/24126\/revisions"}],"wp:featuredmedia":[{"embeddable":true,"href":"http:\/\/argentinamunicipal.com.ar\/argentina\/wp-json\/wp\/v2\/media\/24127"}],"wp:attachment":[{"href":"http:\/\/argentinamunicipal.com.ar\/argentina\/wp-json\/wp\/v2\/media?parent=24126"}],"wp:term":[{"taxonomy":"category","embeddable":true,"href":"http:\/\/argentinamunicipal.com.ar\/argentina\/wp-json\/wp\/v2\/categories?post=24126"},{"taxonomy":"post_tag","embeddable":true,"href":"http:\/\/argentinamunicipal.com.ar\/argentina\/wp-json\/wp\/v2\/tags?post=24126"}],"curies":[{"name":"wp","href":"https:\/\/api.w.org\/{rel}","templated":true}]}}